{"id":30974,"date":"2025-12-08T16:20:48","date_gmt":"2025-12-08T13:20:48","guid":{"rendered":"https:\/\/akdenizhaber.com.tr\/?p=30974"},"modified":"2025-12-08T16:20:49","modified_gmt":"2025-12-08T13:20:49","slug":"prof-dr-omer-ozkan-tobb-fen-lisesi-ogrencileriyle-bir-araya-geldi","status":"publish","type":"post","link":"https:\/\/akdenizhaber.com.tr\/index.php\/2025\/12\/08\/prof-dr-omer-ozkan-tobb-fen-lisesi-ogrencileriyle-bir-araya-geldi\/","title":{"rendered":"Prof. Dr. \u00d6mer \u00d6zkan, TOBB Fen Lisesi \u00d6\u011frencileriyle Bir Araya Geldi"},"content":{"rendered":"\n<p>Akdeniz \u00dcniversitesi Prof. Dr. Tuncer Karpuzo\u011flu Organ Nakli ve \u0130leri Sa\u011fl\u0131k Ara\u015ft\u0131rmalar\u0131 Enstit\u00fcs\u00fc M\u00fcd\u00fcr\u00fc Prof. Dr. \u00d6mer \u00d6zkan, T\u00fcrkiye Odalar ve Borsalar Birli\u011fi Fen Lisesi\u2019nde \u00f6\u011frencilerle bir araya geldi.<\/p>\n\n\n\n<p>Akdeniz \u00dcniversitesi Prof. Dr. Tuncer Karpuzo\u011flu Organ Nakli ve \u0130leri Sa\u011fl\u0131k Ara\u015ft\u0131rmalar\u0131 Enstit\u00fcs\u00fc M\u00fcd\u00fcr\u00fc Prof. Dr. \u00d6mer \u00d6zkan, T\u00fcrkiye Odalar ve Borsalar Birli\u011fi Fen Lisesi\u2019nde \u00f6\u011frencilerle bir araya geldi. T\u00fcrkiye Odalar ve Borsalar Birli\u011fi Fen Lisesi Konferans Salonu\u2019nda d\u00fczenlenen s\u00f6yle\u015fiye Prof. Dr. Tuncer Karpuzo\u011flu Organ Nakli ve \u0130leri Sa\u011fl\u0131k Ara\u015ft\u0131rmalar\u0131 Enstit\u00fcs\u00fc M\u00fcd\u00fcr\u00fc Prof. Dr. \u00d6mer \u00d6zkan\u2019\u0131n yan\u0131 s\u0131ra T\u00fcrkiye Odalar ve Borsalar Birli\u011fi Fen Lisesi M\u00fcd\u00fcr\u00fc Mahmut Tayyar Yet\u00fck, m\u00fcd\u00fcr yard\u0131mc\u0131lar\u0131, \u00f6\u011fretmenler ve \u00f6\u011frenciler kat\u0131ld\u0131.<\/p>\n\n\n\n<p>MESLEK SE\u00c7ERKEN BU \u0130\u015e\u0130 YAPMAK \u0130STER M\u0130Y\u0130M? SORUSUNU SORUN<\/p>\n\n\n\n<p>\u00d6\u011frencilerle bir araya gelmekten duydu\u011fu mutlulu\u011fu dile getiren Prof. Dr. Tuncer Karpuzo\u011flu Organ Nakli ve \u0130leri Sa\u011fl\u0131k Ara\u015ft\u0131rmalar\u0131 Enstit\u00fcs\u00fc M\u00fcd\u00fcr\u00fc Prof. Dr. \u00d6mer \u00d6zkan, \u00f6\u011frencilerin kariyer kararlar\u0131n\u0131n \u00e7ok kritik bir a\u015famas\u0131nda olduklar\u0131n\u0131 vurgulad\u0131. \u00d6\u011frencilerin sadece y\u00fcksek puan al\u0131p imrenilen bir yere gitmesinin \u00f6nemli olmad\u0131\u011f\u0131n\u0131, as\u0131l meselenin yap\u0131lan i\u015fi severek ve isteyerek devam ettirmek oldu\u011funu belirten \u00d6zkan, herkesin hayran oldu\u011fu bir meslekte mutsuz olman\u0131n hi\u00e7bir anlam\u0131 ta\u015f\u0131mad\u0131\u011f\u0131n\u0131 s\u00f6yleyerek, \u00f6\u011frencilere tercihlerini yaparken &#8220;Bu i\u015fi yapmak ister miyim?&#8221; sorusunu sormalar\u0131n\u0131 tavsiye etti.<\/p>\n\n\n\n<p>TIP GENEL HEK\u0130ML\u0130KLE SINIRLI DE\u011e\u0130L<\/p>\n\n\n\n<p>T\u0131p alan\u0131n\u0131n art\u0131k eskisi gibi genel bir hekimlikle s\u0131n\u0131rl\u0131 olmad\u0131\u011f\u0131n\u0131, inan\u0131lmaz bir uzmanla\u015fma ve alt dallara ayr\u0131lma s\u00fcrecinden ge\u00e7ti\u011fini aktaran \u00d6zkan, kendisinin de ilgilendi\u011fi organ nakli, organ \u00fcretimi, genetik ve imm\u00fcnoloji gibi konulara dikkat \u00e7ekerek &#8220;Ortopediyi bile se\u00e7seniz eklemlerle, uzun kemiklerle, kapal\u0131 ameliyatlarla u\u011fra\u015facaks\u0131n\u0131z. G\u00f6z dedi\u011finiz k\u00fc\u00e7\u00fcc\u00fck bir yer, g\u00f6z\u00fcn \u00f6n\u00fcyle u\u011fra\u015fan doktorlar ayr\u0131 farkl\u0131, g\u00f6z\u00fcn arkas\u0131yla u\u011fra\u015fanlar farkl\u0131, g\u00f6z\u00fcn tansiyon ile u\u011fra\u015fan doktorlar farkl\u0131. Durum o kadar farkl\u0131la\u015fmaya ba\u015flad\u0131.&#8221; dedi.<\/p>\n\n\n\n<p>HASTAYLA \u0130LET\u0130\u015e\u0130M PS\u0130KOLOJ\u0130K Y\u00dcK\u00dc AZA \u0130ND\u0130R\u0130R<\/p>\n\n\n\n<p>\u00d6\u011frencilerin cerrahi operasyonlar sonucundaki psikolojik s\u00fcreci nas\u0131l y\u00f6nettikleri sorusuna yan\u0131t veren Prof. Dr. \u00d6zkan, bir cerrah\u0131n ya da hekimin direkt insanla ve onun psikolojisiyle u\u011fra\u015ft\u0131\u011f\u0131n\u0131 belirterek &#8220;Hastay\u0131 iyi bir \u015fekilde kar\u015f\u0131lamak durumunu anlad\u0131\u011f\u0131n\u0131 belirtebilmek yeterince vakit harcayabilmek bu s\u00fcre\u00e7 i\u00e7erisinde neler ile kar\u015f\u0131la\u015fabilece\u011fini anlatabilirseniz o empati i\u00e7erisinde hastay\u0131 az bu\u00e7uk faydal\u0131 oldu\u011funu hissederseniz siz. O olay\u0131n sonunda haz hissedersiniz, faydal\u0131 olman\u0131n size verdi\u011fi hazz\u0131 hissedersiniz.\u201d \u015feklinde konu\u015ftu. \u00d6zkan, t\u0131pta &#8220;komplikasyon&#8221; kavram\u0131n\u0131n varl\u0131\u011f\u0131n\u0131 hat\u0131rlatarak, her \u015feyin yolunda gitmeyebilece\u011fini, hastan\u0131n bilgilendirilmesinin (onam formu) etik ve kanuni bir sorumluluk oldu\u011funu s\u00f6yledi. \u00d6zkan, hastayla ileti\u015fimi iyi ayarlaman\u0131n psikolojik y\u00fck\u00fc en aza indirdi\u011fini kaydetti.<\/p>\n\n\n\n<p>YAPAY ZEKA \u0130NSANLARIN Y\u00dcKLED\u0130\u011e\u0130 B\u0130R KAVRAM<\/p>\n\n\n\n<p>Yapay zekan\u0131n t\u0131p sekt\u00f6r\u00fcn\u00fc ne zaman i\u015flevsiz hale getirece\u011fi sorusuna kar\u015f\u0131l\u0131k Prof. Dr. \u00d6mer \u00d6zkan, yapay zekan\u0131n insanlar\u0131n y\u00fckledi\u011fi bir kavram oldu\u011funu belirterek \u201cMutlaka etkisi \u00e7ok fazla olacak. Ama yapay zeka dedi\u011fimiz olay bir y\u00fckleme. Sonu\u00e7ta insanlar\u0131n y\u00fckledi\u011fi bir kavram. Yapay zeka organik zeka diye bir \u015fey yap\u0131yorum. Hani o sonu\u00e7ta yapay zekay\u0131 belirleyen sizin organik zek\u00e2lar\u0131n\u0131z beyinleriniz. \u015eimdi sizin belirledi\u011finiz \u015feyler kadar gidiyor. Yapay zeka, g\u00fcn\u00fcm\u00fczde 2 tane ana kavram var. Bir insanlar\u0131n y\u00fckledi\u011fi kadar olur. Sizin beyninizin o kadar kapasitesi var ki belli bir k\u0131sm\u0131n\u0131 kulland\u0131\u011f\u0131n\u0131z i\u00e7in bizim yapay zekaya \u015fu anda u\u011fra\u015fmam\u0131z gerekmiyor. Yapay zekaya y\u00fckledi\u011finizin tamam\u0131n\u0131 kullan\u0131rs\u0131n\u0131z. B\u00f6yle bir avantaj\u0131 var yapay zekan\u0131n ama g\u00fcn\u00fcm\u00fczde yapay zeka dedi\u011finiz kavram web\u2019e bak\u0131yor, Google&#8217;a bak\u0131yor bir yerlere bak\u0131yor, oradan toplad\u0131\u011f\u0131 bilgilerle gidiyor.\u201d ifadelerini kulland\u0131.<\/p>\n\n\n\n<p>CERRAH OLDUKTAN SONRA MESA\u0130 KAVRAMI YOK<\/p>\n\n\n\n<p>Doktor olmadan \u00f6nce ve sonraki \u00e7al\u0131\u015fma d\u00fczeni hakk\u0131ndaki soruya Prof. Dr. \u00d6zkan, cerrahl\u0131kta mesai kavram\u0131n\u0131n l\u00fcks oldu\u011funu belirterek \u201c\u00c7ok \u00e7al\u0131\u015f\u0131rd\u0131m. Doktor olduktan sonra da \u00e7ok \u00e7al\u0131\u015ft\u0131m ama mesela cerrah olduktan sonra zaten ayar\u0131 art\u0131k kendin yapm\u0131yorsun. E\u011fer ben 3 saatte ameliyat yapaca\u011f\u0131m hocam dersen ameliyat 5 saat s\u00fcrerse ne yapacaks\u0131n? Anlatabildim mi? Belki 10 saat s\u00fcrecek olan ameliyat\u0131 3 saatte bitireceksin. Mesai kavram\u0131 yok. O benim i\u00e7in \u00e7ok l\u00fcks bir \u015fey. \u00c7ok seviyorum.\u201d dedi. \u00d6zkan, gecenin ikisinde dahi zevkle i\u015fine gitti\u011fini, bu durumun kendisi i\u00e7in inan\u0131lmaz bir haz ve zevk oldu\u011funu ifade ederek &#8220;Sana ihtiya\u00e7 oldu\u011funda faydal\u0131 olaca\u011f\u0131n\u0131 hissettirdiysen ki \u00e7ok \u00f6nemli bir kavram, inan\u0131lmaz bir hazd\u0131r.&#8221; \u015feklinde konu\u015ftu.<\/p>\n\n\n\n<p>AKADEM\u0130K ORTAMDA S\u00dcREKL\u0130 ARA\u015eTIRMAN GEREK\u0130R<\/p>\n\n\n\n<p>Mesle\u011finize ba\u015flad\u0131\u011f\u0131n\u0131zdan beri teknoloji \u00e7ok geli\u015fti mi? Siz bunu nas\u0131l takip ediyorsunuz?&nbsp; sorusuna Prof. Dr. \u00d6zkan, \u201cDoktorlu\u011fun b\u00f6yle bir \u015feyi var arkada\u015flar maalesef m\u00fchendisli\u011finde bunlar stratejik mesleklerdir bence. S\u00fcrekli okuman\u0131z gerekiyor, takip etmeniz gerekiyor. Kongrelere kat\u0131lman\u0131z gerekiyor. Yay\u0131nlar yapman\u0131z gerekir akademik ortamda. Bir muayenehane de oldu\u011funuz zaman yay\u0131nlar\u0131 \u00e7ok takip etmezsiniz. Art\u0131k yaz\u0131 yazmak istemezsiniz. Ara\u015ft\u0131rma yapmak istemezsin ama bir akademik ortamda s\u00fcrekli ara\u015ft\u0131rman gerekir. S\u00fcrekli yeni tedaviler bulunacakt\u0131r arkada\u015flar.\u201d dedi. \u00d6zkan, mikro cerrahi alan\u0131ndaki devrimden bahsederek 1905 y\u0131l\u0131nda damarlar\u0131n birbirine dikilip kan akabilece\u011finin ke\u015ffedilmesiyle ba\u015flayan s\u00fcrecin, g\u00fcn\u00fcm\u00fczde 0.2 mm (200 mikron) ve hatta 50 mikronluk i\u011fnelerle diki\u015f at\u0131lan s\u00fcper mikro cerrahiye evrildi\u011fini anlatt\u0131.<\/p>\n\n\n\n<p>ORGAN NAKL\u0130 KONUSUNDA \u0130NANILMAZ \u0130LERDEY\u0130Z<\/p>\n\n\n\n<p>Beyin \u00f6l\u00fcm\u00fc kavram\u0131n\u0131 a\u00e7\u0131klayan \u00d6zkan, beyin \u00f6l\u00fcm\u00fcn\u00fcn ger\u00e7ekle\u015fti\u011fi hastalar\u0131n kadavra olarak nitelendirildi\u011fini ve bu ki\u015filerden organ nakli yap\u0131ld\u0131\u011f\u0131n\u0131 s\u00f6yledi. \u00d6zkan, \u201cOrgan nakli konusunda inan\u0131lmaz ilerdeyiz ama T\u00fcrkiye&#8217;de organ nakillerinin y\u00fczde sekseni canl\u0131dan yap\u0131l\u0131rken, \u0130spanya gibi \u00fclkelerde y\u00fczde sekseni beyin \u00f6l\u00fcm\u00fc ger\u00e7ekle\u015fmi\u015f kadavradan yap\u0131l\u0131yor. Biz de y\u00fczde yirmisi kadavradan yap\u0131l\u0131yor. Bu durum sa\u011fl\u0131kl\u0131 bir insanda risk alarak organ al\u0131nmas\u0131na yol a\u00e7\u0131yor. T\u00fcrkiye&#8217;de kadavradan organ ba\u011f\u0131\u015f\u0131 bilincinin hen\u00fcz yeterince geli\u015fmedi.\u201d dedi.<\/p>\n\n\n\n<p>ORGAN \u00dcRET\u0130M\u0130 \u0130LE \u0130LG\u0130L\u0130 \u00c7ALI\u015eMALAR<\/p>\n\n\n\n<p>Yapay organ \u00e7al\u0131\u015fmalar\u0131n\u0131n gelece\u011fi hakk\u0131ndaki soruyu cevaplayan Prof. Dr. \u00d6zkan, \u201cOrgan \u00fcretimi dedi\u011fimiz \u015fey rejeneratif t\u0131pt\u0131r. Rejeneratif t\u0131pta doku \u00fcretimi diye bir kavram var, doku \u00fcretildi, tabakalar \u00fcretildi. \u015eimdi bunu 3 boyutlu \u00fcretebilir miyiz diye bir kavram var, 3 boyutlu da \u00fcretilmeye ba\u015fland\u0131. Deri \u00fcretimleri var, mesane dokusunun b\u00f6brek dokusunun 2 boyutlu \u00fcretimi ger\u00e7ekle\u015ftirildi bir laboratuvarda. \u015eimdi bunun 3 boyutlusu olu\u015fturulmaya \u00e7al\u0131\u015f\u0131l\u0131yor. Bu olu\u015fturduktan sonra bunlar\u0131n i\u00e7ine damar sokabilir miyiz diye u\u011fra\u015f\u0131lacak, yap\u0131ld\u0131ktan sonra da \u00e7ok h\u0131zl\u0131 gidecek.\u201d dedi.<\/p>\n\n\n\n<p>Akdeniz \u00dcniversitesi Rekt\u00f6rl\u00fc\u011f\u00fc \/ B\u00fclten<\/p>\n","protected":false},"excerpt":{"rendered":"<p>Akdeniz \u00dcniversitesi Prof. Dr. Tuncer Karpuzo\u011flu Organ Nakli ve \u0130leri Sa\u011fl\u0131k Ara\u015ft\u0131rmalar\u0131 Enstit\u00fcs\u00fc M\u00fcd\u00fcr\u00fc Prof. Dr. \u00d6mer \u00d6zkan, T\u00fcrkiye Odalar ve Borsalar Birli\u011fi Fen Lisesi\u2019nde <a href=\"https:\/\/akdenizhaber.com.tr\/index.php\/2025\/12\/08\/prof-dr-omer-ozkan-tobb-fen-lisesi-ogrencileriyle-bir-araya-geldi\/\" class=\"read-more-link\">[more&#8230;]<\/a><\/p>\n","protected":false},"author":2,"featured_media":30975,"comment_status":"open","ping_status":"open","sticky":false,"template":"","format":"standard","meta":{"footnotes":""},"categories":[2],"tags":[],"class_list":["post-30974","post","type-post","status-publish","format-standard","has-post-thumbnail","hentry","category-gundem"],"_links":{"self":[{"href":"https:\/\/akdenizhaber.com.tr\/index.php\/wp-json\/wp\/v2\/posts\/30974","targetHints":{"allow":["GET"]}}],"collection":[{"href":"https:\/\/akdenizhaber.com.tr\/index.php\/wp-json\/wp\/v2\/posts"}],"about":[{"href":"https:\/\/akdenizhaber.com.tr\/index.php\/wp-json\/wp\/v2\/types\/post"}],"author":[{"embeddable":true,"href":"https:\/\/akdenizhaber.com.tr\/index.php\/wp-json\/wp\/v2\/users\/2"}],"replies":[{"embeddable":true,"href":"https:\/\/akdenizhaber.com.tr\/index.php\/wp-json\/wp\/v2\/comments?post=30974"}],"version-history":[{"count":1,"href":"https:\/\/akdenizhaber.com.tr\/index.php\/wp-json\/wp\/v2\/posts\/30974\/revisions"}],"predecessor-version":[{"id":30976,"href":"https:\/\/akdenizhaber.com.tr\/index.php\/wp-json\/wp\/v2\/posts\/30974\/revisions\/30976"}],"wp:featuredmedia":[{"embeddable":true,"href":"https:\/\/akdenizhaber.com.tr\/index.php\/wp-json\/wp\/v2\/media\/30975"}],"wp:attachment":[{"href":"https:\/\/akdenizhaber.com.tr\/index.php\/wp-json\/wp\/v2\/media?parent=30974"}],"wp:term":[{"taxonomy":"category","embeddable":true,"href":"https:\/\/akdenizhaber.com.tr\/index.php\/wp-json\/wp\/v2\/categories?post=30974"},{"taxonomy":"post_tag","embeddable":true,"href":"https:\/\/akdenizhaber.com.tr\/index.php\/wp-json\/wp\/v2\/tags?post=30974"}],"curies":[{"name":"wp","href":"https:\/\/api.w.org\/{rel}","templated":true}]}}