{"id":30966,"date":"2025-12-04T16:44:00","date_gmt":"2025-12-04T13:44:00","guid":{"rendered":"https:\/\/akdenizhaber.com.tr\/?p=30966"},"modified":"2025-12-04T16:44:00","modified_gmt":"2025-12-04T13:44:00","slug":"mehmet-dogan-secim-ofisi-acti-secim-ofisi-acilisi-miting-havasinda-gerceklesti","status":"publish","type":"post","link":"https:\/\/akdenizhaber.com.tr\/index.php\/2025\/12\/04\/mehmet-dogan-secim-ofisi-acti-secim-ofisi-acilisi-miting-havasinda-gerceklesti\/","title":{"rendered":"Mehmet Do\u011fan Se\u00e7im Ofisi A\u00e7t\u0131                                      Se\u00e7im Ofisi A\u00e7\u0131l\u0131\u015f\u0131 Miting Havas\u0131nda Ger\u00e7ekle\u015fti"},"content":{"rendered":"\n<p><\/p>\n\n\n\n<p>Manavgat Sabit ve Seyyar Pazarc\u0131lar Odas\u0131 Ba\u015fkan\u0131 Mehmet Do\u011fan, \u00f6n\u00fcm\u00fczdeki ay yap\u0131lacak olan se\u00e7imler i\u00e7in saha \u00e7al\u0131\u015fmalar\u0131n\u0131 s\u00fcrd\u00fcr\u00fcrken ge\u00e7ti\u011fimiz ak\u015fam Yayla mahallesinde miting havas\u0131nda yo\u011fun kat\u0131l\u0131mla se\u00e7im ofisini a\u00e7t\u0131.<\/p>\n\n\n\n<p>Pazarc\u0131 esnaf\u0131n\u0131n hakk\u0131n\u0131n \u00f6denmez oldu\u011funa dikkat \u00e7eken Mehmet Do\u011fan, sabah ezan\u0131 ile ba\u015flayan halka hizmet sevdas\u0131n\u0131n ak\u015fam\u0131n ge\u00e7 saatlerinde bitti\u011fini ifade ederek, t\u00fcm pazarc\u0131 esnaf\u0131n\u0131n halk\u0131na hizmet etmekten b\u00fcy\u00fck mutluluk duydu\u011funu s\u00f6yledi.<\/p>\n\n\n\n<p>Manavgat Sabit ve Seyyar Pazarc\u0131lar Odas\u0131 Ba\u015fkan\u0131 Mehmet Do\u011fan \u201cGe\u00e7ti\u011fimiz ak\u015fam a\u00e7\u0131l\u0131\u015f\u0131n\u0131 yapt\u0131\u011f\u0131m\u0131z se\u00e7im ofisimize yo\u011fun bir \u015fekilde kat\u0131l\u0131m g\u00f6steren t\u00fcm esnaflar\u0131m\u0131za, e\u015f, dost ve arkada\u015flar\u0131m\u0131za can\u0131 g\u00f6n\u00fclden te\u015fekk\u00fcr ederim. G\u00f6reve ilk geldi\u011fimizde s\u00f6z verdi\u011fimiz gibi girece\u011fimiz se\u00e7imlerde odam\u0131z\u0131n hi\u00e7bir imkan\u0131ndan yararlanmadan yolumuza devam edece\u011fiz. Foto\u011fraf karelerine s\u0131\u011fmayan kalabal\u0131k bizlere bir kez daha do\u011frunun ve esnaf\u0131n yan\u0131nda oldu\u011fumuzu g\u00f6sterdi. Allah\u0131n izniyle hizmetlerimize h\u0131z kesmeden devam edece\u011fiz. A\u00e7m\u0131\u015f oldu\u011fumuz se\u00e7im ofisimize t\u00fcm esnaflar\u0131m\u0131z\u0131, e\u015f, dost ve arkada\u015flar\u0131m\u0131z\u0131 \u00e7ay kahve i\u00e7meye, kar\u015f\u0131l\u0131kl\u0131 fikir al\u0131\u015fveri\u015finde bulunarak sohbet etmeye bekliyoruz\u201d dedi.<\/p>\n\n\n\n<p>B\u00fc\u015fra Deveci \/ Haber<\/p>\n","protected":false},"excerpt":{"rendered":"<p>Manavgat Sabit ve Seyyar Pazarc\u0131lar Odas\u0131 Ba\u015fkan\u0131 Mehmet Do\u011fan, \u00f6n\u00fcm\u00fczdeki ay yap\u0131lacak olan se\u00e7imler i\u00e7in saha \u00e7al\u0131\u015fmalar\u0131n\u0131 s\u00fcrd\u00fcr\u00fcrken ge\u00e7ti\u011fimiz ak\u015fam Yayla mahallesinde miting havas\u0131nda yo\u011fun <a href=\"https:\/\/akdenizhaber.com.tr\/index.php\/2025\/12\/04\/mehmet-dogan-secim-ofisi-acti-secim-ofisi-acilisi-miting-havasinda-gerceklesti\/\" class=\"read-more-link\">[more&#8230;]<\/a><\/p>\n","protected":false},"author":2,"featured_media":30967,"comment_status":"open","ping_status":"open","sticky":false,"template":"","format":"standard","meta":{"footnotes":""},"categories":[2],"tags":[],"class_list":["post-30966","post","type-post","status-publish","format-standard","has-post-thumbnail","hentry","category-gundem"],"_links":{"self":[{"href":"https:\/\/akdenizhaber.com.tr\/index.php\/wp-json\/wp\/v2\/posts\/30966","targetHints":{"allow":["GET"]}}],"collection":[{"href":"https:\/\/akdenizhaber.com.tr\/index.php\/wp-json\/wp\/v2\/posts"}],"about":[{"href":"https:\/\/akdenizhaber.com.tr\/index.php\/wp-json\/wp\/v2\/types\/post"}],"author":[{"embeddable":true,"href":"https:\/\/akdenizhaber.com.tr\/index.php\/wp-json\/wp\/v2\/users\/2"}],"replies":[{"embeddable":true,"href":"https:\/\/akdenizhaber.com.tr\/index.php\/wp-json\/wp\/v2\/comments?post=30966"}],"version-history":[{"count":1,"href":"https:\/\/akdenizhaber.com.tr\/index.php\/wp-json\/wp\/v2\/posts\/30966\/revisions"}],"predecessor-version":[{"id":30968,"href":"https:\/\/akdenizhaber.com.tr\/index.php\/wp-json\/wp\/v2\/posts\/30966\/revisions\/30968"}],"wp:featuredmedia":[{"embeddable":true,"href":"https:\/\/akdenizhaber.com.tr\/index.php\/wp-json\/wp\/v2\/media\/30967"}],"wp:attachment":[{"href":"https:\/\/akdenizhaber.com.tr\/index.php\/wp-json\/wp\/v2\/media?parent=30966"}],"wp:term":[{"taxonomy":"category","embeddable":true,"href":"https:\/\/akdenizhaber.com.tr\/index.php\/wp-json\/wp\/v2\/categories?post=30966"},{"taxonomy":"post_tag","embeddable":true,"href":"https:\/\/akdenizhaber.com.tr\/index.php\/wp-json\/wp\/v2\/tags?post=30966"}],"curies":[{"name":"wp","href":"https:\/\/api.w.org\/{rel}","templated":true}]}}