{"id":30963,"date":"2025-12-04T16:43:09","date_gmt":"2025-12-04T13:43:09","guid":{"rendered":"https:\/\/akdenizhaber.com.tr\/?p=30963"},"modified":"2025-12-04T16:43:09","modified_gmt":"2025-12-04T13:43:09","slug":"cicek-sehit-piyade-er-fikret-karamusaoglu-caddesindeki-calismalari-inceledi","status":"publish","type":"post","link":"https:\/\/akdenizhaber.com.tr\/index.php\/2025\/12\/04\/cicek-sehit-piyade-er-fikret-karamusaoglu-caddesindeki-calismalari-inceledi\/","title":{"rendered":"\u00c7i\u00e7ek, \u015eehit Piyade Er Fikret Karamusao\u011flu Caddesi\u2019ndeki \u00c7al\u0131\u015fmalar\u0131 \u0130nceledi"},"content":{"rendered":"\n<p>Manavgat Belediyesi, kent genelinde y\u00fcr\u00fctt\u00fc\u011f\u00fc ula\u015f\u0131m ve altyap\u0131 yat\u0131r\u0131mlar\u0131n\u0131 h\u0131z kesmeden s\u00fcrd\u00fcr\u00fcyor.<\/p>\n\n\n\n<p>Fen \u0130\u015fleri M\u00fcd\u00fcrl\u00fc\u011f\u00fc ekipleri, \u015eehit Piyade Er Fikret Karamusao\u011flu Caddesi\u2019nde y\u00fcr\u00fct\u00fclen d\u00fczenleme \u00e7al\u0131\u015fmalar\u0131nda s\u0131cak asfalt serimine ba\u015flad\u0131. Manavgat Belediye Ba\u015fkan Vekili Av. Mehmet \u00c7i\u00e7ek, s\u0131cak asfalt serimi yap\u0131lan caddeyi ziyaret ederek incelemelerde bulundu. Teknik ekiplerden \u00e7al\u0131\u015fmalar\u0131n ilerleyi\u015fi hakk\u0131nda detayl\u0131 bilgi alan \u00c7i\u00e7ek, tamamlanan altyap\u0131 ve \u00fcstyap\u0131 imalatlar\u0131n\u0131n yan\u0131 s\u0131ra asfalt serim s\u00fcrecinin de planland\u0131\u011f\u0131 \u015fekilde devam etti\u011fini belirtti.<\/p>\n\n\n\n<p>Fen \u0130\u015fleri M\u00fcd\u00fcrl\u00fc\u011f\u00fc taraf\u0131ndan y\u00fcr\u00fct\u00fclen proje kapsam\u0131nda, Remzi G\u00fcven Caddesi\u2019nin bitiminden \u00c7eltik\u00e7i Mahallesi giri\u015fine kadar uzanan 450 metrelik g\u00fczergahta yol geni\u015fli\u011fi 30 metre olarak d\u00fczenlenirken, 2&#215;2 b\u00f6l\u00fcnm\u00fc\u015f yol d\u00fczenlemesi, parke ve bord\u00fcr imalatlar\u0131, kald\u0131r\u0131m yenilemeleri, peyzaj uygulamalar\u0131 ve s\u0131cak asfalt serimi ger\u00e7ekle\u015ftiriliyor.<\/p>\n\n\n\n<p>\u0130nceleme s\u0131ras\u0131nda de\u011ferlendirmelerde bulunan Ba\u015fkan Vekili \u00c7i\u00e7ek, \u00e7al\u0131\u015fmalar\u0131n b\u00f6lge trafi\u011fine \u00f6nemli \u00f6l\u00e7\u00fcde nefes ald\u0131raca\u011f\u0131n\u0131 vurgulayarak \u015funlar\u0131 s\u00f6yledi:<\/p>\n\n\n\n<p>\u201c\u015eehit Piyade Er Fikret Karamusao\u011flu Caddesi\u2019nde s\u00fcrd\u00fcrd\u00fc\u011f\u00fcm\u00fcz kapsaml\u0131 yol d\u00fczenleme \u00e7al\u0131\u015fmalar\u0131nda art\u0131k sona yakla\u015f\u0131yoruz. S\u0131cak asfalt \u00e7al\u0131\u015fmalar\u0131n\u0131n ba\u015flamas\u0131yla birlikte proje \u00f6nemli bir a\u015famaya geldi. \u00c7al\u0131\u015fmalar tamamland\u0131\u011f\u0131nda b\u00f6lgede uzun s\u00fcredir ya\u015fanan trafik yo\u011funlu\u011fu b\u00fcy\u00fck \u00f6l\u00e7\u00fcde azalacak, vatanda\u015flar\u0131m\u0131z daha g\u00fcvenli ve konforlu bir ula\u015f\u0131m imkan\u0131na kavu\u015facak.\u201d<\/p>\n\n\n\n<p>Manavgat Belediyesi \/ B\u00fclten<\/p>\n","protected":false},"excerpt":{"rendered":"<p>Manavgat Belediyesi, kent genelinde y\u00fcr\u00fctt\u00fc\u011f\u00fc ula\u015f\u0131m ve altyap\u0131 yat\u0131r\u0131mlar\u0131n\u0131 h\u0131z kesmeden s\u00fcrd\u00fcr\u00fcyor. Fen \u0130\u015fleri M\u00fcd\u00fcrl\u00fc\u011f\u00fc ekipleri, \u015eehit Piyade Er Fikret Karamusao\u011flu Caddesi\u2019nde y\u00fcr\u00fct\u00fclen d\u00fczenleme \u00e7al\u0131\u015fmalar\u0131nda <a href=\"https:\/\/akdenizhaber.com.tr\/index.php\/2025\/12\/04\/cicek-sehit-piyade-er-fikret-karamusaoglu-caddesindeki-calismalari-inceledi\/\" class=\"read-more-link\">[more&#8230;]<\/a><\/p>\n","protected":false},"author":2,"featured_media":30964,"comment_status":"open","ping_status":"open","sticky":false,"template":"","format":"standard","meta":{"footnotes":""},"categories":[2],"tags":[],"class_list":["post-30963","post","type-post","status-publish","format-standard","has-post-thumbnail","hentry","category-gundem"],"_links":{"self":[{"href":"https:\/\/akdenizhaber.com.tr\/index.php\/wp-json\/wp\/v2\/posts\/30963","targetHints":{"allow":["GET"]}}],"collection":[{"href":"https:\/\/akdenizhaber.com.tr\/index.php\/wp-json\/wp\/v2\/posts"}],"about":[{"href":"https:\/\/akdenizhaber.com.tr\/index.php\/wp-json\/wp\/v2\/types\/post"}],"author":[{"embeddable":true,"href":"https:\/\/akdenizhaber.com.tr\/index.php\/wp-json\/wp\/v2\/users\/2"}],"replies":[{"embeddable":true,"href":"https:\/\/akdenizhaber.com.tr\/index.php\/wp-json\/wp\/v2\/comments?post=30963"}],"version-history":[{"count":1,"href":"https:\/\/akdenizhaber.com.tr\/index.php\/wp-json\/wp\/v2\/posts\/30963\/revisions"}],"predecessor-version":[{"id":30965,"href":"https:\/\/akdenizhaber.com.tr\/index.php\/wp-json\/wp\/v2\/posts\/30963\/revisions\/30965"}],"wp:featuredmedia":[{"embeddable":true,"href":"https:\/\/akdenizhaber.com.tr\/index.php\/wp-json\/wp\/v2\/media\/30964"}],"wp:attachment":[{"href":"https:\/\/akdenizhaber.com.tr\/index.php\/wp-json\/wp\/v2\/media?parent=30963"}],"wp:term":[{"taxonomy":"category","embeddable":true,"href":"https:\/\/akdenizhaber.com.tr\/index.php\/wp-json\/wp\/v2\/categories?post=30963"},{"taxonomy":"post_tag","embeddable":true,"href":"https:\/\/akdenizhaber.com.tr\/index.php\/wp-json\/wp\/v2\/tags?post=30963"}],"curies":[{"name":"wp","href":"https:\/\/api.w.org\/{rel}","templated":true}]}}