{"id":30960,"date":"2025-12-04T16:42:17","date_gmt":"2025-12-04T13:42:17","guid":{"rendered":"https:\/\/akdenizhaber.com.tr\/?p=30960"},"modified":"2025-12-04T16:42:18","modified_gmt":"2025-12-04T13:42:18","slug":"alanya-ve-manavgattan-turk-muzigi-ziyafeti-serif-icli-ve-yesari-asim-arsoy-eserleri-manavgatta-seslendirilecek","status":"publish","type":"post","link":"https:\/\/akdenizhaber.com.tr\/index.php\/2025\/12\/04\/alanya-ve-manavgattan-turk-muzigi-ziyafeti-serif-icli-ve-yesari-asim-arsoy-eserleri-manavgatta-seslendirilecek\/","title":{"rendered":"Alanya ve Manavgat\u2019tan T\u00fcrk M\u00fczi\u011fi Ziyafeti   \u015eerif \u0130\u00e7li ve Yesari As\u0131m Arsoy Eserleri Manavgat\u2019ta Seslendirilecek"},"content":{"rendered":"\n<p><\/p>\n\n\n\n<p>Atat\u00fcrk\u00e7\u00fc D\u00fc\u015f\u00fcnce Derne\u011fi Manavgat \u015eubesi ile Alanya\u2013Manavgat \u00c7a\u011fda\u015f Sesler Toplulu\u011fu, T\u00fcrk m\u00fczi\u011finin usta isimleri \u015eerif \u0130\u00e7li ve Yesari As\u0131m Arsoy\u2019un unutulmaz eserlerinin yer alaca\u011f\u0131 \u00f6zel bir konser d\u00fczenliyor.<\/p>\n\n\n\n<p>\u015eef \u015eehriban Kasapo\u011flu y\u00f6netimindeki Alanya ve Manavgat T\u00fcrk M\u00fczi\u011fi Topluluklar\u0131, 6 Aral\u0131k 2025 Cumartesi g\u00fcn\u00fc Manavgat Atat\u00fcrk K\u00fclt\u00fcr Merkezi\u2019nde sahne alacak. Saat 19.30\u2019da ba\u015flayacak konser, se\u00e7kin repertuvar\u0131 ve geni\u015f koro yap\u0131s\u0131yla m\u00fczikseverlere unutulmaz bir gece ya\u015fatmay\u0131 hedefliyor.<\/p>\n\n\n\n<p>Etkinlik sadece yeti\u015fkinler i\u00e7in planlan\u0131rken, 12 ya\u015f alt\u0131ndaki \u00e7ocuklar\u0131n salona getirilmeme\u00adsi rica edildi. Konserle ilgili detayl\u0131 bilgi i\u00e7in afi\u015fte yer alan ileti\u015fim numaralar\u0131ndan ula\u015f\u0131labiliyor.<\/p>\n\n\n\n<p>B\u00fc\u015fra Deveci \/Haber<\/p>\n","protected":false},"excerpt":{"rendered":"<p>Atat\u00fcrk\u00e7\u00fc D\u00fc\u015f\u00fcnce Derne\u011fi Manavgat \u015eubesi ile Alanya\u2013Manavgat \u00c7a\u011fda\u015f Sesler Toplulu\u011fu, T\u00fcrk m\u00fczi\u011finin usta isimleri \u015eerif \u0130\u00e7li ve Yesari As\u0131m Arsoy\u2019un unutulmaz eserlerinin yer alaca\u011f\u0131 \u00f6zel <a href=\"https:\/\/akdenizhaber.com.tr\/index.php\/2025\/12\/04\/alanya-ve-manavgattan-turk-muzigi-ziyafeti-serif-icli-ve-yesari-asim-arsoy-eserleri-manavgatta-seslendirilecek\/\" class=\"read-more-link\">[more&#8230;]<\/a><\/p>\n","protected":false},"author":2,"featured_media":30961,"comment_status":"open","ping_status":"open","sticky":false,"template":"","format":"standard","meta":{"footnotes":""},"categories":[2],"tags":[],"class_list":["post-30960","post","type-post","status-publish","format-standard","has-post-thumbnail","hentry","category-gundem"],"_links":{"self":[{"href":"https:\/\/akdenizhaber.com.tr\/index.php\/wp-json\/wp\/v2\/posts\/30960","targetHints":{"allow":["GET"]}}],"collection":[{"href":"https:\/\/akdenizhaber.com.tr\/index.php\/wp-json\/wp\/v2\/posts"}],"about":[{"href":"https:\/\/akdenizhaber.com.tr\/index.php\/wp-json\/wp\/v2\/types\/post"}],"author":[{"embeddable":true,"href":"https:\/\/akdenizhaber.com.tr\/index.php\/wp-json\/wp\/v2\/users\/2"}],"replies":[{"embeddable":true,"href":"https:\/\/akdenizhaber.com.tr\/index.php\/wp-json\/wp\/v2\/comments?post=30960"}],"version-history":[{"count":1,"href":"https:\/\/akdenizhaber.com.tr\/index.php\/wp-json\/wp\/v2\/posts\/30960\/revisions"}],"predecessor-version":[{"id":30962,"href":"https:\/\/akdenizhaber.com.tr\/index.php\/wp-json\/wp\/v2\/posts\/30960\/revisions\/30962"}],"wp:featuredmedia":[{"embeddable":true,"href":"https:\/\/akdenizhaber.com.tr\/index.php\/wp-json\/wp\/v2\/media\/30961"}],"wp:attachment":[{"href":"https:\/\/akdenizhaber.com.tr\/index.php\/wp-json\/wp\/v2\/media?parent=30960"}],"wp:term":[{"taxonomy":"category","embeddable":true,"href":"https:\/\/akdenizhaber.com.tr\/index.php\/wp-json\/wp\/v2\/categories?post=30960"},{"taxonomy":"post_tag","embeddable":true,"href":"https:\/\/akdenizhaber.com.tr\/index.php\/wp-json\/wp\/v2\/tags?post=30960"}],"curies":[{"name":"wp","href":"https:\/\/api.w.org\/{rel}","templated":true}]}}