{"id":30958,"date":"2025-12-04T16:41:33","date_gmt":"2025-12-04T13:41:33","guid":{"rendered":"https:\/\/akdenizhaber.com.tr\/?p=30958"},"modified":"2025-12-04T16:41:33","modified_gmt":"2025-12-04T13:41:33","slug":"gezip-gormek-guzel-sey","status":"publish","type":"post","link":"https:\/\/akdenizhaber.com.tr\/index.php\/2025\/12\/04\/gezip-gormek-guzel-sey\/","title":{"rendered":"GEZ\u0130P G\u00d6RMEK G\u00dcZEL \u015eEY!.."},"content":{"rendered":"\n<p>Tad\u0131 dama\u011f\u0131mda kalan Orta Karadeniz gezimizin d\u00f6n\u00fc\u015f yolunday\u0131z.<\/p>\n\n\n\n<p>Per\u015fembe\u2019nin yemye\u015fil, de\u011fi\u015fik a\u011fa\u00e7larla, bitkilerle kapl\u0131 tepelerini, vadilerini, sa\u011f tarafta sakin Karadeniz\u2019i, sol taraf\u0131nda ye\u015filliklerin en g\u00fczel tonlar\u0131n\u0131 alarak, g\u00f6zlerimi hanginize bakay\u0131m? diyece\u011fim harika g\u00f6r\u00fcnt\u00fcler e\u015fli\u011finde yol al\u0131yoruz..<\/p>\n\n\n\n<p>Kilometrelerce gidilen bu g\u00fczel yolu onu \u00e7evreleyen harika manzaray\u0131 g\u00f6r\u00fcnce kendimi b\u00fcy\u00fck bir otelin a\u00e7\u0131k b\u00fcfesindeki karn\u0131 a\u00e7l\u0131ktan zil \u00e7alan birisi yerine koydum..<\/p>\n\n\n\n<p>O vatan evlad\u0131n\u0131n yemeklere bak\u0131p ta ; sizin hanginizi yiyeyim?<\/p>\n\n\n\n<p>Demesi gibi; bu manzara kar\u015f\u0131s\u0131nda; sizin hanginize bakay\u0131m ben? Dedim..<\/p>\n\n\n\n<p>K\u0131sacas\u0131 buralar adeta g\u00fczel manzaralar\u0131n a\u00e7\u0131k b\u00fcfesi..se\u00e7 be\u011fen bak ,izle..<\/p>\n\n\n\n<p>Per\u015fembe\u2019nin \u00e7ok i\u015fleyen yolunu de\u011filde eskilerde ki Ordu yolu olan sahil yolunu tercih etti\u011fimiz i\u00e7in g\u00fczergah boyunca g\u00f6zler seyir bayram\u0131 yapt\u0131.<\/p>\n\n\n\n<p>Yason burnu sonras\u0131 medrese \u00f6n\u00fc,yal\u0131 k\u00f6y, Bolaman da Haznedaro\u011flu kona\u011f\u0131n\u0131 ziyaret ederek tarihin izlerini g\u00f6rme f\u0131rsat\u0131 buldum..<\/p>\n\n\n\n<p>Fatsa, \u00dcnye il\u00e7eleri ile birlikte Ordu\u2019yu geride b\u0131rakt\u0131k .<\/p>\n\n\n\n<p>Bu geride b\u0131rakmak \u00e7ok da kolay olmad\u0131,akl\u0131m hep yemye\u015fil ordu s\u0131n\u0131rlar\u0131nda kald\u0131..<\/p>\n\n\n\n<p>Terme, \u00c7ar\u015famba, Tekkek\u00f6y den sonra bir ba\u015fka g\u00fczel \u015fehir Samsuna u\u011frad\u0131k.<\/p>\n\n\n\n<p>K\u0131rk y\u0131l \u00f6nce ge\u00e7iyordum u\u011frad\u0131m ..der gibi bir gecelik k\u0131sa bir ziyarette bulundu\u011fum k\u00fc\u00e7\u00fck Samsun \u00e7ok b\u00fcy\u00fcm\u00fc\u015f..<\/p>\n\n\n\n<p>Karadeniz\u2019e ; sen yerinde kal diyerek yola koyulduk..<\/p>\n\n\n\n<p>Yol boyunca y\u00fczlerce tabela da yazan menemen reklamlar\u0131n\u0131 g\u00f6rerek,bence menemen yeme\u011finin ba\u015fkenti \u00c7akal\u0131n\u0131n i\u00e7inden ge\u00e7tik..<\/p>\n\n\n\n<p>\u00c7ok merak etmemize ra\u011fmen karn\u0131m\u0131z\u0131n tok olmas\u0131 sebebiyle bu reklam\u0131 \u00e7ok yap\u0131lan menemeni yiyemedik.<\/p>\n\n\n\n<p>Kavak, Havza\u2019y\u0131 geride b\u0131rakmam\u0131z Samsun s\u0131n\u0131rlar\u0131ndan \u00e7\u0131kmam\u0131z\u0131n bir g\u00f6stergesi idi.<\/p>\n\n\n\n<p>Merzifon\u2019dan sonra \u00c7orum\u2019a geldik, \u00c7orum\u2019a gelip de leblebi almamak olmazd\u0131..<\/p>\n\n\n\n<p>Sungurlu\u2019da geride kalmak \u00fczere..<\/p>\n\n\n\n<p>Yollar , hastaneler \u00e7ok g\u00fczel buralarda,sanki devlet t\u00fcm g\u00fcc\u00fcyle bu b\u00f6lgeye yat\u0131r\u0131m, hizmet yap\u0131yor,..Sungurlu da kale g\u00f6r\u00fcn\u00fcml\u00fc hapishane,h\u0131zl\u0131 tren g\u00fczergah\u0131n\u0131n yap\u0131m \u00e7al\u0131\u015fmalar\u0131n\u0131 g\u00f6rd\u00fcm..<\/p>\n\n\n\n<p>K\u0131r\u0131kkale\u2019ye giri\u015f de g\u00fcpeg\u00fcnd\u00fcz ortal\u0131k kirli bir havaya b\u00fcr\u00fcnd\u00fc,\u015fehir adeta g\u00f6r\u00fcnmez oldu..<\/p>\n\n\n\n<p>Ayn\u0131 sahneyi Konya\u2019da g\u00f6rm\u00fc\u015f , Antalya\u2019n\u0131n Manavgat\u2019\u0131n tertemiz havas\u0131n\u0131 soludu\u011fumuz i\u00e7in Allah\u2019a \u015f\u00fck\u00fcr etmi\u015ftim..<\/p>\n\n\n\n<p>K\u0131r\u0131kkale\u2019ye girince bu g\u00fczel Anadolu kentinin T\u00fcrk milletine y\u0131llard\u0131r MKE ismi ile, T\u00fcrk silahl\u0131 kuvvetlerine \u00fcretti\u011fi birbirinden de\u011ferli silahlar akl\u0131ma geldi..<\/p>\n\n\n\n<p>Sadece MKE de\u011fil, BOTA\u015e, Orta Anadolu rafinerisi ile T\u00fcrkiye ye can vermeye , de\u011fer katmaya devam ediyor K\u0131r\u0131kkale..<\/p>\n\n\n\n<p>Bakmay\u0131n siz \u015fimdilerde: bizden \u00f6nce hi\u00e7 bir \u015fey yoktu denilmesine,denilip de ge\u00e7mi\u015fin yok say\u0131lmas\u0131na; bu bo\u015f s\u00f6zlere en iyi cevap K\u0131r\u0131kkale de veriliyor,bu devasa yat\u0131r\u0131mlarla..<\/p>\n\n\n\n<p>Kal\u0131n sa\u011fl\u0131cakla..<\/p>\n","protected":false},"excerpt":{"rendered":"<p>Tad\u0131 dama\u011f\u0131mda kalan Orta Karadeniz gezimizin d\u00f6n\u00fc\u015f yolunday\u0131z. Per\u015fembe\u2019nin yemye\u015fil, de\u011fi\u015fik a\u011fa\u00e7larla, bitkilerle kapl\u0131 tepelerini, vadilerini, sa\u011f tarafta sakin Karadeniz\u2019i, sol taraf\u0131nda ye\u015filliklerin en g\u00fczel <a href=\"https:\/\/akdenizhaber.com.tr\/index.php\/2025\/12\/04\/gezip-gormek-guzel-sey\/\" class=\"read-more-link\">[more&#8230;]<\/a><\/p>\n","protected":false},"author":2,"featured_media":30521,"comment_status":"open","ping_status":"open","sticky":false,"template":"","format":"standard","meta":{"footnotes":""},"categories":[1,2],"tags":[],"class_list":["post-30958","post","type-post","status-publish","format-standard","has-post-thumbnail","hentry","category-blog","category-gundem"],"_links":{"self":[{"href":"https:\/\/akdenizhaber.com.tr\/index.php\/wp-json\/wp\/v2\/posts\/30958","targetHints":{"allow":["GET"]}}],"collection":[{"href":"https:\/\/akdenizhaber.com.tr\/index.php\/wp-json\/wp\/v2\/posts"}],"about":[{"href":"https:\/\/akdenizhaber.com.tr\/index.php\/wp-json\/wp\/v2\/types\/post"}],"author":[{"embeddable":true,"href":"https:\/\/akdenizhaber.com.tr\/index.php\/wp-json\/wp\/v2\/users\/2"}],"replies":[{"embeddable":true,"href":"https:\/\/akdenizhaber.com.tr\/index.php\/wp-json\/wp\/v2\/comments?post=30958"}],"version-history":[{"count":1,"href":"https:\/\/akdenizhaber.com.tr\/index.php\/wp-json\/wp\/v2\/posts\/30958\/revisions"}],"predecessor-version":[{"id":30959,"href":"https:\/\/akdenizhaber.com.tr\/index.php\/wp-json\/wp\/v2\/posts\/30958\/revisions\/30959"}],"wp:featuredmedia":[{"embeddable":true,"href":"https:\/\/akdenizhaber.com.tr\/index.php\/wp-json\/wp\/v2\/media\/30521"}],"wp:attachment":[{"href":"https:\/\/akdenizhaber.com.tr\/index.php\/wp-json\/wp\/v2\/media?parent=30958"}],"wp:term":[{"taxonomy":"category","embeddable":true,"href":"https:\/\/akdenizhaber.com.tr\/index.php\/wp-json\/wp\/v2\/categories?post=30958"},{"taxonomy":"post_tag","embeddable":true,"href":"https:\/\/akdenizhaber.com.tr\/index.php\/wp-json\/wp\/v2\/tags?post=30958"}],"curies":[{"name":"wp","href":"https:\/\/api.w.org\/{rel}","templated":true}]}}