{"id":30953,"date":"2025-12-04T16:40:35","date_gmt":"2025-12-04T13:40:35","guid":{"rendered":"https:\/\/akdenizhaber.com.tr\/?p=30953"},"modified":"2025-12-04T16:40:36","modified_gmt":"2025-12-04T13:40:36","slug":"hafta-sonu-horozlari-konuk-edecegiz","status":"publish","type":"post","link":"https:\/\/akdenizhaber.com.tr\/index.php\/2025\/12\/04\/hafta-sonu-horozlari-konuk-edecegiz\/","title":{"rendered":"HAFTA SONU HOROZLARI KONUK EDECE\u011e\u0130Z"},"content":{"rendered":"\n<p>T\u00fcrk futbolunun efsane tak\u0131mlar\u0131ndan Denizlispor bu hafta sonu Manavgat Belediyespor\u2019un konu\u011fu olacak.<\/p>\n\n\n\n<p>B\u00f6lgesel Amat\u00f6r Lig&#8217;de (BAL) haftan\u0131n en dikkat \u00e7eken m\u00fccadelesi olarak g\u00f6ze batan ma\u00e7a Manavgat Belediyespor mutlak 3 puan parolas\u0131 ile haz\u0131rl\u0131klar\u0131n\u0131 s\u00fcrd\u00fcr\u00fcyor.<\/p>\n\n\n\n<p>Manavgat Belediyespor, T\u00fcrk futbolunun &#8220;Horozlar\u0131&#8221;, k\u00f6kl\u00fc \u00e7\u0131nar\u0131 7 puanla 13 s\u0131radaki Denizlispor\u2019u konuk edecek.<\/p>\n\n\n\n<p>7 Aral\u0131k 2025 Pazar g\u00fcn\u00fc saat 14.00\u2019de Atat\u00fcrk stadyumunda yap\u0131lacak olan kar\u015f\u0131la\u015fma Manavgat Belediyespor i\u00e7in b\u00fcy\u00fck \u00f6nem arz ediyor.<\/p>\n\n\n\n<p>Gerek ligdeki konumu gerekse rakibin marka de\u011feri a\u00e7\u0131s\u0131ndan b\u00fcy\u00fck \u00f6nem ta\u015f\u0131yan bu kar\u015f\u0131la\u015fmada, Manavgat Atat\u00fcrk Stad\u0131&#8217;n\u0131n taraftarlarca doldurulmas\u0131 bekleniyor.<\/p>\n\n\n\n<p>7 grupta en zorlu hafta olarak g\u00f6ze batan Pazar g\u00fcn\u00fc kritik ma\u00e7lara sahne olacak Konya Ere\u011flispor deplasmanda 8 puanla 12 s\u0131rada yer alan Kulu spora konuk olacak.<\/p>\n\n\n\n<p>Lider Ak\u015fehirspor ise 14 puanla 3. S\u0131rada yer alan \u00c7ivril Spora konuk olacak, \u00e7ok \u00e7eki\u015fmeli ve heyecanl\u0131 ma\u00e7 grup i\u00e7in b\u00fcy\u00fck \u00f6nem ta\u015f\u0131yor.<\/p>\n\n\n\n<p>Ak\u015fehirspor 15 puanla grubun lideri olarak \u00e7\u0131kaca\u011f\u0131 \u00c7ivril deplasman\u0131nda puan arayacak, \u00c7ivril ise bir \u00fcst s\u0131raya t\u0131rmanmak i\u00e7in ma\u00e7tan galip ayr\u0131lma hedefinde, haftan\u0131n nas\u0131l bitece\u011fi taraftarlar aras\u0131nda merak konusu olarak g\u00fcndemdeki yerini koruyor.<\/p>\n\n\n\n<p>B\u00fc\u015fra Deveci \/ Haber<\/p>\n","protected":false},"excerpt":{"rendered":"<p>T\u00fcrk futbolunun efsane tak\u0131mlar\u0131ndan Denizlispor bu hafta sonu Manavgat Belediyespor\u2019un konu\u011fu olacak. B\u00f6lgesel Amat\u00f6r Lig&#8217;de (BAL) haftan\u0131n en dikkat \u00e7eken m\u00fccadelesi olarak g\u00f6ze batan ma\u00e7a <a href=\"https:\/\/akdenizhaber.com.tr\/index.php\/2025\/12\/04\/hafta-sonu-horozlari-konuk-edecegiz\/\" class=\"read-more-link\">[more&#8230;]<\/a><\/p>\n","protected":false},"author":2,"featured_media":30835,"comment_status":"open","ping_status":"open","sticky":false,"template":"","format":"standard","meta":{"footnotes":""},"categories":[2],"tags":[],"class_list":["post-30953","post","type-post","status-publish","format-standard","has-post-thumbnail","hentry","category-gundem"],"_links":{"self":[{"href":"https:\/\/akdenizhaber.com.tr\/index.php\/wp-json\/wp\/v2\/posts\/30953","targetHints":{"allow":["GET"]}}],"collection":[{"href":"https:\/\/akdenizhaber.com.tr\/index.php\/wp-json\/wp\/v2\/posts"}],"about":[{"href":"https:\/\/akdenizhaber.com.tr\/index.php\/wp-json\/wp\/v2\/types\/post"}],"author":[{"embeddable":true,"href":"https:\/\/akdenizhaber.com.tr\/index.php\/wp-json\/wp\/v2\/users\/2"}],"replies":[{"embeddable":true,"href":"https:\/\/akdenizhaber.com.tr\/index.php\/wp-json\/wp\/v2\/comments?post=30953"}],"version-history":[{"count":1,"href":"https:\/\/akdenizhaber.com.tr\/index.php\/wp-json\/wp\/v2\/posts\/30953\/revisions"}],"predecessor-version":[{"id":30954,"href":"https:\/\/akdenizhaber.com.tr\/index.php\/wp-json\/wp\/v2\/posts\/30953\/revisions\/30954"}],"wp:featuredmedia":[{"embeddable":true,"href":"https:\/\/akdenizhaber.com.tr\/index.php\/wp-json\/wp\/v2\/media\/30835"}],"wp:attachment":[{"href":"https:\/\/akdenizhaber.com.tr\/index.php\/wp-json\/wp\/v2\/media?parent=30953"}],"wp:term":[{"taxonomy":"category","embeddable":true,"href":"https:\/\/akdenizhaber.com.tr\/index.php\/wp-json\/wp\/v2\/categories?post=30953"},{"taxonomy":"post_tag","embeddable":true,"href":"https:\/\/akdenizhaber.com.tr\/index.php\/wp-json\/wp\/v2\/tags?post=30953"}],"curies":[{"name":"wp","href":"https:\/\/api.w.org\/{rel}","templated":true}]}}