{"id":30941,"date":"2025-12-04T16:38:19","date_gmt":"2025-12-04T13:38:19","guid":{"rendered":"https:\/\/akdenizhaber.com.tr\/?p=30941"},"modified":"2025-12-04T16:38:19","modified_gmt":"2025-12-04T13:38:19","slug":"cicek-kimseyi-geride-birakmayan-bir-manavgat-icin-calisiyoruz","status":"publish","type":"post","link":"https:\/\/akdenizhaber.com.tr\/index.php\/2025\/12\/04\/cicek-kimseyi-geride-birakmayan-bir-manavgat-icin-calisiyoruz\/","title":{"rendered":"\u00c7i\u00e7ek: \u201cKimseyi Geride B\u0131rakmayan Bir Manavgat \u0130\u00e7in \u00c7al\u0131\u015f\u0131yoruz\u201d"},"content":{"rendered":"\n<p>Manavgat\u2019ta 3 Aral\u0131k D\u00fcnya Engelliler G\u00fcn\u00fc kapsam\u0131nda \u00e7e\u015fitli fark\u0131ndal\u0131k etkinlikleri ve ziyaretler ger\u00e7ekle\u015ftirildi.<\/p>\n\n\n\n<p>Manavgat Belediye Ba\u015fkan Vekili Av. Mehmet \u00c7i\u00e7ek, Manavgat Kaymakam\u0131 Adil Karata\u015f ile birlikte \u0130brahim S\u00f6zen Gen\u00e7lik Merkezi\u2019nde d\u00fczenlenen fark\u0131ndal\u0131k program\u0131na kat\u0131larak \u00f6zel gereksinimli bireyler ve aileleriyle bir araya geldi. Etkinlikte \u00f6zel gereksinimli bireylerin haz\u0131rlad\u0131klar\u0131 g\u00f6steriler sahnelendi, g\u00fcn\u00fcn anlam ve \u00f6nemine ili\u015fkin konu\u015fmalar yap\u0131ld\u0131.<\/p>\n\n\n\n<p>Program\u0131n ard\u0131ndan Belediye Ba\u015fkan Vekili \u00c7i\u00e7ek; CHP Manavgat \u0130l\u00e7e Ba\u015fkan\u0131 Oykun Ba\u015far ve il\u00e7e y\u00f6netim kurulu \u00fcyeleriyle birlikte Manavgat Engelliler Derne\u011fi\u2019ni ve Manavgat Belediyesi Engelli ve \u00c7ocuk Aktivite Merkezi\u2019ni (E\u00c7AM) ziyaret etti.<\/p>\n\n\n\n<p>Belediye Ba\u015fkan Vekili Av. Mehmet \u00c7i\u00e7ek, y\u00fcr\u00fctt\u00fckleri \u00e7al\u0131\u015fmalar\u0131n kapsay\u0131c\u0131 bir kent anlay\u0131\u015f\u0131n\u0131n gere\u011fi oldu\u011funu belirterek, \u201cKimsenin geride kalmad\u0131\u011f\u0131, herkesin kendini ifade edebildi\u011fi, g\u00fc\u00e7l\u00fc ve kapsay\u0131c\u0131 bir Manavgat i\u00e7in m\u00fccadelemizi s\u00fcrd\u00fcr\u00fcyoruz.\u201d dedi.<\/p>\n\n\n\n<p>Manavgat Belediyesi \/ B\u00fclten<\/p>\n","protected":false},"excerpt":{"rendered":"<p>Manavgat\u2019ta 3 Aral\u0131k D\u00fcnya Engelliler G\u00fcn\u00fc kapsam\u0131nda \u00e7e\u015fitli fark\u0131ndal\u0131k etkinlikleri ve ziyaretler ger\u00e7ekle\u015ftirildi. Manavgat Belediye Ba\u015fkan Vekili Av. Mehmet \u00c7i\u00e7ek, Manavgat Kaymakam\u0131 Adil Karata\u015f ile <a href=\"https:\/\/akdenizhaber.com.tr\/index.php\/2025\/12\/04\/cicek-kimseyi-geride-birakmayan-bir-manavgat-icin-calisiyoruz\/\" class=\"read-more-link\">[more&#8230;]<\/a><\/p>\n","protected":false},"author":2,"featured_media":30942,"comment_status":"open","ping_status":"open","sticky":false,"template":"","format":"standard","meta":{"footnotes":""},"categories":[2],"tags":[],"class_list":["post-30941","post","type-post","status-publish","format-standard","has-post-thumbnail","hentry","category-gundem"],"_links":{"self":[{"href":"https:\/\/akdenizhaber.com.tr\/index.php\/wp-json\/wp\/v2\/posts\/30941","targetHints":{"allow":["GET"]}}],"collection":[{"href":"https:\/\/akdenizhaber.com.tr\/index.php\/wp-json\/wp\/v2\/posts"}],"about":[{"href":"https:\/\/akdenizhaber.com.tr\/index.php\/wp-json\/wp\/v2\/types\/post"}],"author":[{"embeddable":true,"href":"https:\/\/akdenizhaber.com.tr\/index.php\/wp-json\/wp\/v2\/users\/2"}],"replies":[{"embeddable":true,"href":"https:\/\/akdenizhaber.com.tr\/index.php\/wp-json\/wp\/v2\/comments?post=30941"}],"version-history":[{"count":1,"href":"https:\/\/akdenizhaber.com.tr\/index.php\/wp-json\/wp\/v2\/posts\/30941\/revisions"}],"predecessor-version":[{"id":30943,"href":"https:\/\/akdenizhaber.com.tr\/index.php\/wp-json\/wp\/v2\/posts\/30941\/revisions\/30943"}],"wp:featuredmedia":[{"embeddable":true,"href":"https:\/\/akdenizhaber.com.tr\/index.php\/wp-json\/wp\/v2\/media\/30942"}],"wp:attachment":[{"href":"https:\/\/akdenizhaber.com.tr\/index.php\/wp-json\/wp\/v2\/media?parent=30941"}],"wp:term":[{"taxonomy":"category","embeddable":true,"href":"https:\/\/akdenizhaber.com.tr\/index.php\/wp-json\/wp\/v2\/categories?post=30941"},{"taxonomy":"post_tag","embeddable":true,"href":"https:\/\/akdenizhaber.com.tr\/index.php\/wp-json\/wp\/v2\/tags?post=30941"}],"curies":[{"name":"wp","href":"https:\/\/api.w.org\/{rel}","templated":true}]}}