{"id":30938,"date":"2025-12-04T16:37:48","date_gmt":"2025-12-04T13:37:48","guid":{"rendered":"https:\/\/akdenizhaber.com.tr\/?p=30938"},"modified":"2025-12-04T16:37:48","modified_gmt":"2025-12-04T13:37:48","slug":"manavgat-belediyesinden-3-aralika-ozel-engelsiz-program","status":"publish","type":"post","link":"https:\/\/akdenizhaber.com.tr\/index.php\/2025\/12\/04\/manavgat-belediyesinden-3-aralika-ozel-engelsiz-program\/","title":{"rendered":"Manavgat Belediyesi\u2019nden 3 Aral\u0131k\u2019a \u00d6zel Engelsiz Program"},"content":{"rendered":"\n<p>Manavgat\u2019ta 3 Aral\u0131k D\u00fcnya Engelliler G\u00fcn\u00fc dolay\u0131s\u0131yla d\u00fczenlenen dayan\u0131\u015fma program\u0131nda, \u00f6zel gereksinimli bireyler ve aileleri bir araya geldi. Manavgat Belediyesi\u2019nin ev sahipli\u011finde \u00f6zel bir etkinlik salonunda ger\u00e7ekle\u015ftirilen etkinli\u011fe, Manavgat Belediye Ba\u015fkan Vekili Av. Mehmet \u00c7i\u00e7ek, Manavgat Engelliler Derne\u011fi \u00fcyeleri, Manavgat Belediyesi Engelli ve \u00c7ocuk Aktivite Merkezi (E\u00c7AM) \u00f6\u011frencileri ile Meliha Ercan Engelsiz Ya\u015fam Merkezi \u00f6\u011frencileri kat\u0131ld\u0131.<\/p>\n\n\n\n<p>Program, \u00f6zel gereksinimli bireyler ve aileleri i\u00e7in d\u00fczenlenen ak\u015fam yeme\u011fi ile ba\u015flad\u0131. Kat\u0131l\u0131mc\u0131lar, s\u0131cak bir dayan\u0131\u015fma ortam\u0131nda bir araya gelirken, Belediye Ba\u015fkan Vekili \u00c7i\u00e7ek masalar\u0131 gezerek \u00f6\u011frenciler ve aileleriyle sohbet etti.<\/p>\n\n\n\n<p>Yemek b\u00f6l\u00fcm\u00fcn\u00fcn ard\u0131ndan sihirbazl\u0131k g\u00f6sterileri, \u00f6\u011frenciler taraf\u0131ndan ilgiyle izlendi. Etkinlik boyunca \u00e7ocuklar ve gen\u00e7ler i\u00e7in y\u00fcz boyama at\u00f6lyesi gibi e\u011flenceli aktiviteler de ger\u00e7ekle\u015ftirildi. Gecenin sonunda, \u00f6zel gereksinimli bireyler, aileler ve Ba\u015fkan Vekili \u00c7i\u00e7ek, D\u00fcnya Engelliler G\u00fcn\u00fc\u2019n\u00fc temsilen pasta kesti.<\/p>\n\n\n\n<p>Etkinlikte k\u0131sa bir konu\u015fma yapan Manavgat Belediye Ba\u015fkan Vekili Av. Mehmet \u00c7i\u00e7ek, engelli bireylerin sosyal ya\u015fama kat\u0131l\u0131m\u0131n\u0131 g\u00fc\u00e7lendirmek i\u00e7in belediyenin \u00e7al\u0131\u015fmalar\u0131n\u0131 s\u00fcrd\u00fcrd\u00fc\u011f\u00fcn\u00fc belirterek, \u201cBir arada olmak, dayan\u0131\u015fmay\u0131 b\u00fcy\u00fctmek ve sevgiyle engelleri a\u015fabilece\u011fimizi g\u00f6stermek bizler i\u00e7in \u00e7ok de\u011ferli. Kimsenin geride kalmad\u0131\u011f\u0131 bir Manavgat i\u00e7in \u00e7al\u0131\u015fmaya devam edece\u011fiz.\u201d ifadelerini kulland\u0131.<\/p>\n\n\n\n<p>Manavgat Belediyesi \/ B\u00fclten<\/p>\n","protected":false},"excerpt":{"rendered":"<p>Manavgat\u2019ta 3 Aral\u0131k D\u00fcnya Engelliler G\u00fcn\u00fc dolay\u0131s\u0131yla d\u00fczenlenen dayan\u0131\u015fma program\u0131nda, \u00f6zel gereksinimli bireyler ve aileleri bir araya geldi. Manavgat Belediyesi\u2019nin ev sahipli\u011finde \u00f6zel bir etkinlik <a href=\"https:\/\/akdenizhaber.com.tr\/index.php\/2025\/12\/04\/manavgat-belediyesinden-3-aralika-ozel-engelsiz-program\/\" class=\"read-more-link\">[more&#8230;]<\/a><\/p>\n","protected":false},"author":2,"featured_media":30939,"comment_status":"open","ping_status":"open","sticky":false,"template":"","format":"standard","meta":{"footnotes":""},"categories":[2],"tags":[],"class_list":["post-30938","post","type-post","status-publish","format-standard","has-post-thumbnail","hentry","category-gundem"],"_links":{"self":[{"href":"https:\/\/akdenizhaber.com.tr\/index.php\/wp-json\/wp\/v2\/posts\/30938","targetHints":{"allow":["GET"]}}],"collection":[{"href":"https:\/\/akdenizhaber.com.tr\/index.php\/wp-json\/wp\/v2\/posts"}],"about":[{"href":"https:\/\/akdenizhaber.com.tr\/index.php\/wp-json\/wp\/v2\/types\/post"}],"author":[{"embeddable":true,"href":"https:\/\/akdenizhaber.com.tr\/index.php\/wp-json\/wp\/v2\/users\/2"}],"replies":[{"embeddable":true,"href":"https:\/\/akdenizhaber.com.tr\/index.php\/wp-json\/wp\/v2\/comments?post=30938"}],"version-history":[{"count":1,"href":"https:\/\/akdenizhaber.com.tr\/index.php\/wp-json\/wp\/v2\/posts\/30938\/revisions"}],"predecessor-version":[{"id":30940,"href":"https:\/\/akdenizhaber.com.tr\/index.php\/wp-json\/wp\/v2\/posts\/30938\/revisions\/30940"}],"wp:featuredmedia":[{"embeddable":true,"href":"https:\/\/akdenizhaber.com.tr\/index.php\/wp-json\/wp\/v2\/media\/30939"}],"wp:attachment":[{"href":"https:\/\/akdenizhaber.com.tr\/index.php\/wp-json\/wp\/v2\/media?parent=30938"}],"wp:term":[{"taxonomy":"category","embeddable":true,"href":"https:\/\/akdenizhaber.com.tr\/index.php\/wp-json\/wp\/v2\/categories?post=30938"},{"taxonomy":"post_tag","embeddable":true,"href":"https:\/\/akdenizhaber.com.tr\/index.php\/wp-json\/wp\/v2\/tags?post=30938"}],"curies":[{"name":"wp","href":"https:\/\/api.w.org\/{rel}","templated":true}]}}