{"id":30925,"date":"2025-12-01T16:22:08","date_gmt":"2025-12-01T13:22:08","guid":{"rendered":"https:\/\/akdenizhaber.com.tr\/?p=30925"},"modified":"2025-12-01T16:22:09","modified_gmt":"2025-12-01T13:22:09","slug":"manavgat-pazarcilar-odasi-baskani-mehmet-dogan-hizmet-icin-geldik-hizmete-devam-edecegiz","status":"publish","type":"post","link":"https:\/\/akdenizhaber.com.tr\/index.php\/2025\/12\/01\/manavgat-pazarcilar-odasi-baskani-mehmet-dogan-hizmet-icin-geldik-hizmete-devam-edecegiz\/","title":{"rendered":"Manavgat Pazarc\u0131lar Odas\u0131 Ba\u015fkan\u0131 Mehmet Do\u011fan \u201cHizmet \u0130\u00e7in Geldik, Hizmete Devam Edece\u011fiz\u201d"},"content":{"rendered":"\n<p><\/p>\n\n\n\n<p>Manavgat Sabit ve Seyyar Pazarc\u0131lar Odas\u0131 Ba\u015fkan\u0131 ve \u00f6n\u00fcm\u00fczdeki se\u00e7imlerde yeniden aday olan Mehmet Do\u011fan, Ocak ay\u0131nda yap\u0131lacak olan genel kurulda kendilerine pazarc\u0131 esnaf\u0131 taraf\u0131ndan g\u00f6rev verildi\u011fi takdirde yar\u0131m kalan projelerin yan\u0131 s\u0131ra yeni projeleri ile gece \u2013 g\u00fcnd\u00fcz pazarc\u0131 esnaf\u0131n\u0131n daha rahat, huzurlu ve bereketli g\u00fcnler ge\u00e7irmesine katk\u0131 sa\u011flayacaklar\u0131n\u0131 s\u00f6yledi.<\/p>\n\n\n\n<p>Manavgat Sabit ve Seyyar Pazarc\u0131lar Odas\u0131 Ba\u015fkan\u0131 Mehmet Do\u011fan, ge\u00e7ti\u011fimiz se\u00e7im \u00f6ncesi pazarc\u0131 esnaf\u0131na \u201cHizmet i\u00e7in Gelece\u011fimiz Do\u011frudur\u201d slogan\u0131 ile verdikleri s\u00f6zleri bug\u00fcne dek teker teker yerine getirdiklerini, s\u00f6zler aras\u0131nda yapamad\u0131klar\u0131n\u0131n baz\u0131lar\u0131nda ise b\u00fcrokratik engellere tak\u0131ld\u0131klar\u0131n\u0131 ifade ederek, \u00f6n\u00fcm\u00fczdeki d\u00f6nemde yeniden pazarc\u0131 esnaf\u0131ndan g\u00fcven oyu ald\u0131klar\u0131 takdirde bu sorunlar\u0131ndan \u00fcstesinden geleceklerini belirtti.<\/p>\n\n\n\n<p>Ocak 2026 ay\u0131 i\u00e7erisinde yap\u0131lacak ola\u011fan genel kurulunda yeniden greve talip olan Mehmet Do\u011fan ve ekibi se\u00e7im \u00e7al\u0131\u015fmalar\u0131n\u0131 semt pazarlar\u0131n\u0131 gezerek aral\u0131ks\u0131z s\u00fcrd\u00fcr\u00fcyor.<\/p>\n\n\n\n<p>Ziyaretlerde yapt\u0131\u011f\u0131 a\u00e7\u0131klamalarda Mehmet Do\u011fan \u201cBug\u00fcne dek y\u00f6netimimizle birlikte ba\u015far\u0131l\u0131 bir y\u00f6netim bi\u00e7imi yaratt\u0131k, her \u00fcyemizin bizim i\u00e7in ayr\u0131 de\u011fer oldu\u011funu t\u00fcm \u00fcyelerimiz biliyor. Se\u00e7im gezilerimizde pazarc\u0131 esnaf\u0131m\u0131z\u0131n bize yakla\u015f\u0131m\u0131 ve te\u015fekk\u00fcr ediyor olmas\u0131n\u0131n alt\u0131nda ba\u015far\u0131l\u0131 i\u015flere imza atm\u0131\u015f olmam\u0131z yat\u0131yor. Bizler gen\u00e7 ve dinamik bir ekibiz bu yolda ayn\u0131 \u015fevk ve heyecanla yolumuza devam edece\u011fiz. T\u00fcm pazarc\u0131 esnaf\u0131m\u0131zdan destek bekliyor. T\u00fcm \u00fcyelerimize hay\u0131rl\u0131 i\u015fler ve bol kazan\u00e7lar diliyoruz\u201d diyerek s\u00f6zlerini tamamlad\u0131.<\/p>\n\n\n\n<p>B\u00fc\u015fra Deveci \/ Haber<\/p>\n","protected":false},"excerpt":{"rendered":"<p>Manavgat Sabit ve Seyyar Pazarc\u0131lar Odas\u0131 Ba\u015fkan\u0131 ve \u00f6n\u00fcm\u00fczdeki se\u00e7imlerde yeniden aday olan Mehmet Do\u011fan, Ocak ay\u0131nda yap\u0131lacak olan genel kurulda kendilerine pazarc\u0131 esnaf\u0131 taraf\u0131ndan <a href=\"https:\/\/akdenizhaber.com.tr\/index.php\/2025\/12\/01\/manavgat-pazarcilar-odasi-baskani-mehmet-dogan-hizmet-icin-geldik-hizmete-devam-edecegiz\/\" class=\"read-more-link\">[more&#8230;]<\/a><\/p>\n","protected":false},"author":2,"featured_media":30926,"comment_status":"open","ping_status":"open","sticky":false,"template":"","format":"standard","meta":{"footnotes":""},"categories":[2],"tags":[],"class_list":["post-30925","post","type-post","status-publish","format-standard","has-post-thumbnail","hentry","category-gundem"],"_links":{"self":[{"href":"https:\/\/akdenizhaber.com.tr\/index.php\/wp-json\/wp\/v2\/posts\/30925","targetHints":{"allow":["GET"]}}],"collection":[{"href":"https:\/\/akdenizhaber.com.tr\/index.php\/wp-json\/wp\/v2\/posts"}],"about":[{"href":"https:\/\/akdenizhaber.com.tr\/index.php\/wp-json\/wp\/v2\/types\/post"}],"author":[{"embeddable":true,"href":"https:\/\/akdenizhaber.com.tr\/index.php\/wp-json\/wp\/v2\/users\/2"}],"replies":[{"embeddable":true,"href":"https:\/\/akdenizhaber.com.tr\/index.php\/wp-json\/wp\/v2\/comments?post=30925"}],"version-history":[{"count":1,"href":"https:\/\/akdenizhaber.com.tr\/index.php\/wp-json\/wp\/v2\/posts\/30925\/revisions"}],"predecessor-version":[{"id":30927,"href":"https:\/\/akdenizhaber.com.tr\/index.php\/wp-json\/wp\/v2\/posts\/30925\/revisions\/30927"}],"wp:featuredmedia":[{"embeddable":true,"href":"https:\/\/akdenizhaber.com.tr\/index.php\/wp-json\/wp\/v2\/media\/30926"}],"wp:attachment":[{"href":"https:\/\/akdenizhaber.com.tr\/index.php\/wp-json\/wp\/v2\/media?parent=30925"}],"wp:term":[{"taxonomy":"category","embeddable":true,"href":"https:\/\/akdenizhaber.com.tr\/index.php\/wp-json\/wp\/v2\/categories?post=30925"},{"taxonomy":"post_tag","embeddable":true,"href":"https:\/\/akdenizhaber.com.tr\/index.php\/wp-json\/wp\/v2\/tags?post=30925"}],"curies":[{"name":"wp","href":"https:\/\/api.w.org\/{rel}","templated":true}]}}