{"id":30922,"date":"2025-12-01T16:21:27","date_gmt":"2025-12-01T13:21:27","guid":{"rendered":"https:\/\/akdenizhaber.com.tr\/?p=30922"},"modified":"2025-12-01T16:21:27","modified_gmt":"2025-12-01T13:21:27","slug":"aliye-cosar-yuksek-disiplin-kuruluna-secildi","status":"publish","type":"post","link":"https:\/\/akdenizhaber.com.tr\/index.php\/2025\/12\/01\/aliye-cosar-yuksek-disiplin-kuruluna-secildi\/","title":{"rendered":"Aliye Co\u015far Y\u00fcksek Disiplin Kuruluna Se\u00e7ildi"},"content":{"rendered":"\n<p>CHP Antalya milletvekili Aliye CHP\u2019nin 39.ncu ola\u011fan kurultay\u0131nda Y\u00fcksek disiplin kurulu \u00fcyeli\u011fine se\u00e7ildi.<\/p>\n\n\n\n<p>Ald\u0131\u011f\u0131 y\u00fcksek oyla dikkat \u00e7eken Aliye Co\u015far\u2019\u0131n Y\u00fcksek disiplin kurulu \u00fcyeli\u011fine se\u00e7ilmesi Antalya ve il\u00e7emizde sevin\u00e7le kar\u015f\u0131land\u0131.<\/p>\n\n\n\n<p>Milletvekilli\u011fi se\u00e7ilmeden \u00f6nce CHP Manavgat il\u00e7e ba\u015fkanl\u0131\u011f\u0131 g\u00f6revini ba\u015far\u0131yla y\u00fcr\u00fcten Aliye Co\u015far, iktidar \u00f6ncesi son kurultayda Y\u00fcksek Disiplin kurulu \u00fcyeli\u011fine lay\u0131k g\u00f6ren ve kendisine oy veren t\u00fcm partililere te\u015fekk\u00fcr ederek, bundan sonraki \u00e7al\u0131\u015fmalar\u0131ndaki tek hedeflerinin CHP\u2019nin iktidar olmas\u0131 i\u00e7in \u00e7aba sarf edeceklerini s\u00f6yledi.<\/p>\n\n\n\n<p>CHP 39\u2019uncu Ola\u011fan Kurultay\u0131\u2019n\u0131n son g\u00fcn\u00fcnde ger\u00e7ekle\u015ftirilen se\u00e7imler sonucunda CHP Antalya Milletvekili Cavit Ar\u0131 ve CHP Muratpa\u015fa Belediye Meclis \u00dcyesi \u00d6nder Kurnaz Parti meclis \u00fcyeli\u011fine se\u00e7ilirken CHP Antalya Milletvekili Aliye Co\u015far ise Y\u00fcksek Disiplin Kurulu \u00fcyesi oldu.<\/p>\n\n\n\n<p>B\u00fc\u015fra Deveci \/ Haber<\/p>\n","protected":false},"excerpt":{"rendered":"<p>CHP Antalya milletvekili Aliye CHP\u2019nin 39.ncu ola\u011fan kurultay\u0131nda Y\u00fcksek disiplin kurulu \u00fcyeli\u011fine se\u00e7ildi. Ald\u0131\u011f\u0131 y\u00fcksek oyla dikkat \u00e7eken Aliye Co\u015far\u2019\u0131n Y\u00fcksek disiplin kurulu \u00fcyeli\u011fine se\u00e7ilmesi <a href=\"https:\/\/akdenizhaber.com.tr\/index.php\/2025\/12\/01\/aliye-cosar-yuksek-disiplin-kuruluna-secildi\/\" class=\"read-more-link\">[more&#8230;]<\/a><\/p>\n","protected":false},"author":2,"featured_media":30923,"comment_status":"open","ping_status":"open","sticky":false,"template":"","format":"standard","meta":{"footnotes":""},"categories":[2],"tags":[],"class_list":["post-30922","post","type-post","status-publish","format-standard","has-post-thumbnail","hentry","category-gundem"],"_links":{"self":[{"href":"https:\/\/akdenizhaber.com.tr\/index.php\/wp-json\/wp\/v2\/posts\/30922","targetHints":{"allow":["GET"]}}],"collection":[{"href":"https:\/\/akdenizhaber.com.tr\/index.php\/wp-json\/wp\/v2\/posts"}],"about":[{"href":"https:\/\/akdenizhaber.com.tr\/index.php\/wp-json\/wp\/v2\/types\/post"}],"author":[{"embeddable":true,"href":"https:\/\/akdenizhaber.com.tr\/index.php\/wp-json\/wp\/v2\/users\/2"}],"replies":[{"embeddable":true,"href":"https:\/\/akdenizhaber.com.tr\/index.php\/wp-json\/wp\/v2\/comments?post=30922"}],"version-history":[{"count":1,"href":"https:\/\/akdenizhaber.com.tr\/index.php\/wp-json\/wp\/v2\/posts\/30922\/revisions"}],"predecessor-version":[{"id":30924,"href":"https:\/\/akdenizhaber.com.tr\/index.php\/wp-json\/wp\/v2\/posts\/30922\/revisions\/30924"}],"wp:featuredmedia":[{"embeddable":true,"href":"https:\/\/akdenizhaber.com.tr\/index.php\/wp-json\/wp\/v2\/media\/30923"}],"wp:attachment":[{"href":"https:\/\/akdenizhaber.com.tr\/index.php\/wp-json\/wp\/v2\/media?parent=30922"}],"wp:term":[{"taxonomy":"category","embeddable":true,"href":"https:\/\/akdenizhaber.com.tr\/index.php\/wp-json\/wp\/v2\/categories?post=30922"},{"taxonomy":"post_tag","embeddable":true,"href":"https:\/\/akdenizhaber.com.tr\/index.php\/wp-json\/wp\/v2\/tags?post=30922"}],"curies":[{"name":"wp","href":"https:\/\/api.w.org\/{rel}","templated":true}]}}