{"id":30907,"date":"2025-12-01T16:18:15","date_gmt":"2025-12-01T13:18:15","guid":{"rendered":"https:\/\/akdenizhaber.com.tr\/?p=30907"},"modified":"2025-12-01T16:18:16","modified_gmt":"2025-12-01T13:18:16","slug":"hey-gidi-karadeniz","status":"publish","type":"post","link":"https:\/\/akdenizhaber.com.tr\/index.php\/2025\/12\/01\/hey-gidi-karadeniz\/","title":{"rendered":"HEY G\u0130D\u0130 KARADEN\u0130Z.."},"content":{"rendered":"\n<p>Orta ve Do\u011fu Karadeniz i tan\u0131ma,biraz ge\u00e7 olunsa ,kal\u0131nsa da gezip g\u00f6rme gezimiz devam ediyor..<\/p>\n\n\n\n<p>Karargah\u0131 kurdu\u011fumuz Ordu Per\u015fembe Ana\u00e7 k\u00f6y\u00fcnden sabah\u0131n erken saatlerinde \u00e7\u0131kt\u0131\u011f\u0131m\u0131z yolculu\u011fun ilk dura\u011f\u0131,bize harika bir sabah kahvalt\u0131s\u0131 ikram\u0131nda bulunacak , Anadolu misafirperverli\u011finin hala hayatta oldu\u011funu, ya\u015f\u0131yor oldu\u011funu g\u00f6steren de\u011ferli meslekta\u015f\u0131m, efsane beden e\u011fitimi \u00f6\u011fretmeni Muammer K\u00f6ken bey ve \u00e7ok de\u011ferli e\u015finin Ordu da ki evi oldu..<\/p>\n\n\n\n<figure class=\"wp-block-image size-large is-resized\"><img loading=\"lazy\" decoding=\"async\" width=\"1024\" height=\"1024\" src=\"https:\/\/akdenizhaber.com.tr\/wp-content\/uploads\/2025\/12\/0caf55e7-3b25-4c67-857b-9e28ef6449c8-1024x1024.jpeg\" alt=\"\" class=\"wp-image-30908\" style=\"width:473px;height:auto\" srcset=\"https:\/\/akdenizhaber.com.tr\/wp-content\/uploads\/2025\/12\/0caf55e7-3b25-4c67-857b-9e28ef6449c8-1024x1024.jpeg 1024w, https:\/\/akdenizhaber.com.tr\/wp-content\/uploads\/2025\/12\/0caf55e7-3b25-4c67-857b-9e28ef6449c8-300x300.jpeg 300w, https:\/\/akdenizhaber.com.tr\/wp-content\/uploads\/2025\/12\/0caf55e7-3b25-4c67-857b-9e28ef6449c8-150x150.jpeg 150w, https:\/\/akdenizhaber.com.tr\/wp-content\/uploads\/2025\/12\/0caf55e7-3b25-4c67-857b-9e28ef6449c8-768x768.jpeg 768w, https:\/\/akdenizhaber.com.tr\/wp-content\/uploads\/2025\/12\/0caf55e7-3b25-4c67-857b-9e28ef6449c8.jpeg 1440w\" sizes=\"auto, (max-width: 1024px) 100vw, 1024px\" \/><\/figure>\n\n\n\n<p>Karadeniz lezzetlerini doyas\u0131ya tad\u0131p ,bir o kadar g\u00fczel sohbet\u2019te bulunduktan sonra, G\u00fclyal\u0131, Piraziz, Bulancak il\u00e7elerini ge\u00e7erek, Giresun a ula\u015ft\u0131k..<\/p>\n\n\n\n<p>Yol boyunca bize ,solumuzda sakin bir Karadeniz, sa\u011f\u0131m\u0131zda yemye\u015fil f\u0131nd\u0131k ve de\u011fi\u015fik a\u011fa\u00e7lar\u0131 e\u015flik, arkada\u015fl\u0131k etti..<\/p>\n\n\n\n<p>Ke\u015fap, Espiye, Tirebolu il\u00e7elerinin i\u00e7in den ge\u00e7erek ,hedefimiz olan, G\u00fcm\u00fc\u015fhane\u2019nin K\u00fcrt\u00fcn il\u00e7esine ula\u015fmak i\u00e7in, s\u0131rt\u0131m\u0131z\u0131 Karadeniz e verip , Tirebolu\u2019dan yukar\u0131 Do\u011fankent il\u00e7esi g\u00fczergah\u0131nda yol almaya ba\u015flad\u0131k..<\/p>\n\n\n\n<p>Karadeniz\u2019in \u00e7ok g\u00fczel sahil yolundan ayr\u0131l\u0131p da , bize sanki ayr\u0131 bir d\u00fcnyan\u0131n, ba\u015fka bir \u00fclkenin s\u0131n\u0131rlar\u0131 i\u00e7indeki \u00e7ok farkl\u0131 bir yolda imi\u015fiz gibi bir his b\u0131rakan ; iki taraf\u0131 sarp ama yemye\u015fil da\u011flar\u0131n aras\u0131ndan ge\u00e7en upuzun bir vadide,zorlu ,dar ama baya\u011f\u0131 i\u015flek bir yolda yol almaya ba\u015flad\u0131k..<\/p>\n\n\n\n<p>Farkl\u0131 bir co\u011frafyada oldu\u011fumuzu biliyorduk da bu kadar da farkl\u0131 olaca\u011f\u0131n\u0131 tahmin etmiyordum. \u0130nsan\u0131n normal \u015fartlarda yaya olarak ula\u015fmas\u0131n\u0131n, \u00e7\u0131kmas\u0131n\u0131n bile zor oldu\u011fu,y\u00fcr\u00fcmenin ,hatta ad\u0131m atman\u0131n bile zor oldu\u011fu sarp ve e\u011fimli y\u00fcksek yerlerde ki evleri hatta camileri g\u00f6r\u00fcnce hayret etmemek elde de\u011fildi.<\/p>\n\n\n\n<p>Yemye\u015fil vadinin ortas\u0131ndan \u015fimdilerde \u00e7ok az akan su, mevsiminde epeyi fazla ak\u0131yor oldu\u011fu ge\u00e7ti\u011fi yerlerde ki b\u0131rakt\u0131\u011f\u0131 izlerden belli oluyordu. \u0130rili ufakl\u0131 HES\u2019leri g\u00f6rd\u00fcm, say\u0131s\u0131 epeyi fazla olan kum \u00e7ak\u0131l ocaklar\u0131 g\u00f6rd\u00fcm, birinde cuma namaz\u0131n\u0131 k\u0131ld\u0131\u011f\u0131m\u0131z \u00e7ok say\u0131da camiler g\u00f6rd\u00fcm ama en \u00e7ok da bitmez t\u00fckenmez,da\u011f ta\u015f f\u0131nd\u0131k bah\u00e7eleri,daha do\u011frusu f\u0131nd\u0131k a\u011fac\u0131 dolu da\u011flar, tepeler, vadiler g\u00f6rd\u00fcm.. Buralarda f\u0131nd\u0131k a\u011fac\u0131 olmayan tek bir yer yok, daha do\u011frusu burada toprak,bo\u015f toprak g\u00f6rmek imkans\u0131z..<\/p>\n\n\n\n<p>Yava\u015f, dikkatli yap\u0131lan bir yolculuk sonucu, K\u00fcrt\u00fcn tabelas\u0131n\u0131 g\u00f6rd\u00fck.Bir yol boyu,sa\u011f tarafta u\u00e7urum,sol tarafta da\u011f olan bir yerle\u015fim yeri K\u00fcrt\u00fcn il\u00e7esinin ad\u0131n\u0131 duymama ve buralara gelmemizin en b\u00fcy\u00fck sebebi Muhammed Ahmet \u00d6zsoy K\u00fcrt\u00fcn belediyesinde yaz\u0131 i\u015fleri m\u00fcd\u00fcr\u00fc ,mesai saatleri i\u00e7erisinde oldu\u011fumuz i\u00e7in bir nikah i\u015fleminde g\u00f6revlisi oldu\u011fundan onu ziyaret etmemiz normal olarak bir az gecikti.<\/p>\n\n\n\n<p>\u0130lk u\u011frak yerimiz \u00e7al\u0131\u015fkan \u00fcretken T\u00fcrk kad\u0131n\u0131 Aynur \u00d6zen\u2019in k\u00fc\u00e7\u00fck ama \u015firin bir \u00e7ok \u00fcr\u00fcn\u00fc, K\u00fcrt\u00fcn ya\u011fmur ormanlar\u0131 kooperatifi olarak kendilerinin el eme\u011fi g\u00f6z nuru olarak \u00fcrettikleri do\u011fal \u00fcr\u00fcnlerden olu\u015fan \u00fcr\u00fcnleri tek tek incelemek,bu g\u00fczel \u00fcr\u00fcnlerin kokusunu i\u00e7ime \u00e7ekmek, baz\u0131lar\u0131n\u0131n tad\u0131na bakmak,bu \u00e7al\u0131\u015fkan \u00fcretken yurdum insanlar\u0131n\u0131n eserlerini yerinde g\u00f6rmek beni mutlu etti..<\/p>\n\n\n\n<p>Bir \u00e7o\u011funu daha \u00f6nce yiyip test etti\u011fim bu do\u011fal \u00fcr\u00fcnleri herkese tavsiye ederim..<\/p>\n\n\n\n<p>Aynur han\u0131m\u0131n ikram etti\u011fi g\u00fczel \u00e7ay ile yorgunlu\u011fumuz az da olsa hafiflerken; onun do\u011fal \u00fcr\u00fcnlerinden her birimiz sat\u0131n alarak onlar\u0131n bir\u00e7ok insana ula\u015f\u0131p tan\u0131nmas\u0131na yard\u0131mc\u0131 olmak istedik.<\/p>\n\n\n\n<p>\u0130\u015fi biten Ahmet \u00d6zsoy bizi kendine \u00e7ok yak\u0131\u015fan g\u00fcler y\u00fcz\u00fc ile, \u00e7ok s\u0131cak ve samimi bir \u015fekilde kar\u015f\u0131lay\u0131p ,ho\u015f geldiniz deyip kucaklad\u0131..<\/p>\n\n\n\n<p>Makam\u0131nda ikram etti\u011fi g\u00fczel \u00e7ay, \u0131hlamur e\u015fli\u011finde yapt\u0131\u011f\u0131m\u0131z k\u0131sa sohbette onun kendisini hemen her konuda \u00e7ok iyi yeti\u015ftirmi\u015f, \u00fclkenin dertleri ile dertlendi\u011fini g\u00f6rd\u00fcm..<\/p>\n\n\n\n<p>\u0130\u00e7indeki vatan T\u00fcrk milleti sevgisi , i\u015fine, mesle\u011fine olan sayg\u0131s\u0131 y\u00fcz\u00fcne vuruyordu..<\/p>\n\n\n\n<p>Ke\u015fke her kurum ve kurulu\u015flarda, her belediye de b\u00f6yle iyi yeti\u015fmi\u015f,\u00f6zg\u00fcveni fazla, koltu\u011funa makam\u0131na yak\u0131\u015fan insanlar olsa .. dedi\u011fim ,dua etti\u011fim Ahmet \u00d6zsoy\u2019u in\u015fallah bir g\u00fcn hak etti\u011fi makamlarda olur diye d\u00fc\u015f\u00fcn\u00fcyorum..<\/p>\n\n\n\n<p>Bize m\u00fcsaade, karanl\u0131\u011fa kalmadan gidelim deyince Ahmet \u00d6zsoy; bir dakika,var m\u0131 \u00f6yle gidiyorum deyince gitmek.. deyip, durdurdu..<\/p>\n\n\n\n<p>A\u015fa\u011f\u0131ya inince kendi arabas\u0131n\u0131n kap\u0131s\u0131n\u0131 a\u00e7\u0131p arabaya buyur etti..<\/p>\n\n\n\n<p>Bindi\u011fimiz araba yukar\u0131 da\u011flara do\u011fru yol almaya ba\u015flad\u0131..<\/p>\n\n\n\n<p>Bir m\u00fcddet sonra bir baraj g\u00f6l\u00fc kenar\u0131nda k\u00fc\u00e7\u00fck ama \u015firin bir i\u015fletmede \u00e7ok g\u00fczel bir yemek yedik..<\/p>\n\n\n\n<p>Sonra araba \u00e7ok daha g\u00fcr ormanlarla kapl\u0131 da\u011flara do\u011fru yol almaya ba\u015flad\u0131..<\/p>\n\n\n\n<p>Yemye\u015fil vadinin ortas\u0131ndan ge\u00e7en akarsuyun hemen kenar\u0131ndaki dar, virajl\u0131 ama asfalt yoldan yava\u015f yava\u015f yol al\u0131rken: duysam ,hatta televizyon da canl\u0131 g\u00f6rsem abart\u0131, yalan diyece\u011fim kadar g\u00fczel ormanlarla ,dev gibi ladin,\u00e7am a\u011fa\u00e7lar\u0131 beni sanki bir cennete g\u00f6t\u00fcrm\u00fc\u015ft\u00fc..<\/p>\n\n\n\n<p>Burada bu kadar g\u00fczel ormanlar\u0131n ne i\u015fi var dedim ama ; G\u00fcm\u00fc\u015fhane K\u00fcrt\u00fcn s\u0131n\u0131rlar\u0131n\u0131n i\u00e7erisinde oldu\u011funu \u00f6\u011frendi\u011fim bu g\u00fczel b\u00f6lgeye sahip \u00e7\u0131k\u0131p buras\u0131 bize daha \u00e7ok yak\u0131\u015f\u0131r deyip de her nas\u0131lsa buralar\u0131 ele ge\u00e7irip de evler, daha do\u011frusu villalar yapan i\u015flerini bilen, yemeyenin mal\u0131n\u0131 yerler..diyen Trabzon un \u00e7ok de\u011ferli b\u00f6y\u00fcklerini de kutluyorum..<\/p>\n\n\n\n<p>Karanl\u0131k da geri d\u00f6n\u00fc\u015f yoluna d\u00fc\u015ft\u00fck..<\/p>\n\n\n\n<p>G\u00fczel ayd\u0131nlat\u0131lm\u0131\u015f bir \u015fekilde ki Giresun kalesini \u00e7\u0131kmamak ,orada Topal Osman\u2019\u0131n mezar\u0131n\u0131 ziyaret edip de ,bu kahraman\u0131n ruhuna bir Fatiha okumamak olmazd\u0131..<\/p>\n\n\n\n<p>Te\u015fekk\u00fcrler, g\u00fczel \u00fclkemin g\u00fczel insanlar\u0131..<\/p>\n\n\n\n<p>Te\u015fekk\u00fcrler, T\u00fcrk milletinin misafirperverli\u011finin \u00f6lmedi\u011fini,hala ya\u015f\u0131yor oldu\u011funu g\u00f6steren birbirinden de\u011ferli de\u011ferli g\u00fczel insanlar..<\/p>\n\n\n\n<p>Te\u015fekk\u00fcrler, Muammer K\u00f6ken bey, de\u011ferli e\u015fi, te\u015fekk\u00fcrler Aynur \u00d6zen, te\u015fekk\u00fcrler yar\u0131nlar da \u00e7ok \u00f6nemli makamlarda olaca\u011f\u0131na y\u00fcrekten inand\u0131\u011f\u0131m Muhammed Ahmet \u00d6zsoy..<\/p>\n\n\n\n<p>Kal\u0131n Sa\u011fl\u0131cakla..<\/p>\n","protected":false},"excerpt":{"rendered":"<p>Orta ve Do\u011fu Karadeniz i tan\u0131ma,biraz ge\u00e7 olunsa ,kal\u0131nsa da gezip g\u00f6rme gezimiz devam ediyor.. Karargah\u0131 kurdu\u011fumuz Ordu Per\u015fembe Ana\u00e7 k\u00f6y\u00fcnden sabah\u0131n erken saatlerinde \u00e7\u0131kt\u0131\u011f\u0131m\u0131z <a href=\"https:\/\/akdenizhaber.com.tr\/index.php\/2025\/12\/01\/hey-gidi-karadeniz\/\" class=\"read-more-link\">[more&#8230;]<\/a><\/p>\n","protected":false},"author":2,"featured_media":30521,"comment_status":"open","ping_status":"open","sticky":false,"template":"","format":"standard","meta":{"footnotes":""},"categories":[1,2],"tags":[],"class_list":["post-30907","post","type-post","status-publish","format-standard","has-post-thumbnail","hentry","category-blog","category-gundem"],"_links":{"self":[{"href":"https:\/\/akdenizhaber.com.tr\/index.php\/wp-json\/wp\/v2\/posts\/30907","targetHints":{"allow":["GET"]}}],"collection":[{"href":"https:\/\/akdenizhaber.com.tr\/index.php\/wp-json\/wp\/v2\/posts"}],"about":[{"href":"https:\/\/akdenizhaber.com.tr\/index.php\/wp-json\/wp\/v2\/types\/post"}],"author":[{"embeddable":true,"href":"https:\/\/akdenizhaber.com.tr\/index.php\/wp-json\/wp\/v2\/users\/2"}],"replies":[{"embeddable":true,"href":"https:\/\/akdenizhaber.com.tr\/index.php\/wp-json\/wp\/v2\/comments?post=30907"}],"version-history":[{"count":1,"href":"https:\/\/akdenizhaber.com.tr\/index.php\/wp-json\/wp\/v2\/posts\/30907\/revisions"}],"predecessor-version":[{"id":30909,"href":"https:\/\/akdenizhaber.com.tr\/index.php\/wp-json\/wp\/v2\/posts\/30907\/revisions\/30909"}],"wp:featuredmedia":[{"embeddable":true,"href":"https:\/\/akdenizhaber.com.tr\/index.php\/wp-json\/wp\/v2\/media\/30521"}],"wp:attachment":[{"href":"https:\/\/akdenizhaber.com.tr\/index.php\/wp-json\/wp\/v2\/media?parent=30907"}],"wp:term":[{"taxonomy":"category","embeddable":true,"href":"https:\/\/akdenizhaber.com.tr\/index.php\/wp-json\/wp\/v2\/categories?post=30907"},{"taxonomy":"post_tag","embeddable":true,"href":"https:\/\/akdenizhaber.com.tr\/index.php\/wp-json\/wp\/v2\/tags?post=30907"}],"curies":[{"name":"wp","href":"https:\/\/api.w.org\/{rel}","templated":true}]}}