{"id":30903,"date":"2025-12-01T16:17:33","date_gmt":"2025-12-01T13:17:33","guid":{"rendered":"https:\/\/akdenizhaber.com.tr\/?p=30903"},"modified":"2025-12-01T16:17:34","modified_gmt":"2025-12-01T13:17:34","slug":"taraftara-eziyet","status":"publish","type":"post","link":"https:\/\/akdenizhaber.com.tr\/index.php\/2025\/12\/01\/taraftara-eziyet\/","title":{"rendered":"TARAFTARA EZ\u0130YET.."},"content":{"rendered":"\n<p>Ge\u00e7ti\u011fimiz Pazar g\u00fcn\u00fc Manavgat Belediyespor Ere\u011fli deplasman\u0131ndayd\u0131, ma\u00e7\u0131 televizyondan izledim..<\/p>\n\n\n\n<p>Ma\u00e7 \u00f6ncesi de bu ma\u00e7\u0131 alaca\u011f\u0131m\u0131za dair i\u00e7imde g\u00fczelden yana bir his vard\u0131, m\u00fcneccim de\u011filim..<\/p>\n\n\n\n<p>Falc\u0131 ise asla olmad\u0131m. \u0130\u00e7imde \u00f6ylesine g\u00fczel bir his vard\u0131..<\/p>\n\n\n\n<p>Ere\u011fli futbol tak\u0131m\u0131ndaki geli\u015fmeleri izleyerek \u00fccretlerini alamayan bir tak\u0131m ve istifa eden bir ba\u015fkan sonras\u0131 bu ma\u00e7tan galip gelebilece\u011fimiz hissi uyanm\u0131\u015ft\u0131 i\u00e7imde olmad\u0131..<\/p>\n\n\n\n<p>Bir puanda deplasman i\u00e7in \u00fc\u00e7 puan de\u011ferindedir. Frikik gol\u00fcnden gelen golde baraj hatas\u0131 var gibi geldi. Berbat bir saha\u2026<\/p>\n\n\n\n<p>Bask\u0131 uygulamaya \u00e7al\u0131\u015fan fakat ba\u015far\u0131l\u0131 olamayan bir Ere\u011flispor..<\/p>\n\n\n\n<p>Ard\u0131ndan \u00e7irkeflik yapan taraftara ortak olmu\u015f saha i\u00e7indeki Ere\u011flisporlu futbolcular..<\/p>\n\n\n\n<p>\u0130\u015fin \u00f6tesi taraftar\u0131m\u0131za yap\u0131lan bask\u0131\u2026<\/p>\n\n\n\n<p>Coplanmalar\u0131 ve biber gaz\u0131 ile stat d\u0131\u015f\u0131na at\u0131lmalar\u0131\u2026<\/p>\n\n\n\n<p>Madem stat d\u0131\u015f\u0131na \u00e7\u0131karacakt\u0131n\u0131z neden taraftar\u0131 Ere\u011fli taraftar\u0131n\u0131n hemen yan\u0131 ba\u015f\u0131na oturttunuz ?&#8230;<\/p>\n\n\n\n<p>Sahaya Manavgat Belediyespor taraftar\u0131n\u0131n gelece\u011fini bile bile misafir tak\u0131m trib\u00fcn\u00fcne almak yerine Ere\u011fli taraftar\u0131 ile kucak kuca\u011fa oturtup, vay biz yanl\u0131\u015fl\u0131k yapt\u0131k \u201cHadi d\u0131\u015far\u0131\u201d demenin bir gerek\u00e7esi olmal\u0131\u2026<\/p>\n\n\n\n<p>Sporda ahlak en \u00f6nde gelmeli\u2026Tek tarafl\u0131 taraftar hatas\u0131 olmaz..<\/p>\n\n\n\n<p>Tek tarafl\u0131da taraftara su\u00e7lu muamelesi asla ve asla yap\u0131lmaz..<\/p>\n\n\n\n<p>Her iki tak\u0131m\u0131n aras\u0131nda statta mesafe b\u0131rakmayan Ere\u011flispor y\u00f6netimi acaba bu i\u015flemi isteyerek ve bilin\u00e7li olarak m\u0131 ger\u00e7ekle\u015ftirdi demekten insan kendini al\u0131koyam\u0131yor..<\/p>\n\n\n\n<p>Y\u00fczlerce kilometre yol kat edip salt tak\u0131mlar\u0131na deste\u011fin d\u0131\u015f\u0131nda amac\u0131 olmayan taraftar\u0131 stat d\u0131\u015f\u0131na \u00e7\u0131kard\u0131n\u0131z\u2026Anlamakta g\u00fc\u00e7l\u00fck \u00e7eksekte tamam oldu diyelim..<\/p>\n\n\n\n<p>G\u00fcvenli\u011fi ve asayi\u015fi sa\u011flayacaks\u0131n\u0131z, ona da eyvallah..<\/p>\n\n\n\n<p>Eyvallahta coplu, biber gazl\u0131..<\/p>\n\n\n\n<p>Ter\u00f6rist muamelesi uygulayarak..<\/p>\n\n\n\n<p>\u0130te kaka Manavgat taraftar\u0131n\u0131 d\u0131\u015far\u0131 atman\u0131n gerek\u00e7esi nedir a\u00e7\u0131klay\u0131n l\u00fctfen..<\/p>\n\n\n\n<p>Birde taraftar kendi otob\u00fcs\u00fcne binmi\u015f yola \u00e7\u0131kacak bir polis memuru karde\u015fimizin elinde biber gaz\u0131 aleti taraftara kar\u015f\u0131 a\u011fz\u0131nda sak\u0131z tehdit edici ve alayl\u0131 bi\u00e7imde davran\u0131\u015f\u0131na ne demeli..<\/p>\n\n\n\n<p>Polis bizim can\u0131m\u0131z, ci\u011ferimiz..<\/p>\n\n\n\n<p>Evlad\u0131m\u0131zda bu davran\u0131\u015f o memur karde\u015fimize hi\u00e7 mi hi\u00e7 yak\u0131\u015fmad\u0131 kendisini \u015fiddetle k\u0131n\u0131yorum..<\/p>\n\n\n\n<p>Sosyal medyada payla\u015f\u0131lan o videoyu izlerken acaba, bizim taraftar Manavgat\u2019tan de\u011fil de Yunanistan\u2019dan m\u0131 gitti Ere\u011fli\u2019ye diye kendi kendime sormadan edemedim..<\/p>\n\n\n\n<p>Yaz\u0131klar olsun ne diyelim..<\/p>\n\n\n\n<p>Cefakar ve vefakar taraftar\u0131m\u0131za da ge\u00e7mi\u015f olsun dileklerimi iletiyorum..<\/p>\n\n\n\n<p>Bu arada son s\u00f6z\u00fcm\u00fc de Manavgat Belediye spor\u2019un y\u00f6neticilerine s\u00f6ylemek istiyorum.<\/p>\n\n\n\n<p>Ere\u011fli\u2019de tak\u0131m\u0131n ba\u015f\u0131nda tek bir y\u00f6neticinin olmamas\u0131 d\u00fc\u015f\u00fcnd\u00fcr\u00fcc\u00fcd\u00fcr..<\/p>\n\n\n\n<p>Siz istemesiniz de gen\u00e7 kadrosu ile zoru ba\u015fararak liderlikte gidip, gelen gencecik p\u0131r\u0131l\u0131 p\u0131r\u0131l futbolculara y\u00f6netim olarak sahip \u00e7\u0131kmak zorunda de\u011fil misiniz?..<\/p>\n\n\n\n<p>Y\u00f6netimden bir ki\u015fi olsa idi taraftar\u0131m\u0131za bu eziyet \u00e7ektirilmez. Y\u00f6neticiler devreye girerek i\u015fi tatl\u0131ya ba\u011flarlard\u0131 diye d\u00fc\u015f\u00fcnenlerdenim..<\/p>\n\n\n\n<p>Aksini d\u00fc\u015f\u00fcnen varsa beri gelsin..<\/p>\n\n\n\n<p>Kal\u0131n sa\u011fl\u0131cakla\u2026<\/p>\n","protected":false},"excerpt":{"rendered":"<p>Ge\u00e7ti\u011fimiz Pazar g\u00fcn\u00fc Manavgat Belediyespor Ere\u011fli deplasman\u0131ndayd\u0131, ma\u00e7\u0131 televizyondan izledim.. Ma\u00e7 \u00f6ncesi de bu ma\u00e7\u0131 alaca\u011f\u0131m\u0131za dair i\u00e7imde g\u00fczelden yana bir his vard\u0131, m\u00fcneccim de\u011filim.. <a href=\"https:\/\/akdenizhaber.com.tr\/index.php\/2025\/12\/01\/taraftara-eziyet\/\" class=\"read-more-link\">[more&#8230;]<\/a><\/p>\n","protected":false},"author":2,"featured_media":30905,"comment_status":"open","ping_status":"open","sticky":false,"template":"","format":"standard","meta":{"footnotes":""},"categories":[1,2],"tags":[],"class_list":["post-30903","post","type-post","status-publish","format-standard","has-post-thumbnail","hentry","category-blog","category-gundem"],"_links":{"self":[{"href":"https:\/\/akdenizhaber.com.tr\/index.php\/wp-json\/wp\/v2\/posts\/30903","targetHints":{"allow":["GET"]}}],"collection":[{"href":"https:\/\/akdenizhaber.com.tr\/index.php\/wp-json\/wp\/v2\/posts"}],"about":[{"href":"https:\/\/akdenizhaber.com.tr\/index.php\/wp-json\/wp\/v2\/types\/post"}],"author":[{"embeddable":true,"href":"https:\/\/akdenizhaber.com.tr\/index.php\/wp-json\/wp\/v2\/users\/2"}],"replies":[{"embeddable":true,"href":"https:\/\/akdenizhaber.com.tr\/index.php\/wp-json\/wp\/v2\/comments?post=30903"}],"version-history":[{"count":1,"href":"https:\/\/akdenizhaber.com.tr\/index.php\/wp-json\/wp\/v2\/posts\/30903\/revisions"}],"predecessor-version":[{"id":30906,"href":"https:\/\/akdenizhaber.com.tr\/index.php\/wp-json\/wp\/v2\/posts\/30903\/revisions\/30906"}],"wp:featuredmedia":[{"embeddable":true,"href":"https:\/\/akdenizhaber.com.tr\/index.php\/wp-json\/wp\/v2\/media\/30905"}],"wp:attachment":[{"href":"https:\/\/akdenizhaber.com.tr\/index.php\/wp-json\/wp\/v2\/media?parent=30903"}],"wp:term":[{"taxonomy":"category","embeddable":true,"href":"https:\/\/akdenizhaber.com.tr\/index.php\/wp-json\/wp\/v2\/categories?post=30903"},{"taxonomy":"post_tag","embeddable":true,"href":"https:\/\/akdenizhaber.com.tr\/index.php\/wp-json\/wp\/v2\/tags?post=30903"}],"curies":[{"name":"wp","href":"https:\/\/api.w.org\/{rel}","templated":true}]}}