{"id":30900,"date":"2025-12-01T16:16:44","date_gmt":"2025-12-01T13:16:44","guid":{"rendered":"https:\/\/akdenizhaber.com.tr\/?p=30900"},"modified":"2025-12-01T16:16:45","modified_gmt":"2025-12-01T13:16:45","slug":"green-boysun-lideri-ahmet-ozer-ereglide-eziyete-ugradik","status":"publish","type":"post","link":"https:\/\/akdenizhaber.com.tr\/index.php\/2025\/12\/01\/green-boysun-lideri-ahmet-ozer-ereglide-eziyete-ugradik\/","title":{"rendered":"Green Boys\u2019un lideri Ahmet \u00d6zer; \u201cEre\u011fli\u2019de Eziyete U\u011frad\u0131k\u201d"},"content":{"rendered":"\n<p><\/p>\n\n\n\n<p>Ge\u00e7ti\u011fimiz Pazar g\u00fcn\u00fc deplasmandaki Konya Ere\u011flispor &#8211; Manavgat Belediyespor ma\u00e7\u0131nda, Manavgat taraftar\u0131na ya\u015fat\u0131lan eziyetin insanl\u0131kla ve sporla ilgisi olmad\u0131\u011f\u0131n\u0131 ifade eden Green Boys taraftar grubu lideri Ahmet \u00d6zer, bu davran\u0131\u015f\u0131n \u00f6nceden planlanm\u0131\u015f ve \u00f6zellikle tasarlanm\u0131\u015f oldu\u011funu iddia etti.<\/p>\n\n\n\n<p>Kilometrelerce yol kat ederek Ere\u011fli stad\u0131na zor zahmet yeti\u015ftiklerini ve ma\u00e7 ba\u015flad\u0131\u011f\u0131nda stada girmeleri ile d\u0131\u015far\u0131 at\u0131lmalar\u0131n\u0131n anl\u0131k bir \u015fekilde geli\u015fti\u011fini ifade eden Ahmet \u00d6zer, \u201dSanki bizleri bekliyorlarm\u0131\u015f gibi Ere\u011fli taraftar\u0131n\u0131n aras\u0131na att\u0131lar misafir tak\u0131m trib\u00fcn\u00fc bo\u015f dururken rakip tak\u0131m\u0131n aras\u0131na al\u0131nmam\u0131z bile ba\u015fl\u0131 ba\u015f\u0131na bir olayd\u0131, Konya Ere\u011flispor\u2019un bize kar\u015f\u0131 yapt\u0131\u011f\u0131 maksatl\u0131, kas\u0131tl\u0131 bir operasyon\u201d dedi.<\/p>\n\n\n\n<p>Manavgat taraftar\u0131n\u0131n stada girmeden cop ve biber gazlar\u0131yla d\u0131\u015far\u0131ya \u00e7\u0131kar\u0131ld\u0131\u011f\u0131n\u0131 belirten \u00d6zer \u201cBu nedir? Taraftar stada girer, tak\u0131m\u0131n\u0131 destekler, e\u011fer torpil atarsa, me\u015fale yakarsa, k\u00fcf\u00fcr ederse, ma\u00e7tan sonra cezan\u0131 verirler\u201d dedi.<\/p>\n\n\n\n<p>B\u00fc\u015fra Deveci \/ Haber<\/p>\n","protected":false},"excerpt":{"rendered":"<p>Ge\u00e7ti\u011fimiz Pazar g\u00fcn\u00fc deplasmandaki Konya Ere\u011flispor &#8211; Manavgat Belediyespor ma\u00e7\u0131nda, Manavgat taraftar\u0131na ya\u015fat\u0131lan eziyetin insanl\u0131kla ve sporla ilgisi olmad\u0131\u011f\u0131n\u0131 ifade eden Green Boys taraftar grubu <a href=\"https:\/\/akdenizhaber.com.tr\/index.php\/2025\/12\/01\/green-boysun-lideri-ahmet-ozer-ereglide-eziyete-ugradik\/\" class=\"read-more-link\">[more&#8230;]<\/a><\/p>\n","protected":false},"author":2,"featured_media":30901,"comment_status":"open","ping_status":"open","sticky":false,"template":"","format":"standard","meta":{"footnotes":""},"categories":[2],"tags":[],"class_list":["post-30900","post","type-post","status-publish","format-standard","has-post-thumbnail","hentry","category-gundem"],"_links":{"self":[{"href":"https:\/\/akdenizhaber.com.tr\/index.php\/wp-json\/wp\/v2\/posts\/30900","targetHints":{"allow":["GET"]}}],"collection":[{"href":"https:\/\/akdenizhaber.com.tr\/index.php\/wp-json\/wp\/v2\/posts"}],"about":[{"href":"https:\/\/akdenizhaber.com.tr\/index.php\/wp-json\/wp\/v2\/types\/post"}],"author":[{"embeddable":true,"href":"https:\/\/akdenizhaber.com.tr\/index.php\/wp-json\/wp\/v2\/users\/2"}],"replies":[{"embeddable":true,"href":"https:\/\/akdenizhaber.com.tr\/index.php\/wp-json\/wp\/v2\/comments?post=30900"}],"version-history":[{"count":1,"href":"https:\/\/akdenizhaber.com.tr\/index.php\/wp-json\/wp\/v2\/posts\/30900\/revisions"}],"predecessor-version":[{"id":30902,"href":"https:\/\/akdenizhaber.com.tr\/index.php\/wp-json\/wp\/v2\/posts\/30900\/revisions\/30902"}],"wp:featuredmedia":[{"embeddable":true,"href":"https:\/\/akdenizhaber.com.tr\/index.php\/wp-json\/wp\/v2\/media\/30901"}],"wp:attachment":[{"href":"https:\/\/akdenizhaber.com.tr\/index.php\/wp-json\/wp\/v2\/media?parent=30900"}],"wp:term":[{"taxonomy":"category","embeddable":true,"href":"https:\/\/akdenizhaber.com.tr\/index.php\/wp-json\/wp\/v2\/categories?post=30900"},{"taxonomy":"post_tag","embeddable":true,"href":"https:\/\/akdenizhaber.com.tr\/index.php\/wp-json\/wp\/v2\/tags?post=30900"}],"curies":[{"name":"wp","href":"https:\/\/api.w.org\/{rel}","templated":true}]}}