{"id":30892,"date":"2025-12-01T16:13:00","date_gmt":"2025-12-01T13:13:00","guid":{"rendered":"https:\/\/akdenizhaber.com.tr\/?p=30892"},"modified":"2025-12-01T16:13:03","modified_gmt":"2025-12-01T13:13:03","slug":"beraberlikle-yetindik","status":"publish","type":"post","link":"https:\/\/akdenizhaber.com.tr\/index.php\/2025\/12\/01\/beraberlikle-yetindik\/","title":{"rendered":"Beraberlikle Yetindik"},"content":{"rendered":"\n<p>B\u00f6lgesel Amat\u00f6r Lig 7. grup 8. haftas\u0131nda, grupta 13 puanla liderlik koltu\u011funda yer alan Ere\u011fli Spor ile Konya Ere\u011fli Atat\u00fcrk Stad\u0131&#8217;nda kar\u015f\u0131la\u015fan Manavgat Belediyespor bir puanla kentimize d\u00f6nd\u00fc.<\/p>\n\n\n\n<p>A\u011f\u0131r ve berbat bir sahada yap\u0131lan kar\u015f\u0131la\u015fmada Manavgat Belediyespor taraftar\u0131na polisin stattan \u00e7\u0131karmas\u0131 biber gaz\u0131 ve copla m\u00fcdahale edilmesi ise ma\u00e7a damga vuran anlar olarak kald\u0131.<\/p>\n\n\n\n<p>Ge\u00e7ti\u011fimiz Pazar g\u00fcn\u00fc saat 14.00\u2019de ba\u015flayan kar\u015f\u0131la\u015fmay\u0131 Ankara b\u00f6lgesi hakemlerinden \u00d6mer Erg\u00fcn Soylu y\u00f6netirken, yard\u0131mc\u0131l\u0131klar\u0131n\u0131 ise Taner K\u0131tm\u0131r ile Hasan Ablak yapt\u0131. D\u00f6rd\u00fcnc\u00fc Hakem ise Mert \u00c7olak oldu.<\/p>\n\n\n\n<p>M\u00fccadeleye mutlak puan ya da puanlar parolas\u0131 ile \u00e7\u0131kan temsilcimiz Manavgat Belediyespor kar\u015f\u0131la\u015fman\u0131n 31. dakikas\u0131nda Ere\u011fli Spor\u2019un frikikten Sinan Kalayc\u0131&#8217;n\u0131n gol\u00fcne engel olamay\u0131nca 1-0 geri d\u00fc\u015ft\u00fc. \u0130lk yar\u0131 ev sahibi tak\u0131m\u0131n 1-0 galibiyeti ile tamamland\u0131.<\/p>\n\n\n\n<p>Gergin ge\u00e7en ve Manavgat taraftar\u0131n\u0131n stat d\u0131\u015f\u0131na \u00e7\u0131kart\u0131ld\u0131\u011f\u0131 kar\u015f\u0131la\u015fmada ikinci yar\u0131ya daha inan\u00e7l\u0131 \u00e7\u0131kan Manavgat Belediyespor 59. dakikada arad\u0131\u011f\u0131 gole kavu\u015ftu. Ere\u011fli Spor 1- Manavgat Belediyespor 1<\/p>\n\n\n\n<p>Kar\u015f\u0131la\u015fman\u0131n uzatma dakikalar\u0131nda gerilim artarken 90+7&#8217;de Manavgat Belediyespor&#8217;dan Muhammed Buhar Baran, 90+10&#8217;da Ere\u011fli Spor&#8217;dan Hamdi Dereli k\u0131rm\u0131z\u0131 kartla oyun d\u0131\u015f\u0131 kald\u0131.<\/p>\n\n\n\n<p>Haftan\u0131n kar\u015f\u0131la\u015fmalar\u0131n\u0131n tamamlanmas\u0131n\u0131n ard\u0131ndan puan\u0131n\u0131 15&#8217;e ta\u015f\u0131yan 1922 Ak\u015fehirspor liderli\u011fe y\u00fckselirken 14 puanl\u0131 Konya Ere\u011flispor 2.&#8217;li\u011fe, yine 14 puanl\u0131 Ye\u015fil \u00c7ivdir Belediyespor 3.&#8217;l\u00fc\u011fe, 13 puanl\u0131 Manavgat Belediyespor ise 4.&#8217;l\u00fc\u011fe yerle\u015fti.<\/p>\n\n\n\n<p>Manavgat Belediyespor, 9. hafta kar\u015f\u0131la\u015fmas\u0131n\u0131 7 Aral\u0131k Pazar g\u00fcn\u00fc saat 14.00&#8217;de Manavgat Atat\u00fcrk Stad\u0131&#8217;nda Denizlispor ile oynayacak.<\/p>\n\n\n\n<p>B\u00fc\u015fra Deveci \/Haber<\/p>\n","protected":false},"excerpt":{"rendered":"<p>B\u00f6lgesel Amat\u00f6r Lig 7. grup 8. haftas\u0131nda, grupta 13 puanla liderlik koltu\u011funda yer alan Ere\u011fli Spor ile Konya Ere\u011fli Atat\u00fcrk Stad\u0131&#8217;nda kar\u015f\u0131la\u015fan Manavgat Belediyespor bir <a href=\"https:\/\/akdenizhaber.com.tr\/index.php\/2025\/12\/01\/beraberlikle-yetindik\/\" class=\"read-more-link\">[more&#8230;]<\/a><\/p>\n","protected":false},"author":2,"featured_media":30835,"comment_status":"open","ping_status":"open","sticky":false,"template":"","format":"standard","meta":{"footnotes":""},"categories":[2],"tags":[],"class_list":["post-30892","post","type-post","status-publish","format-standard","has-post-thumbnail","hentry","category-gundem"],"_links":{"self":[{"href":"https:\/\/akdenizhaber.com.tr\/index.php\/wp-json\/wp\/v2\/posts\/30892","targetHints":{"allow":["GET"]}}],"collection":[{"href":"https:\/\/akdenizhaber.com.tr\/index.php\/wp-json\/wp\/v2\/posts"}],"about":[{"href":"https:\/\/akdenizhaber.com.tr\/index.php\/wp-json\/wp\/v2\/types\/post"}],"author":[{"embeddable":true,"href":"https:\/\/akdenizhaber.com.tr\/index.php\/wp-json\/wp\/v2\/users\/2"}],"replies":[{"embeddable":true,"href":"https:\/\/akdenizhaber.com.tr\/index.php\/wp-json\/wp\/v2\/comments?post=30892"}],"version-history":[{"count":1,"href":"https:\/\/akdenizhaber.com.tr\/index.php\/wp-json\/wp\/v2\/posts\/30892\/revisions"}],"predecessor-version":[{"id":30893,"href":"https:\/\/akdenizhaber.com.tr\/index.php\/wp-json\/wp\/v2\/posts\/30892\/revisions\/30893"}],"wp:featuredmedia":[{"embeddable":true,"href":"https:\/\/akdenizhaber.com.tr\/index.php\/wp-json\/wp\/v2\/media\/30835"}],"wp:attachment":[{"href":"https:\/\/akdenizhaber.com.tr\/index.php\/wp-json\/wp\/v2\/media?parent=30892"}],"wp:term":[{"taxonomy":"category","embeddable":true,"href":"https:\/\/akdenizhaber.com.tr\/index.php\/wp-json\/wp\/v2\/categories?post=30892"},{"taxonomy":"post_tag","embeddable":true,"href":"https:\/\/akdenizhaber.com.tr\/index.php\/wp-json\/wp\/v2\/tags?post=30892"}],"curies":[{"name":"wp","href":"https:\/\/api.w.org\/{rel}","templated":true}]}}