{"id":30889,"date":"2025-12-01T16:12:30","date_gmt":"2025-12-01T13:12:30","guid":{"rendered":"https:\/\/akdenizhaber.com.tr\/?p=30889"},"modified":"2025-12-01T16:12:31","modified_gmt":"2025-12-01T13:12:31","slug":"basin-ilan-kurumundan-kapsamli-mevzuat-duzenlemesi","status":"publish","type":"post","link":"https:\/\/akdenizhaber.com.tr\/index.php\/2025\/12\/01\/basin-ilan-kurumundan-kapsamli-mevzuat-duzenlemesi\/","title":{"rendered":"Bas\u0131n \u0130lan Kurumu\u2019ndan kapsaml\u0131 mevzuat d\u00fczenlemesi"},"content":{"rendered":"\n<p>Bas\u0131n \u0130lan Kurumu Genel Kurulu\u2019nda Resm\u00ee \u0130lan Fiyat Tarifesine yap\u0131lacak art\u0131\u015f oranlar\u0131 belirlendi. Resm\u00ee \u0130lan ve Reklam Y\u00f6netmeli\u011fi\u2019nde, uygulamada tespit edilen gereklilikler ve sekt\u00f6r\u00fcn ihtiya\u00e7lar\u0131 do\u011frultusunda de\u011fi\u015fiklikler yap\u0131ld\u0131.<\/p>\n\n\n\n<p>Bas\u0131n \u0130lan Kurumu 33. D\u00f6nem 5. Genel Kurul Toplant\u0131s\u0131, 26-28 Kas\u0131m 2025 tarihleri aras\u0131nda \u0130stanbul\u2019da ger\u00e7ekle\u015ftirildi.<\/p>\n\n\n\n<p>Toplant\u0131n\u0131n son oturumunda, Y\u00f6netim Kurulunun Genel Kurula teklif olarak sundu\u011fu ve g\u00fcndeme al\u0131nan maddeler g\u00f6r\u00fc\u015f\u00fcld\u00fc. \u0130lan \u0130\u015fleri, Hukuk \u0130\u015fleri ve Mali \u0130\u015fler Komisyonlar\u0131nda ele al\u0131nan g\u00fcndem maddelerine ili\u015fkin haz\u0131rlanan raporlar\u0131n okunmas\u0131n\u0131n ard\u0131ndan oylamaya ge\u00e7ildi.<\/p>\n\n\n\n<p>Kurumun Durum Raporunu ve Denet\u00e7iler Kurulu Raporunu onaylayan Genel Kurul, yeni Resm\u00ee \u0130lan Fiyat Tarifesi\u2019ni belirlerken, Resm\u00ee \u0130lan ve Reklam Y\u00f6netmeli\u011fi\u2019ndeki de\u011fi\u015fiklik tekliflerini ve gazetelerin asgari sat\u0131\u015f fiyat\u0131nda de\u011fi\u015fiklik yap\u0131lmas\u0131na ili\u015fkin \u00f6nergeyi kabul etti.<\/p>\n\n\n\n<p>Resm\u00ee \u0130lan Fiyat Tarifesi\u2019ne yap\u0131lacak art\u0131\u015f oranlar\u0131 belirlendi<\/p>\n\n\n\n<p>Genel Kurul, 23\u2019\u00fc yayg\u0131n, 5\u2019i b\u00f6lgesel ve 639\u2019u yerel olmak \u00fczere toplam 667 gazete ile 360 internet haber sitesinin yay\u0131nc\u0131l\u0131k faaliyetlerini s\u00fcrd\u00fcrebilmeleri i\u00e7in b\u00fcy\u00fck \u00f6nem arz eden resm\u00ee ilanlar\u0131n yay\u0131m \u00fccretlerine yap\u0131lacak art\u0131\u015f oranlar\u0131n\u0131 belirledi.<\/p>\n\n\n\n<p>Resm\u00ee \u0130lan Fiyat Tarifesi\u2019nde bir s\u00fctun\/santim ve kutu yay\u0131m \u00fccretinin; g\u00fcnl\u00fck fiili sat\u0131\u015f\u0131 50 bin adedin alt\u0131ndaki gazeteler ile 1, 2, 3, 4 ve 5. Kategori\u2019de yer alan internet haber siteleri i\u00e7in y\u00fczde 25,41 art\u0131\u015fla 185\u2019den 232 TL\u2019ye; g\u00fcnl\u00fck fiili sat\u0131\u015f\u0131 50 bin adedin \u00fczerindeki gazeteler ile Genel Kategori\u2019deki internet haber siteleri i\u00e7in ise y\u00fczde 25,24 art\u0131\u015fla 210 TL\u2019den 263 TL\u2019ye y\u00fckseltilmesine y\u00f6nelik teklif Genel Kurul taraf\u0131ndan kabul edildi.<\/p>\n\n\n\n<p>Teklif edilen tarife, Cumhurba\u015fkan\u0131 taraf\u0131ndan uygun g\u00f6r\u00fclmesi halinde Resm\u00ee Gazete\u2019de yay\u0131mlanmas\u0131n\u0131n ard\u0131ndan 1 Ocak 2026 tarihinde y\u00fcr\u00fcrl\u00fc\u011fe girecek.<\/p>\n\n\n\n<p>Gazetelerin asgari sat\u0131\u015f fiyat\u0131 yeniden d\u00fczenlendi<\/p>\n\n\n\n<p>Genel Kurul, g\u00fcndeme al\u0131nan \u00f6nergeyi g\u00f6r\u00fc\u015ferek, yaz\u0131l\u0131 bas\u0131n sekt\u00f6r\u00fcndeki maliyetleri de g\u00f6z \u00f6n\u00fcnde bulundurup gazetelerin asgari sat\u0131\u015f fiyatlar\u0131nda d\u00fczenleme yapt\u0131.<\/p>\n\n\n\n<p>Resm\u00ee \u0130lan ve Reklam Y\u00f6netmeli\u011fi\u2019nin 43. maddesinde belirtilen asgari sat\u0131\u015f fiyat\u0131; yerel ve b\u00f6lgesel gazeteler i\u00e7in 5 TL\u2019den 7 TL\u2019ye, yayg\u0131n gazeteler i\u00e7in de 15 TL\u2019den 20 TL\u2019ye y\u00fckseltildi.<\/p>\n\n\n\n<p>De\u011fi\u015fiklik, Resm\u00ee Gazete\u2019de yay\u0131m\u0131n\u0131 m\u00fcteakip 1 Ocak 2026 tarihinde y\u00fcr\u00fcrl\u00fc\u011fe girecek.<\/p>\n\n\n\n<p>Do\u011frudan trafik kavram\u0131 yeniden ele al\u0131nd\u0131<\/p>\n\n\n\n<p>Resm\u00ee \u0130lan ve Reklam Y\u00f6netmeli\u011fi\u2019nde, uygulamada tespit edilen gereklilikler ve sekt\u00f6r\u00fcn ihtiya\u00e7lar\u0131 do\u011frultusunda mevzuat d\u00fczenlemeleri hayata ge\u00e7irildi. Mevzuat de\u011fi\u015fikli\u011fi haz\u0131rl\u0131k s\u00fcrecinde kat\u0131l\u0131mc\u0131 bir yakla\u015f\u0131mla Kurum payda\u015flar\u0131n\u0131n g\u00f6r\u00fc\u015f ve \u00f6nerileri \u00e7evrimi\u00e7i ortamda al\u0131nd\u0131.<\/p>\n\n\n\n<p>D\u00fczenlemeler kapsam\u0131nda do\u011frudan trafik kavram\u0131 yeniden de\u011ferlendirildi. Kullan\u0131c\u0131lar\u0131n, \u00e7o\u011funlukla yay\u0131n ad\u0131n\u0131 arama motoruna yazarak internet haber sitelerine eri\u015fim sa\u011flad\u0131\u011f\u0131 g\u00f6zlemlendi\u011finden, arama motorundan do\u011frudan ana sayfaya gelenlerin do\u011frudan tekil ziyaret\u00e7i hesab\u0131na d\u00e2hil edilmesi kararla\u015ft\u0131r\u0131ld\u0131.<\/p>\n\n\n\n<p>\u00d6zg\u00fcn haber \u00fcretimini destekleyen d\u00fczenleme<\/p>\n\n\n\n<p>Genel Kurul, g\u00fcn\u00fcn gerekleri do\u011frultusunda internet haber sitelerinde yay\u0131mlanmas\u0131 zorunlu olan g\u00fcnl\u00fck asgari haber say\u0131lar\u0131n\u0131 yeniden belirledi.<\/p>\n\n\n\n<p>Arama motoru algoritmalar\u0131ndaki de\u011fi\u015fikliklerin \u00f6zg\u00fcn i\u00e7eri\u011fi daha g\u00f6r\u00fcn\u00fcr ve etkili k\u0131lmas\u0131yla birlikte internet mecras\u0131nda oda\u011f\u0131n nicelikten nitelik g\u00f6stergelerine; \u00f6zellikle \u00f6zg\u00fcnl\u00fck, yerel etki ve okur etkile\u015fiminin derinli\u011fi gibi kalite kriterlerine kayd\u0131r\u0131lmas\u0131 kararla\u015ft\u0131r\u0131ld\u0131.<\/p>\n\n\n\n<p>Bu do\u011frultuda, internet haber sitelerini daha fazla haber \u00fcretmeye de\u011fil, daha \u00f6zg\u00fcn ve etki g\u00fcc\u00fc y\u00fcksek i\u00e7erikler geli\u015ftirmeye y\u00f6nlendirmek amac\u0131yla g\u00fcnl\u00fck asgari haber say\u0131s\u0131 \u015fart\u0131 yar\u0131 yar\u0131ya d\u00fc\u015f\u00fcr\u00fcld\u00fc.<\/p>\n\n\n\n<p>Yay\u0131n yerinde ikamet zorunlulu\u011funa k\u0131smi esneklik<\/p>\n\n\n\n<p>Genel Kuruldan ge\u00e7en bir di\u011fer mevzuat de\u011fi\u015fikli\u011fi ise s\u00fcreli yay\u0131nlarda istihdam edilen fikir i\u015f\u00e7ilerinin ikameti ile alakal\u0131 kolayl\u0131k sa\u011flanmas\u0131 oldu. \u00dclke genelinde sat\u0131\u015fa sunulan gazeteler ile internet haber sitelerinin bir\u00e7ok b\u00f6lgede mahallinde haber \u00fcreten fikir i\u015f\u00e7ileri bulundu\u011fu g\u00f6zetilerek, belli oranda ikamet \u015fart\u0131 aranmamas\u0131n\u0131n, istihdam konusunda kolayl\u0131k sa\u011flayaca\u011f\u0131 de\u011ferlendirildi.<\/p>\n\n\n\n<p>Bunun yan\u0131 s\u0131ra nitelikli k\u00f6\u015fe yaz\u0131lar\u0131na imk\u00e2n tan\u0131mak amac\u0131yla yazar unvan\u0131nda istihdam edilen ki\u015filerin, ba\u015fka bir alanda ticari faaliyetinin bulunmas\u0131n\u0131n bu kadroda istihdam edilmesine engel te\u015fkil etmedi\u011fi y\u00f6n\u00fcnde d\u00fczenleme yap\u0131ld\u0131.<\/p>\n\n\n\n<p>Bilim ve teknoloji habercili\u011fine te\u015fvik<\/p>\n\n\n\n<p>Bir ba\u015fka d\u00fczenlemeyle gazete ve internet haber sitelerinin kategori ve g\u00f6sterge say\u0131lar\u0131na g\u00f6re i\u00e7eriklerinde yer vermeleri zorunlu olan kategoriler aras\u0131na bilim ve teknoloji de eklendi.<\/p>\n\n\n\n<p>De\u011fi\u015fiklikle bilimsel ve teknolojik geli\u015fmelerin toplumla etkin bir \u015fekilde payla\u015f\u0131lmas\u0131, verilerin sade, do\u011fru ve etkili bir bi\u00e7imde kamuoyuna aktar\u0131lmas\u0131, fark\u0131ndal\u0131k yarat\u0131lmak suretiyle bilim ve teknoloji konusundaki uzmanlar, gazeteciler, e\u011fitimciler ve karar al\u0131c\u0131lar aras\u0131nda k\u00f6pr\u00fc kurulmas\u0131 sa\u011flanarak, bilim ve teknoloji habercili\u011finin te\u015fvik edilmesi ama\u00e7land\u0131.<\/p>\n\n\n\n<p>Asgari do\u011frudan tekil ziyaret\u00e7i oran\u0131 d\u00fc\u015f\u00fcr\u00fcld\u00fc<\/p>\n\n\n\n<p>Kullan\u0131c\u0131 al\u0131\u015fkanl\u0131klar\u0131ndaki de\u011fi\u015fim dikkate al\u0131narak asgari do\u011frudan tekil ziyaret\u00e7i oran\u0131 y\u00fczde 15\u2019ten 10\u2019a indirildi. Bu oran\u0131n, sad\u0131k okur ve marka ba\u011fl\u0131l\u0131\u011f\u0131n\u0131 \u00f6l\u00e7en kalite sinyalini koruyaca\u011f\u0131 ve g\u00fcncel kullan\u0131c\u0131 davran\u0131\u015flar\u0131n\u0131 daha adil bi\u00e7imde yans\u0131taca\u011f\u0131 de\u011ferlendirildi.<\/p>\n\n\n\n<p>Ayr\u0131ca, Genel Kategori\u2019de bulunan internet haber siteleri i\u00e7in hesaplamaya dahil edilen yurt d\u0131\u015f\u0131 trafik oran\u0131 y\u00fczde 5\u2019ten y\u00fczde 10\u2019a \u00e7\u0131kar\u0131ld\u0131.<\/p>\n\n\n\n<p>Bu de\u011fi\u015fikliklerin yan\u0131nda, k\u00e2\u011f\u0131t fiyatlar\u0131n\u0131n art\u0131\u015f\u0131 ve sat\u0131\u015f adetlerinin topyek\u00fbn d\u00fc\u015f\u00fc\u015f e\u011filiminde olmas\u0131 sebebiyle gazetelerin sat\u0131\u015fa dair ek g\u00f6sterge y\u00fcz\u00f6l\u00e7\u00fcm\u00fc yeniden belirlendi. \u0130leti\u015fim ile ilgili fak\u00fclte mezunlar\u0131n\u0131n haricindeki di\u011fer fak\u00fclte mezunlar\u0131n\u0131n da kadroda yer almas\u0131 i\u00e7in kolayl\u0131k sa\u011fland\u0131. Alan ad\u0131 de\u011fi\u015fikli\u011fi s\u0131ras\u0131nda teknik olarak izlenmesi gereken yol daha a\u00e7\u0131k bir \u015fekilde izah edildi. Ek g\u00f6sterge talebine dair prosed\u00fcr ve bekleme s\u00fcresi i\u00e7inde bulunan yay\u0131nlar\u0131n alt\u0131 ay i\u00e7inde ihlallerini gidermemesi halinde ba\u015fvurusunun sonland\u0131r\u0131lmas\u0131 konular\u0131n\u0131 kapsayacak \u015fekilde d\u00fczenlemeler yap\u0131ld\u0131.<\/p>\n\n\n\n<p>Y\u00f6netmelik de\u011fi\u015fiklikleri, Resm\u00ee Gazetede yay\u0131mland\u0131\u011f\u0131 tarih itibar\u0131yla y\u00fcr\u00fcrl\u00fc\u011fe girecek.<\/p>\n\n\n\n<p>Genel Kurul Toplant\u0131s\u0131, dilek ve temennilerin al\u0131nmas\u0131yla tamamland\u0131. Bir sonraki Genel Kurulun 11-13 \u015eubat 2026 tarihleri aras\u0131nda ger\u00e7ekle\u015ftirilmesi kararla\u015ft\u0131r\u0131ld\u0131.<\/p>\n\n\n\n<p>Bas\u0131n \u0130lan Kurumu \/ B\u00fclten<\/p>\n","protected":false},"excerpt":{"rendered":"<p>Bas\u0131n \u0130lan Kurumu Genel Kurulu\u2019nda Resm\u00ee \u0130lan Fiyat Tarifesine yap\u0131lacak art\u0131\u015f oranlar\u0131 belirlendi. Resm\u00ee \u0130lan ve Reklam Y\u00f6netmeli\u011fi\u2019nde, uygulamada tespit edilen gereklilikler ve sekt\u00f6r\u00fcn ihtiya\u00e7lar\u0131 <a href=\"https:\/\/akdenizhaber.com.tr\/index.php\/2025\/12\/01\/basin-ilan-kurumundan-kapsamli-mevzuat-duzenlemesi\/\" class=\"read-more-link\">[more&#8230;]<\/a><\/p>\n","protected":false},"author":2,"featured_media":30890,"comment_status":"open","ping_status":"open","sticky":false,"template":"","format":"standard","meta":{"footnotes":""},"categories":[2],"tags":[],"class_list":["post-30889","post","type-post","status-publish","format-standard","has-post-thumbnail","hentry","category-gundem"],"_links":{"self":[{"href":"https:\/\/akdenizhaber.com.tr\/index.php\/wp-json\/wp\/v2\/posts\/30889","targetHints":{"allow":["GET"]}}],"collection":[{"href":"https:\/\/akdenizhaber.com.tr\/index.php\/wp-json\/wp\/v2\/posts"}],"about":[{"href":"https:\/\/akdenizhaber.com.tr\/index.php\/wp-json\/wp\/v2\/types\/post"}],"author":[{"embeddable":true,"href":"https:\/\/akdenizhaber.com.tr\/index.php\/wp-json\/wp\/v2\/users\/2"}],"replies":[{"embeddable":true,"href":"https:\/\/akdenizhaber.com.tr\/index.php\/wp-json\/wp\/v2\/comments?post=30889"}],"version-history":[{"count":1,"href":"https:\/\/akdenizhaber.com.tr\/index.php\/wp-json\/wp\/v2\/posts\/30889\/revisions"}],"predecessor-version":[{"id":30891,"href":"https:\/\/akdenizhaber.com.tr\/index.php\/wp-json\/wp\/v2\/posts\/30889\/revisions\/30891"}],"wp:featuredmedia":[{"embeddable":true,"href":"https:\/\/akdenizhaber.com.tr\/index.php\/wp-json\/wp\/v2\/media\/30890"}],"wp:attachment":[{"href":"https:\/\/akdenizhaber.com.tr\/index.php\/wp-json\/wp\/v2\/media?parent=30889"}],"wp:term":[{"taxonomy":"category","embeddable":true,"href":"https:\/\/akdenizhaber.com.tr\/index.php\/wp-json\/wp\/v2\/categories?post=30889"},{"taxonomy":"post_tag","embeddable":true,"href":"https:\/\/akdenizhaber.com.tr\/index.php\/wp-json\/wp\/v2\/tags?post=30889"}],"curies":[{"name":"wp","href":"https:\/\/api.w.org\/{rel}","templated":true}]}}