{"id":30886,"date":"2025-12-01T16:11:05","date_gmt":"2025-12-01T13:11:05","guid":{"rendered":"https:\/\/akdenizhaber.com.tr\/?p=30886"},"modified":"2025-12-01T16:11:07","modified_gmt":"2025-12-01T13:11:07","slug":"bir-baska-antalya-3-calistayi-basladi-antalyanin-kulturel-bellegine-sanatci-dokunusu","status":"publish","type":"post","link":"https:\/\/akdenizhaber.com.tr\/index.php\/2025\/12\/01\/bir-baska-antalya-3-calistayi-basladi-antalyanin-kulturel-bellegine-sanatci-dokunusu\/","title":{"rendered":"\u201cBir Ba\u015fka Antalya 3\u201d \u00c7al\u0131\u015ftay\u0131 Ba\u015flad\u0131: Antalya\u2019n\u0131n K\u00fclt\u00fcrel Belle\u011fine Sanat\u00e7\u0131 Dokunu\u015fu"},"content":{"rendered":"\n<p>Ba\u015fkan Hac\u0131s\u00fcleyman, \u201cAntalya herkesin sevdi\u011fi ama herkesin farkl\u0131 bir g\u00f6zle bakt\u0131\u011f\u0131 \u00f6zel bir \u015fehir. Bu \u00e7al\u0131\u015ftayla \u015fehrin \u00e7ok y\u00f6nl\u00fc ruhunu sanat arac\u0131l\u0131\u011f\u0131yla g\u00f6r\u00fcn\u00fcr k\u0131l\u0131yoruz\u201d dedi.<\/p>\n\n\n\n<p>Antalya K\u00fclt\u00fcr Sanat (AKS) \u00e7at\u0131s\u0131 alt\u0131nda bu y\u0131l \u00fc\u00e7\u00fcnc\u00fcs\u00fc d\u00fczenlenen \u201cBir Ba\u015fka Antalya\u201d sanat \u00e7al\u0131\u015ftay\u0131, Antalya Ticaret ve Sanayi Odas\u0131 (ATSO) Y\u00f6netim Kurulu Ba\u015fkan\u0131 Yusuf Hac\u0131s\u00fcleyman\u2019\u0131n ev sahipli\u011finde ger\u00e7ekle\u015ftirilen bas\u0131n lansman\u0131yla ba\u015flad\u0131. Kilit Grup ana sponsorlu\u011funda 26 Kas\u0131m \u2013 4 Aral\u0131k 2025 tarihleri aras\u0131nda Nirvana Cosmopolitan\u2019da ger\u00e7ekle\u015ftirilen \u00e7al\u0131\u015ftay, 10 usta sanat\u00e7\u0131y\u0131 Antalya\u2019n\u0131n k\u00fclt\u00fcrel, tarihsel ve do\u011fal kimli\u011fini \u00fcretimlerine yans\u0131tmak \u00fczere bir araya getiriyor. \u00c7al\u0131\u015ftaya bu y\u0131l Yal\u00e7\u0131n G\u00f6k\u00e7eba\u011f, Mahir G\u00fcven, Hasan Pekmezci, \u015e\u00fckran Pekmezci, G\u00fcrb\u00fcz Do\u011fan Ek\u015fio\u011flu, Hayri Esmer, G\u00fclten \u0130mamo\u011flu, Rahmi Atalay, Bark\u0131n Co\u015fkun ve Furkan Depeli kat\u0131l\u0131yor. \u201cBir Ba\u015fka Antalya 3\u201d sanat \u00e7al\u0131\u015ftay\u0131n\u0131n bas\u0131n lansman\u0131, ATSO E\u011fitim Ara\u015ft\u0131rma ve K\u00fclt\u00fcr Vakf\u0131 Ba\u015fkan Yard\u0131mc\u0131s\u0131 ve ATSO Meclis \u00dcyesi \u00d6mer Gilan ile Vak\u0131f Y\u00f6netim Kurulu \u00dcyesi ve T\u00dcRSAB Antalya Muratpa\u015fa B\u00f6lge Temsil Kurulu Ba\u015fkan\u0131 Onur \u00d6zer, Sergi K\u00fcrat\u00f6r\u00fc Prof. Mustafa A\u011fatekin, Kilit Grubu Y\u00f6netim Kurulu \u00dcyesi Pelin Kilit ve bas\u0131n mensuplar\u0131n\u0131n kat\u0131l\u0131m\u0131yla ger\u00e7ekle\u015fti.<\/p>\n\n\n\n<p>\u201cAli Bahar\u2019\u0131n hayaliydi, biz devam ettiriyoruz\u201d<\/p>\n\n\n\n<p>Bas\u0131n lansman\u0131nda konu\u015fan ATSO Ba\u015fkan\u0131 Yusuf Hac\u0131s\u00fcleyman, \u00e7al\u0131\u015ftay\u0131n merhum ATSO Ba\u015fkan\u0131 Ali Bahar\u2019\u0131n vizyonuyla ba\u015flat\u0131ld\u0131\u011f\u0131n\u0131 vurgulad\u0131. Hac\u0131s\u00fcleyman, \u201cAntalya, do\u011fusundan bat\u0131s\u0131na uzanan co\u011frafyas\u0131yla herkeste farkl\u0131 duygular uyand\u0131ran bir \u015fehir. Ali Ba\u015fkan\u0131m\u0131z bu \u00e7al\u0131\u015ftay\u0131 tasarlarken \u2018Herkes Antalya\u2019y\u0131 farkl\u0131 duygularla ya\u015far, bunu ancak sanat anlat\u0131r\u2019 demi\u015fti. Biz de bu miras\u0131 ya\u015fatmay\u0131 g\u00f6rev biliyoruz\u201d dedi. K\u00fclt\u00fcr ve sanat\u0131n kal\u0131c\u0131 oldu\u011funu belirten Hac\u0131s\u00fcleyman, \u201cTicaret de sanayi de gelip ge\u00e7icidir, fakat k\u00fclt\u00fcr ve sanat insanl\u0131\u011fa b\u0131rak\u0131lan en g\u00fc\u00e7l\u00fc mirast\u0131r. Bu nedenle bu projeye \u00e7ok \u00f6nem veriyoruz\u201d ifadelerini kulland\u0131.<\/p>\n\n\n\n<p>\u201cTicaret Ge\u00e7ici, Sanat Kal\u0131c\u0131d\u0131r\u201d<\/p>\n\n\n\n<p>ATSO Y\u00f6netim Kurulu Ba\u015fkan\u0131 Yusuf Hac\u0131s\u00fcleyman konu\u015fmas\u0131nda, k\u00fclt\u00fcr ve sanat\u0131n toplumlar i\u00e7in ta\u015f\u0131d\u0131\u011f\u0131 kal\u0131c\u0131 de\u011ferin alt\u0131n\u0131 \u00e7izdi. Hac\u0131s\u00fcleyman, \u201cSanat, insan \u00f6mr\u00fcn\u00fc a\u015fan bir g\u00fc\u00e7t\u00fcr. G\u00f6beklitepe\u2019den g\u00fcn\u00fcm\u00fcze kalan en \u00f6nemli miras sanat eserleridir. Ticaret de sanayi de zamanla de\u011fi\u015fir; fakat k\u00fclt\u00fcrel \u00fcretim kal\u0131c\u0131d\u0131r. Bu nedenle bir ticaret ve sanayi odas\u0131 olarak k\u00fclt\u00fcr-sanat projelerine sahip \u00e7\u0131kmay\u0131 g\u00f6rev biliyoruz\u201d dedi. Sanat\u0131n, insanlar\u0131n d\u00fcnyay\u0131 alg\u0131lama bi\u00e7imlerine \u0131\u015f\u0131k tuttu\u011funu belirten Hac\u0131s\u00fcleyman, \u201cSanat\u00e7\u0131lar\u0131n bak\u0131\u015f a\u00e7\u0131s\u0131yla Antalya\u2019n\u0131n ruhunu gelece\u011fe ta\u015f\u0131yoruz. Bu \u00e7al\u0131\u015ftay, sadece y\u0131l i\u00e7inde yap\u0131lan bir etkinlik de\u011fil; Antalya\u2019n\u0131n k\u00fclt\u00fcrel belle\u011fine b\u0131rak\u0131lan bir imzad\u0131r\u201d diye konu\u015ftu.<\/p>\n\n\n\n<p>Prof. Mustafa A\u011fatekin: \u201cBu \u00e7al\u0131\u015fmalar bir \u00e7a\u011fda\u015f sanat m\u00fczesinin temellerini at\u0131yor\u201d<\/p>\n\n\n\n<p>Sergi K\u00fcrat\u00f6r\u00fc Prof. Mustafa A\u011fatekin konu\u015fmas\u0131nda, projenin Antalya\u2019n\u0131n k\u00fclt\u00fcrel belle\u011fine katk\u0131 sunmay\u0131 hedefleyen uzun soluklu bir giri\u015fim oldu\u011funu s\u00f6yledi. A\u011fatekin, \u201cBu \u00e7al\u0131\u015ftaylar, gelecekte Antalya\u2019da bir \u00e7a\u011fda\u015f sanat m\u00fczesinin kurulmas\u0131 yolunda \u00f6nemli ad\u0131mlar olu\u015fturuyor. Farkl\u0131 disiplinlerden sanat\u00e7\u0131lar\u0131n Antalya\u2019ya dair \u00fcretece\u011fi eserler \u015fehrin k\u00fclt\u00fcr\u00fcne b\u00fcy\u00fck zenginlik kat\u0131yor\u201d dedi. Bu y\u0131l \u00e7al\u0131\u015ftay kadrosunda resim alan\u0131ndan 7, heykel alan\u0131ndan ise 3 sanat\u00e7\u0131n\u0131n bulundu\u011funu kaydeden A\u011fatekin, \u00fcretim s\u00fcrecinin bir hafta boyunca Nirvana Cosmopolitan\u2019da devam edece\u011fini belirtti.<\/p>\n\n\n\n<p>Pelin Kilit: \u201cBu bulu\u015fma art\u0131k bizim aile gelene\u011fimiz\u201d<\/p>\n\n\n\n<p>Kilit Grubu Y\u00f6netim Kurulu \u00dcyesi Pelin Kilit ise konu\u015fmas\u0131na merhum Ali Bahar\u2019\u0131 anarak ba\u015flad\u0131. \u00c7al\u0131\u015ftaya ev sahipli\u011fi yapman\u0131n gurur verici oldu\u011funu ifade eden Kilit, etkinli\u011fin her y\u0131l daha b\u00fcy\u00fck bir aile s\u0131cakl\u0131\u011f\u0131yla ger\u00e7ekle\u015fti\u011fini s\u00f6yledi. Kilit, \u201cSanat\u0131n ileti\u015fim g\u00fcc\u00fcn\u00fc, insan\u0131n i\u00e7 sesine dokunan y\u00f6n\u00fcn\u00fc \u00e7ok \u00f6nemsiyoruz. Nirvana otelleri olarak k\u00fclt\u00fcr ve sanat projelerine destek vermek bizim i\u00e7in sorumluluk de\u011fil, g\u00f6n\u00fclden bir tercihtir\u201d dedi.<\/p>\n\n\n\n<p>Sanat\u00e7\u0131lar \u00fcretime ba\u015flad\u0131<\/p>\n\n\n\n<p>Heykel ve resim disiplinlerinden sanat\u00e7\u0131lar\u0131n yer ald\u0131\u011f\u0131 \u00e7al\u0131\u015ftayda, heykel sanat\u0131 alan\u0131nda Bark\u0131n Co\u015fkun, Furkan Depeli, Rahmi Atalay, resim sanat\u0131 alan\u0131nda Yal\u00e7\u0131n G\u00f6k\u00e7eba\u011f, Mahir G\u00fcven, Hasan Pekmezci, \u015e\u00fckran Pekmezci, G\u00fclten \u0130mamo\u011flu, Hayri Esmer, ill\u00fcstrasyon-resim sanat\u0131 alan\u0131nda ise G\u00fcrb\u00fcz Do\u011fan Ek\u015fio\u011flu, Antalya\u2019n\u0131n k\u00fclt\u00fcrel, tarihsel ve do\u011fal kimli\u011fini kendi \u00fcsluplar\u0131yla yorumlayacak ve ortaya \u00e7\u0131kan eserler y\u0131l sonunda \u00f6zel bir sergide sanatseverlerle bulu\u015facak.<\/p>\n\n\n\n<p>Antalya Ticaret ve Sanayi Odas\u0131 \/ B\u00fclten<\/p>\n","protected":false},"excerpt":{"rendered":"<p>Ba\u015fkan Hac\u0131s\u00fcleyman, \u201cAntalya herkesin sevdi\u011fi ama herkesin farkl\u0131 bir g\u00f6zle bakt\u0131\u011f\u0131 \u00f6zel bir \u015fehir. Bu \u00e7al\u0131\u015ftayla \u015fehrin \u00e7ok y\u00f6nl\u00fc ruhunu sanat arac\u0131l\u0131\u011f\u0131yla g\u00f6r\u00fcn\u00fcr k\u0131l\u0131yoruz\u201d dedi. <a href=\"https:\/\/akdenizhaber.com.tr\/index.php\/2025\/12\/01\/bir-baska-antalya-3-calistayi-basladi-antalyanin-kulturel-bellegine-sanatci-dokunusu\/\" class=\"read-more-link\">[more&#8230;]<\/a><\/p>\n","protected":false},"author":2,"featured_media":30887,"comment_status":"open","ping_status":"open","sticky":false,"template":"","format":"standard","meta":{"footnotes":""},"categories":[2],"tags":[],"class_list":["post-30886","post","type-post","status-publish","format-standard","has-post-thumbnail","hentry","category-gundem"],"_links":{"self":[{"href":"https:\/\/akdenizhaber.com.tr\/index.php\/wp-json\/wp\/v2\/posts\/30886","targetHints":{"allow":["GET"]}}],"collection":[{"href":"https:\/\/akdenizhaber.com.tr\/index.php\/wp-json\/wp\/v2\/posts"}],"about":[{"href":"https:\/\/akdenizhaber.com.tr\/index.php\/wp-json\/wp\/v2\/types\/post"}],"author":[{"embeddable":true,"href":"https:\/\/akdenizhaber.com.tr\/index.php\/wp-json\/wp\/v2\/users\/2"}],"replies":[{"embeddable":true,"href":"https:\/\/akdenizhaber.com.tr\/index.php\/wp-json\/wp\/v2\/comments?post=30886"}],"version-history":[{"count":1,"href":"https:\/\/akdenizhaber.com.tr\/index.php\/wp-json\/wp\/v2\/posts\/30886\/revisions"}],"predecessor-version":[{"id":30888,"href":"https:\/\/akdenizhaber.com.tr\/index.php\/wp-json\/wp\/v2\/posts\/30886\/revisions\/30888"}],"wp:featuredmedia":[{"embeddable":true,"href":"https:\/\/akdenizhaber.com.tr\/index.php\/wp-json\/wp\/v2\/media\/30887"}],"wp:attachment":[{"href":"https:\/\/akdenizhaber.com.tr\/index.php\/wp-json\/wp\/v2\/media?parent=30886"}],"wp:term":[{"taxonomy":"category","embeddable":true,"href":"https:\/\/akdenizhaber.com.tr\/index.php\/wp-json\/wp\/v2\/categories?post=30886"},{"taxonomy":"post_tag","embeddable":true,"href":"https:\/\/akdenizhaber.com.tr\/index.php\/wp-json\/wp\/v2\/tags?post=30886"}],"curies":[{"name":"wp","href":"https:\/\/api.w.org\/{rel}","templated":true}]}}