{"id":30882,"date":"2025-11-29T13:46:43","date_gmt":"2025-11-29T10:46:43","guid":{"rendered":"https:\/\/akdenizhaber.com.tr\/?p=30882"},"modified":"2025-11-29T13:46:43","modified_gmt":"2025-11-29T10:46:43","slug":"manavgat-engelliler-dernegindenherkes-icin-esit-bir-dunya-semineri","status":"publish","type":"post","link":"https:\/\/akdenizhaber.com.tr\/index.php\/2025\/11\/29\/manavgat-engelliler-dernegindenherkes-icin-esit-bir-dunya-semineri\/","title":{"rendered":"Manavgat Engelliler Derne\u011finden\u201cHerkes \u0130\u00e7in E\u015fit Bir D\u00fcnya\u201d Semineri"},"content":{"rendered":"\n<p><br>Manavgat Engelliler Derne\u011fi (MEDER), engellilik konusunda toplumsal fark\u0131ndal\u0131\u011f\u0131 art\u0131rmak amac\u0131yla \u201cHerkes \u0130\u00e7in E\u015fit Bir D\u00fcnya \u2013 Engellilik Fark\u0131ndal\u0131\u011f\u0131 Semineri\u201d d\u00fczenliyor. Etkinlik, 2 Aral\u0131k Sal\u0131 g\u00fcn\u00fc saat 13.30\u2019da Atat\u00fcrk K\u00fclt\u00fcr Merkezi\u2019nde ger\u00e7ekle\u015ftirilecek. Seminerde, alan\u0131nda uzman panelistler engellilikle ilgili farkl\u0131 perspektiflerden \u00f6nemli bilgiler payla\u015facak.<br>Panelistler aras\u0131nda Aromaterapi Uzman\u0131 ve Eczac\u0131 \u015eerife \u015e\u00fckran Atalay Bay\u0131rl\u0131, Klinik Psikolog Zehra Dilara \u00d6zen ve Fizyoterapist Harun Mete Ko\u00e7 yer al\u0131yor.<br>Etkinlik, engelli bireylerin ya\u015fam kalitesini art\u0131rmaya y\u00f6nelik fark\u0131ndal\u0131k olu\u015fturmay\u0131, toplumda daha kapsay\u0131c\u0131 bir anlay\u0131\u015f geli\u015ftirmeyi ve farkl\u0131 disiplinlerden uzmanlar\u0131n katk\u0131lar\u0131yla bilgilendirmeyi ama\u00e7l\u0131yor.<br>Manavgat Engelliler Derne\u011fi, t\u00fcm halk\u0131 seminere davet ederek engellilik alan\u0131nda duyarl\u0131l\u0131k ve e\u015fitlik bilincinin g\u00fc\u00e7lendirilmesine katk\u0131 sunmay\u0131 hedefliyor.<br>Tarih: 2 Aral\u0131k Sal\u0131 Saat: 13.30 Yer: Atat\u00fcrk K\u00fclt\u00fcr Merkezi<\/p>\n\n\n\n<p>Haber Merkezi<\/p>\n","protected":false},"excerpt":{"rendered":"<p>Manavgat Engelliler Derne\u011fi (MEDER), engellilik konusunda toplumsal fark\u0131ndal\u0131\u011f\u0131 art\u0131rmak amac\u0131yla \u201cHerkes \u0130\u00e7in E\u015fit Bir D\u00fcnya \u2013 Engellilik Fark\u0131ndal\u0131\u011f\u0131 Semineri\u201d d\u00fczenliyor. Etkinlik, 2 Aral\u0131k Sal\u0131 g\u00fcn\u00fc <a href=\"https:\/\/akdenizhaber.com.tr\/index.php\/2025\/11\/29\/manavgat-engelliler-dernegindenherkes-icin-esit-bir-dunya-semineri\/\" class=\"read-more-link\">[more&#8230;]<\/a><\/p>\n","protected":false},"author":2,"featured_media":30883,"comment_status":"open","ping_status":"open","sticky":false,"template":"","format":"standard","meta":{"footnotes":""},"categories":[2],"tags":[],"class_list":["post-30882","post","type-post","status-publish","format-standard","has-post-thumbnail","hentry","category-gundem"],"_links":{"self":[{"href":"https:\/\/akdenizhaber.com.tr\/index.php\/wp-json\/wp\/v2\/posts\/30882","targetHints":{"allow":["GET"]}}],"collection":[{"href":"https:\/\/akdenizhaber.com.tr\/index.php\/wp-json\/wp\/v2\/posts"}],"about":[{"href":"https:\/\/akdenizhaber.com.tr\/index.php\/wp-json\/wp\/v2\/types\/post"}],"author":[{"embeddable":true,"href":"https:\/\/akdenizhaber.com.tr\/index.php\/wp-json\/wp\/v2\/users\/2"}],"replies":[{"embeddable":true,"href":"https:\/\/akdenizhaber.com.tr\/index.php\/wp-json\/wp\/v2\/comments?post=30882"}],"version-history":[{"count":1,"href":"https:\/\/akdenizhaber.com.tr\/index.php\/wp-json\/wp\/v2\/posts\/30882\/revisions"}],"predecessor-version":[{"id":30884,"href":"https:\/\/akdenizhaber.com.tr\/index.php\/wp-json\/wp\/v2\/posts\/30882\/revisions\/30884"}],"wp:featuredmedia":[{"embeddable":true,"href":"https:\/\/akdenizhaber.com.tr\/index.php\/wp-json\/wp\/v2\/media\/30883"}],"wp:attachment":[{"href":"https:\/\/akdenizhaber.com.tr\/index.php\/wp-json\/wp\/v2\/media?parent=30882"}],"wp:term":[{"taxonomy":"category","embeddable":true,"href":"https:\/\/akdenizhaber.com.tr\/index.php\/wp-json\/wp\/v2\/categories?post=30882"},{"taxonomy":"post_tag","embeddable":true,"href":"https:\/\/akdenizhaber.com.tr\/index.php\/wp-json\/wp\/v2\/tags?post=30882"}],"curies":[{"name":"wp","href":"https:\/\/api.w.org\/{rel}","templated":true}]}}