{"id":30869,"date":"2025-11-27T16:38:32","date_gmt":"2025-11-27T13:38:32","guid":{"rendered":"https:\/\/akdenizhaber.com.tr\/?p=30869"},"modified":"2025-11-27T16:38:32","modified_gmt":"2025-11-27T13:38:32","slug":"pazarcilar-odasi-baskani-mehmet-dogan-laf-uretmiyoruz-hizmet-ediyoruz","status":"publish","type":"post","link":"https:\/\/akdenizhaber.com.tr\/index.php\/2025\/11\/27\/pazarcilar-odasi-baskani-mehmet-dogan-laf-uretmiyoruz-hizmet-ediyoruz\/","title":{"rendered":"Pazarc\u0131lar Odas\u0131 Ba\u015fkan\u0131 Mehmet Do\u011fan;                    \u201cLAF \u00dcRETM\u0130YORUZ H\u0130ZMET ED\u0130YORUZ \u201c"},"content":{"rendered":"\n<p><\/p>\n\n\n\n<p>Sabit ve Seyyar Pazarc\u0131lar Odas\u0131 Ba\u015fkan\u0131 ve yap\u0131lacak olan se\u00e7imlerde yeniden aday olan Mehmet Do\u011fan \u201cG\u00f6rev s\u00fcrecimiz boyunca laf \u00fcretmek yerine hizmet etmeyi hedef alarak,7\/24 pazarc\u0131 esnaf\u0131m\u0131z\u0131n yan\u0131nda olduk\u201d dedi.<\/p>\n\n\n\n<p>\u00dcyelerinin takdirleri ve oylar\u0131 il g\u00f6reve lay\u0131k g\u00f6r\u00fcld\u00fc\u011f\u00fc g\u00fcnden bu yana ge\u00e7en s\u00fcre\u00e7 i\u00e7erisinde bir \u00e7ok hizmete ve yenili\u011fe imza att\u0131klar\u0131n\u0131 ifade eden Mehmet Do\u011fan, \u00f6n\u00fcm\u00fczdeki se\u00e7imlerde \u00fcyelerinden yeniden g\u00fcven oyu istedi\u011fini belirtti.<\/p>\n\n\n\n<p>Ba\u015fkanl\u0131k g\u00f6revi boyunca y\u00f6netim kurulu \u00fcyeleri ile gece-g\u00fcnd\u00fcz, pazarc\u0131 esnaf\u0131 ile birlikte olduklar\u0131n\u0131 ac\u0131s\u0131yla, mutlulu\u011fuyla kocaman bir aile yaratarak her konuda yan\u0131 ba\u015flar\u0131nda olmaktan mutluluk duyduklar\u0131n\u0131 s\u00f6yleyen Mehmet Do\u011fan \u015f\u00f6yle konu\u015ftu;<\/p>\n\n\n\n<p>\u201cSabah\u0131n erken saatlerinde, hatal\u0131 park sebebiyle tezg\u00e2h\u0131n\u0131 a\u00e7amayan esnaf\u0131m\u0131z\u0131n ma\u011fduriyetini, odam\u0131za kazand\u0131rd\u0131\u011f\u0131m\u0131z aparatlar sayesinde k\u0131sa s\u00fcrede giderdik. Bizim i\u00e7in saatin, hava ko\u015fulunun ya da \u015fartlar\u0131n hi\u00e7bir \u00f6nemi yok.<\/p>\n\n\n\n<p>Her zaman oldu\u011fu gibi bug\u00fcn de \u00e7\u00f6z\u00fcm \u00fcreten, sahada olan ve esnaf\u0131yla omuz omuza duran bir anlay\u0131\u015fla \u00e7al\u0131\u015fmaya devam ediyoruz. Yar\u0131n da devam edece\u011fiz, dedi\u011fim gibi bizler pazarc\u0131 esnaf\u0131 olarak kocaman bir aileyiz. Bu aileyi daha b\u00fcy\u00fcmek ve t\u00fcm sorunlar\u0131 \u00e7\u00f6zmek i\u00e7in y\u00fcre\u011fimizi ortaya koymaya devam edece\u011fiz. Biz hep sahaday\u0131z, hep esnaf\u0131m\u0131z\u0131n yan\u0131nday\u0131z. Ayn\u0131 kararl\u0131l\u0131kla, ayn\u0131 hizmet a\u015fk\u0131yla \u00e7al\u0131\u015fmaya devam edece\u011fiz.<\/p>\n\n\n\n<p>T\u00fcm esnaflar\u0131m\u0131za hay\u0131rl\u0131 i\u015fler, bol ve bereketli kazan\u00e7lar diliyorum\u201d s\u00f6zlerini tamamlad\u0131.<\/p>\n\n\n\n<p>B\u00fc\u015fra Deveci \/ Haber<\/p>\n","protected":false},"excerpt":{"rendered":"<p>Sabit ve Seyyar Pazarc\u0131lar Odas\u0131 Ba\u015fkan\u0131 ve yap\u0131lacak olan se\u00e7imlerde yeniden aday olan Mehmet Do\u011fan \u201cG\u00f6rev s\u00fcrecimiz boyunca laf \u00fcretmek yerine hizmet etmeyi hedef alarak,7\/24 <a href=\"https:\/\/akdenizhaber.com.tr\/index.php\/2025\/11\/27\/pazarcilar-odasi-baskani-mehmet-dogan-laf-uretmiyoruz-hizmet-ediyoruz\/\" class=\"read-more-link\">[more&#8230;]<\/a><\/p>\n","protected":false},"author":2,"featured_media":30870,"comment_status":"open","ping_status":"open","sticky":false,"template":"","format":"standard","meta":{"footnotes":""},"categories":[2],"tags":[],"class_list":["post-30869","post","type-post","status-publish","format-standard","has-post-thumbnail","hentry","category-gundem"],"_links":{"self":[{"href":"https:\/\/akdenizhaber.com.tr\/index.php\/wp-json\/wp\/v2\/posts\/30869","targetHints":{"allow":["GET"]}}],"collection":[{"href":"https:\/\/akdenizhaber.com.tr\/index.php\/wp-json\/wp\/v2\/posts"}],"about":[{"href":"https:\/\/akdenizhaber.com.tr\/index.php\/wp-json\/wp\/v2\/types\/post"}],"author":[{"embeddable":true,"href":"https:\/\/akdenizhaber.com.tr\/index.php\/wp-json\/wp\/v2\/users\/2"}],"replies":[{"embeddable":true,"href":"https:\/\/akdenizhaber.com.tr\/index.php\/wp-json\/wp\/v2\/comments?post=30869"}],"version-history":[{"count":1,"href":"https:\/\/akdenizhaber.com.tr\/index.php\/wp-json\/wp\/v2\/posts\/30869\/revisions"}],"predecessor-version":[{"id":30871,"href":"https:\/\/akdenizhaber.com.tr\/index.php\/wp-json\/wp\/v2\/posts\/30869\/revisions\/30871"}],"wp:featuredmedia":[{"embeddable":true,"href":"https:\/\/akdenizhaber.com.tr\/index.php\/wp-json\/wp\/v2\/media\/30870"}],"wp:attachment":[{"href":"https:\/\/akdenizhaber.com.tr\/index.php\/wp-json\/wp\/v2\/media?parent=30869"}],"wp:term":[{"taxonomy":"category","embeddable":true,"href":"https:\/\/akdenizhaber.com.tr\/index.php\/wp-json\/wp\/v2\/categories?post=30869"},{"taxonomy":"post_tag","embeddable":true,"href":"https:\/\/akdenizhaber.com.tr\/index.php\/wp-json\/wp\/v2\/tags?post=30869"}],"curies":[{"name":"wp","href":"https:\/\/api.w.org\/{rel}","templated":true}]}}