{"id":30866,"date":"2025-11-27T16:37:21","date_gmt":"2025-11-27T13:37:21","guid":{"rendered":"https:\/\/akdenizhaber.com.tr\/?p=30866"},"modified":"2025-11-27T16:37:22","modified_gmt":"2025-11-27T13:37:22","slug":"bosanma-ve-kadina-karsi-siddet-paneli-duzenlendi","status":"publish","type":"post","link":"https:\/\/akdenizhaber.com.tr\/index.php\/2025\/11\/27\/bosanma-ve-kadina-karsi-siddet-paneli-duzenlendi\/","title":{"rendered":"Bo\u015fanma ve Kad\u0131na Kar\u015f\u0131 \u015eiddet Paneli D\u00fczenlendi"},"content":{"rendered":"\n<p>Akdeniz \u00dcniversitesi Edebiyat Fak\u00fcltesi ve Hukuk Fak\u00fcltesi i\u015f birli\u011fiyle \u201cBo\u015fanma ve Kad\u0131na Kar\u015f\u0131 \u015eiddet\u201d ba\u015fl\u0131kl\u0131 panel d\u00fczenlendi. Rekt\u00f6r Prof. Dr. \u00d6zlenen \u00d6zkan, \u015fiddetle m\u00fccadelede e\u011fitimin kilit rol\u00fcne dikkat \u00e7ekti.<\/p>\n\n\n\n<p>Akdeniz \u00dcniversitesi Edebiyat Fak\u00fcltesi ve Hukuk Fak\u00fcltesi i\u015f birli\u011fiyle Kad\u0131na Y\u00f6nelik \u015eiddete Kar\u015f\u0131 Uluslararas\u0131 M\u00fccadele G\u00fcn\u00fc kapsam\u0131nda d\u00fczenlenen \u201cBo\u015fanma ve Kad\u0131na Kar\u015f\u0131 \u015eiddet\u201d ba\u015fl\u0131kl\u0131 panel, Edebiyat Fak\u00fcltesi Bumin Ka\u011fan Konferans Salonu\u2019nda ger\u00e7ekle\u015ftirildi. Panele Akdeniz \u00dcniversitesi Rekt\u00f6r\u00fc Prof. Dr. \u00d6zlenen \u00d6zkan, Rekt\u00f6r Yard\u0131mc\u0131lar\u0131 Prof. Dr. Ay\u015fe G\u00fclbin Ar\u0131c\u0131, Prof. Dr. \u015e\u00fckr\u00fc \u00d6zen, Edebiyat Fak\u00fcltesi Dekan\u0131 Prof. Dr. Nur\u015fen Adak, Hukuk Fak\u00fcltesi Dekan\u0131 Prof. Dr. Necla \u00d6zt\u00fcrk, sivil toplum kurulu\u015fu temsilcileri, akademisyenler ve \u00f6\u011frenciler kat\u0131ld\u0131.<\/p>\n\n\n\n<p>KADINA Y\u00d6NEL\u0130K \u015e\u0130DDET TOPLUMSAL B\u0130R YARADIR<\/p>\n\n\n\n<p>Panelin a\u00e7\u0131l\u0131\u015f konu\u015fmas\u0131n\u0131 ger\u00e7ekle\u015ftiren Akdeniz \u00dcniversitesi Rekt\u00f6r\u00fc Prof. Dr. \u00d6zlenen \u00d6zkan, \u201cBug\u00fcn burada, toplumumuzun en temel insan haklar\u0131 sorunlar\u0131ndan birini bilimsel bir \u00e7er\u00e7evede tart\u0131\u015fmak \u00fczere bir araya geldik. Edebiyat Fak\u00fcltemiz ve Hukuk Fak\u00fcltemizin i\u015f birli\u011fiyle d\u00fczenlenen bu panel, yaln\u0131zca bir akademik etkinlik de\u011fil; ayn\u0131 zamanda hepimizin ta\u015f\u0131d\u0131\u011f\u0131 toplumsal sorumlulu\u011fun g\u00fc\u00e7l\u00fc bir hat\u0131rlat\u0131c\u0131s\u0131d\u0131r. Kad\u0131na y\u00f6nelik \u015fiddet; bireysel bir mesele, bir aile i\u00e7i sorun ya da hukuki bir ba\u015fl\u0131k de\u011fildir. Bu, toplumsal bir yarad\u0131r. K\u00fclt\u00fcrel, ekonomik, psikolojik ve hukuki t\u00fcm y\u00f6nleriyle b\u00fct\u00fcnc\u00fcl bir yakla\u015f\u0131m gerektiren \u00e7ok boyutlu bir meseleyle kar\u015f\u0131 kar\u015f\u0131yay\u0131z. Bu hafta 25 Kas\u0131m Kad\u0131na Y\u00f6nelik \u015eiddete Kar\u015f\u0131 Uluslararas\u0131 M\u00fccadele G\u00fcn\u00fc kapsam\u0131nda d\u00fcnyada fark\u0131ndal\u0131k \u00e7al\u0131\u015fmalar\u0131 y\u00fcr\u00fct\u00fcl\u00fcyor. Bizim sorumlulu\u011fumuz ise fark\u0131ndal\u0131\u011f\u0131 bir g\u00fcne ya da haftaya s\u0131\u011fd\u0131rman\u0131n \u00f6tesine ge\u00e7erek bu konuyu s\u00fcrekli g\u00fcndemde tutmak ve \u00e7\u00f6z\u00fcm \u00fcretmektir.\u201d dedi.<\/p>\n\n\n\n<p>M\u00dcCADELE Z\u0130H\u0130N, B\u0130L\u0130N\u00c7 VE E\u011e\u0130T\u0130MLE KAZANILIR<\/p>\n\n\n\n<p>Rekt\u00f6r \u00d6zkan, \u201cKad\u0131na kar\u015f\u0131 \u015fiddet ile m\u00fccadele yaln\u0131zca kanunlarla de\u011fil; zihinlerle, bilin\u00e7le, e\u011fitimle kazan\u0131l\u0131r. D\u00fcn \u00d6\u011fretmenler G\u00fcn\u00fc\u2019n\u00fc kutlad\u0131k. Bu iki g\u00fcn\u00fcn art arda gelmesi, bizlere \u015fiddetle m\u00fccadelede en g\u00fc\u00e7l\u00fc silah\u0131m\u0131z\u0131n e\u011fitim oldu\u011funu bir kez daha hat\u0131rlatmaktad\u0131r. De\u011ferler e\u011fitimi, sayg\u0131, empati ve insan onuruna ba\u011fl\u0131l\u0131k ailede ba\u015flar; okulda g\u00fc\u00e7lenir. Bu de\u011fer e\u011fitimi; insan\u0131, hayvan\u0131, do\u011fay\u0131, ya\u015fam\u0131 sevmeyi \u00f6\u011fretir. Ve sevginin oldu\u011fu yerde \u015fiddet bar\u0131namaz.&nbsp; Bu nedenle, insan\u0131, do\u011fay\u0131 ve d\u00fcnyay\u0131 sevmeyi te\u015fvik eden; empatiyi ve ho\u015fg\u00f6r\u00fcy\u00fc merkeze alan bir yakla\u015f\u0131m geli\u015ftirmeliyiz. \u00c7ocuklara ve gen\u00e7lere farkl\u0131l\u0131klara sayg\u0131 duymay\u0131, sorunlar\u0131 \u015fiddet yerine diyalog yoluyla \u00e7\u00f6zmeyi ve her canl\u0131n\u0131n ya\u015fam hakk\u0131na de\u011fer vermeyi hat\u0131rlatacak bir bak\u0131\u015f a\u00e7\u0131s\u0131 kazand\u0131rmal\u0131y\u0131z.\u201d \u015feklinde konu\u015ftu.<\/p>\n\n\n\n<p>KADIN G\u00dc\u00c7LEN\u0130RSE TOPLUM G\u00dc\u00c7LEN\u0130R<\/p>\n\n\n\n<p>Rekt\u00f6r \u00d6zkan, \u201c\u00dcniversiteler olarak bizim de rol\u00fcm\u00fcz \u00e7ok net. Sadece akademik bilgi \u00fcretmek de\u011fil, insan haklar\u0131n\u0131, e\u015fitli\u011fi, adaleti ve toplumsal duyarl\u0131l\u0131\u011f\u0131 ya\u015fam\u0131n do\u011fal bir par\u00e7as\u0131 haline getiren bir k\u00fclt\u00fcr olu\u015fturmal\u0131y\u0131z. 5 Aral\u0131k T\u00fcrk Kad\u0131n\u0131na Se\u00e7me ve Se\u00e7ilme Hakk\u0131 verilmesinin y\u0131l d\u00f6n\u00fcm\u00fcne de yakla\u015f\u0131yoruz. Mustafa Kemal Atat\u00fcrk, bir \u00fclkenin \u00e7a\u011fda\u015fl\u0131\u011f\u0131n\u0131n \u00f6l\u00e7\u00fcs\u00fcn\u00fcn kad\u0131nlar\u0131n toplumdaki konumu oldu\u011funu daha Cumhuriyetin ilk y\u0131llar\u0131nda ortaya koydu. Bizler, T\u00fcrkiye Cumhuriyeti\u2019nin kurucusu Gazi Mustafa Kemal Atat\u00fcrk\u2019\u00fcn \u00f6nderli\u011finde, kad\u0131nlara se\u00e7me ve se\u00e7ilme hakk\u0131n\u0131n bir\u00e7ok Bat\u0131 \u00fclkesinden \u00f6nce, 5 Aral\u0131k 1934\u2019te tan\u0131nd\u0131\u011f\u0131 bir medeniyetin miras\u00e7\u0131lar\u0131y\u0131z. Bu tarih, Cumhuriyetimizin kad\u0131n-erkek e\u015fitli\u011fine verdi\u011fi \u00f6nemin ve kad\u0131nlar\u0131m\u0131z\u0131n toplumsal hayattaki yerini sa\u011flamla\u015ft\u0131ran Cumhuriyet kazan\u0131mlar\u0131n\u0131n en somut g\u00f6stergesidir. Bizlere d\u00fc\u015fen g\u00f6rev, o miras\u0131 y\u00fckseltmek ve g\u00fc\u00e7lendirmektir. \u00c7\u00fcnk\u00fc Atat\u00fcrk\u2019\u00fcn a\u00e7t\u0131\u011f\u0131 yol \u00e7ok a\u00e7\u0131kt\u0131r: Kad\u0131n g\u00fc\u00e7lenirse toplum g\u00fc\u00e7lenir. Kad\u0131n \u00f6zg\u00fcrle\u015firse \u00fclke ilerler.\u201d ifadelerini kulland\u0131.<\/p>\n\n\n\n<p>PANEL\u0130 D\u00dcZENLEYENLERE TE\u015eEKK\u00dcR<\/p>\n\n\n\n<p>Rekt\u00f6r \u00d6zkan, \u201cKad\u0131na y\u00f6nelik \u015fiddetin \u00f6nlenmesi, yaln\u0131zca cezai yapt\u0131r\u0131mlarla de\u011fil; G\u00fc\u00e7l\u00fc sosyal politikalarla, etkin e\u011fitim programlar\u0131yla, toplumdaki cinsiyet e\u015fitli\u011fi bilincinin erken ya\u015flarda kazand\u0131r\u0131lmas\u0131yla, ailede ve okulda de\u011ferler e\u011fitimine \u00f6nem verilmesiyle m\u00fcmk\u00fcn olacakt\u0131r. \u00dcniversiteler bu d\u00f6n\u00fc\u015f\u00fcm\u00fcn kalbidir. Bug\u00fcn burada yap\u0131lan panel de i\u015fte tam bu nedenle \u00e7ok k\u0131ymetlidir. Akademisyenlerimizin de\u011ferlendirmeleri, hukuk d\u00fcnyas\u0131ndan katk\u0131lar ve toplumsal analizler; do\u011fruyu g\u00f6rmemiz, \u00e7\u00f6z\u00fcm \u00fcretmemiz ve daha adil bir toplum in\u015fa etmemiz i\u00e7in hayati \u00f6nemdedir. Bu etkinli\u011fi d\u00fczenleyen Edebiyat Fak\u00fcltemize ve Hukuk Fak\u00fcltemize te\u015fekk\u00fcr ediyorum. Katk\u0131 sunan t\u00fcm hocalar\u0131m\u0131za ve paneli takip eden \u00f6\u011frencilerimize ayr\u0131ca te\u015fekk\u00fcr ediyorum. Dile\u011fim; burada konu\u015fulanlar\u0131n ger\u00e7ek hayata dokunmas\u0131, bir ki\u015finin bile ya\u015fam\u0131n\u0131 de\u011fi\u015ftirecek bir fark\u0131ndal\u0131k olu\u015fturmas\u0131d\u0131r.\u201d dedi.<\/p>\n\n\n\n<p>AKADEM\u0130K VE ADL\u0130 YAKLA\u015eIMLAR KONU\u015eULDU<\/p>\n\n\n\n<p>A\u00e7\u0131l\u0131\u015f konu\u015fmas\u0131n\u0131n ard\u0131ndan oturum ba\u015fkanl\u0131\u011f\u0131n\u0131 Hukuk Fak\u00fcltesi Dekan\u0131 Prof. Dr. Necla \u00d6zt\u00fcrk\u2019\u00fcn yapt\u0131\u011f\u0131 panelde, Edebiyat Fak\u00fcltesi Dekan\u0131 Prof. Dr. Nur\u015fen Adak ve Dr. \u00c7a\u011fr\u0131 Elmas \u201cBo\u015fanma ve Kad\u0131na Kar\u015f\u0131 \u015eiddet\u201d konusunu ele alarak kat\u0131l\u0131mc\u0131lara sundu.<\/p>\n\n\n\n<p>Panelde Antalya 7. Aile Mahkemesi H\u00e2kimi \u015eelale S\u00fcer ise \u201c\u015eiddetin G\u00f6r\u00fcnen ve G\u00f6r\u00fcnmeyen Y\u00fcz\u00fc: Bo\u015fanma Davalar\u0131 \u00dczerinden Bir De\u011ferlendirme\u201d ba\u015fl\u0131kl\u0131 konu\u015fmas\u0131n\u0131 ger\u00e7ekle\u015ftirerek kat\u0131l\u0131mc\u0131lar\u0131 bilgilendirdi. Panel kat\u0131l\u0131mc\u0131lara plaket takdimi ile sona erdi.<\/p>\n\n\n\n<p>Akdeniz \u00dcniversitesi Rekt\u00f6rl\u00fc\u011f\u00fc \/ B\u00fclten<\/p>\n","protected":false},"excerpt":{"rendered":"<p>Akdeniz \u00dcniversitesi Edebiyat Fak\u00fcltesi ve Hukuk Fak\u00fcltesi i\u015f birli\u011fiyle \u201cBo\u015fanma ve Kad\u0131na Kar\u015f\u0131 \u015eiddet\u201d ba\u015fl\u0131kl\u0131 panel d\u00fczenlendi. Rekt\u00f6r Prof. Dr. \u00d6zlenen \u00d6zkan, \u015fiddetle m\u00fccadelede e\u011fitimin <a href=\"https:\/\/akdenizhaber.com.tr\/index.php\/2025\/11\/27\/bosanma-ve-kadina-karsi-siddet-paneli-duzenlendi\/\" class=\"read-more-link\">[more&#8230;]<\/a><\/p>\n","protected":false},"author":2,"featured_media":30867,"comment_status":"open","ping_status":"open","sticky":false,"template":"","format":"standard","meta":{"footnotes":""},"categories":[2],"tags":[],"class_list":["post-30866","post","type-post","status-publish","format-standard","has-post-thumbnail","hentry","category-gundem"],"_links":{"self":[{"href":"https:\/\/akdenizhaber.com.tr\/index.php\/wp-json\/wp\/v2\/posts\/30866","targetHints":{"allow":["GET"]}}],"collection":[{"href":"https:\/\/akdenizhaber.com.tr\/index.php\/wp-json\/wp\/v2\/posts"}],"about":[{"href":"https:\/\/akdenizhaber.com.tr\/index.php\/wp-json\/wp\/v2\/types\/post"}],"author":[{"embeddable":true,"href":"https:\/\/akdenizhaber.com.tr\/index.php\/wp-json\/wp\/v2\/users\/2"}],"replies":[{"embeddable":true,"href":"https:\/\/akdenizhaber.com.tr\/index.php\/wp-json\/wp\/v2\/comments?post=30866"}],"version-history":[{"count":1,"href":"https:\/\/akdenizhaber.com.tr\/index.php\/wp-json\/wp\/v2\/posts\/30866\/revisions"}],"predecessor-version":[{"id":30868,"href":"https:\/\/akdenizhaber.com.tr\/index.php\/wp-json\/wp\/v2\/posts\/30866\/revisions\/30868"}],"wp:featuredmedia":[{"embeddable":true,"href":"https:\/\/akdenizhaber.com.tr\/index.php\/wp-json\/wp\/v2\/media\/30867"}],"wp:attachment":[{"href":"https:\/\/akdenizhaber.com.tr\/index.php\/wp-json\/wp\/v2\/media?parent=30866"}],"wp:term":[{"taxonomy":"category","embeddable":true,"href":"https:\/\/akdenizhaber.com.tr\/index.php\/wp-json\/wp\/v2\/categories?post=30866"},{"taxonomy":"post_tag","embeddable":true,"href":"https:\/\/akdenizhaber.com.tr\/index.php\/wp-json\/wp\/v2\/tags?post=30866"}],"curies":[{"name":"wp","href":"https:\/\/api.w.org\/{rel}","templated":true}]}}