{"id":30854,"date":"2025-11-27T16:30:08","date_gmt":"2025-11-27T13:30:08","guid":{"rendered":"https:\/\/akdenizhaber.com.tr\/?p=30854"},"modified":"2025-11-27T16:30:08","modified_gmt":"2025-11-27T13:30:08","slug":"manavgatta-kadin-haklari-ve-siddetle-mucadele-konusuldu","status":"publish","type":"post","link":"https:\/\/akdenizhaber.com.tr\/index.php\/2025\/11\/27\/manavgatta-kadin-haklari-ve-siddetle-mucadele-konusuldu\/","title":{"rendered":"Manavgat\u2019ta Kad\u0131n Haklar\u0131 ve \u015eiddetle M\u00fccadele Konu\u015fuldu"},"content":{"rendered":"\n<p>Manavgat Belediyesi, 25 Kas\u0131m Kad\u0131na Y\u00f6nelik \u015eiddete Kar\u015f\u0131 Uluslararas\u0131 M\u00fccadele G\u00fcn\u00fc kapsam\u0131nda d\u00fczenledi\u011fi fark\u0131ndal\u0131k program\u0131 \u00e7er\u00e7evesinde, \u00d6nce \u00c7ocuklar ve Kad\u0131nlar Derne\u011fi Ba\u015fkan\u0131 Avukat M\u00fcjde Tozbey\u2019in kat\u0131l\u0131m\u0131yla Atat\u00fcrk K\u00fclt\u00fcr Merkezi\u2019nde bir s\u00f6yle\u015fi ger\u00e7ekle\u015ftirdi.<\/p>\n\n\n\n<p>Etkinli\u011fe Manavgat Belediye Ba\u015fkan Vekili Av. Mehmet \u00c7i\u00e7ek, sivil toplum temsilcileri ve \u00e7ok say\u0131da vatanda\u015f kat\u0131ld\u0131. S\u00f6yle\u015fide, kad\u0131na y\u00f6nelik \u015fiddetin toplumsal, psikolojik ve hukuki boyutlar\u0131 kapsaml\u0131 bir \u015fekilde ele al\u0131nd\u0131. Av. M\u00fcjde Tozbey, \u015fiddetle m\u00fccadele s\u00fcre\u00e7lerinde kad\u0131nlar\u0131n ba\u015fvurabilece\u011fi mekanizmalar, yasal haklar ve korunma tedbirleri \u00fczerine detayl\u0131 bilgiler payla\u015ft\u0131.<\/p>\n\n\n\n<p>\u015eiddetin toplumun t\u00fcm kesimlerini ilgilendiren yap\u0131sal bir problem oldu\u011funu s\u00f6yleyen Tozbey, fark\u0131ndal\u0131k \u00e7al\u0131\u015fmalar\u0131n\u0131n \u015fiddetin \u00f6nlenmesinde hayati rol ta\u015f\u0131d\u0131\u011f\u0131n\u0131 ifade etti.<\/p>\n\n\n\n<p>S\u00f6yle\u015fi, kat\u0131l\u0131mc\u0131lar\u0131n sorular\u0131n\u0131n yan\u0131tlanmas\u0131n\u0131n ard\u0131ndan sona erdi. Etkinlik sonunda Ba\u015fkan Vekili Av. Mehmet \u00c7i\u00e7ek, sunumu ve katk\u0131lar\u0131 dolay\u0131s\u0131yla Av. M\u00fcjde Tozbey\u2019e te\u015fekk\u00fcr ederek plaket takdim etti.<\/p>\n\n\n\n<p>Manavgat Belediyesi \/ B\u00fclten<\/p>\n","protected":false},"excerpt":{"rendered":"<p>Manavgat Belediyesi, 25 Kas\u0131m Kad\u0131na Y\u00f6nelik \u015eiddete Kar\u015f\u0131 Uluslararas\u0131 M\u00fccadele G\u00fcn\u00fc kapsam\u0131nda d\u00fczenledi\u011fi fark\u0131ndal\u0131k program\u0131 \u00e7er\u00e7evesinde, \u00d6nce \u00c7ocuklar ve Kad\u0131nlar Derne\u011fi Ba\u015fkan\u0131 Avukat M\u00fcjde Tozbey\u2019in <a href=\"https:\/\/akdenizhaber.com.tr\/index.php\/2025\/11\/27\/manavgatta-kadin-haklari-ve-siddetle-mucadele-konusuldu\/\" class=\"read-more-link\">[more&#8230;]<\/a><\/p>\n","protected":false},"author":2,"featured_media":30855,"comment_status":"open","ping_status":"open","sticky":false,"template":"","format":"standard","meta":{"footnotes":""},"categories":[1],"tags":[],"class_list":["post-30854","post","type-post","status-publish","format-standard","has-post-thumbnail","hentry","category-blog"],"_links":{"self":[{"href":"https:\/\/akdenizhaber.com.tr\/index.php\/wp-json\/wp\/v2\/posts\/30854","targetHints":{"allow":["GET"]}}],"collection":[{"href":"https:\/\/akdenizhaber.com.tr\/index.php\/wp-json\/wp\/v2\/posts"}],"about":[{"href":"https:\/\/akdenizhaber.com.tr\/index.php\/wp-json\/wp\/v2\/types\/post"}],"author":[{"embeddable":true,"href":"https:\/\/akdenizhaber.com.tr\/index.php\/wp-json\/wp\/v2\/users\/2"}],"replies":[{"embeddable":true,"href":"https:\/\/akdenizhaber.com.tr\/index.php\/wp-json\/wp\/v2\/comments?post=30854"}],"version-history":[{"count":1,"href":"https:\/\/akdenizhaber.com.tr\/index.php\/wp-json\/wp\/v2\/posts\/30854\/revisions"}],"predecessor-version":[{"id":30856,"href":"https:\/\/akdenizhaber.com.tr\/index.php\/wp-json\/wp\/v2\/posts\/30854\/revisions\/30856"}],"wp:featuredmedia":[{"embeddable":true,"href":"https:\/\/akdenizhaber.com.tr\/index.php\/wp-json\/wp\/v2\/media\/30855"}],"wp:attachment":[{"href":"https:\/\/akdenizhaber.com.tr\/index.php\/wp-json\/wp\/v2\/media?parent=30854"}],"wp:term":[{"taxonomy":"category","embeddable":true,"href":"https:\/\/akdenizhaber.com.tr\/index.php\/wp-json\/wp\/v2\/categories?post=30854"},{"taxonomy":"post_tag","embeddable":true,"href":"https:\/\/akdenizhaber.com.tr\/index.php\/wp-json\/wp\/v2\/tags?post=30854"}],"curies":[{"name":"wp","href":"https:\/\/api.w.org\/{rel}","templated":true}]}}