{"id":30844,"date":"2025-11-27T16:40:34","date_gmt":"2025-11-27T13:40:34","guid":{"rendered":"https:\/\/akdenizhaber.com.tr\/?p=30844"},"modified":"2025-11-27T16:40:34","modified_gmt":"2025-11-27T13:40:34","slug":"manavgat-saglik-platformu-gecici-yurutme-kuruluyasam-hakkimizdan-vazgecmeyecegiz","status":"publish","type":"post","link":"https:\/\/akdenizhaber.com.tr\/index.php\/2025\/11\/27\/manavgat-saglik-platformu-gecici-yurutme-kuruluyasam-hakkimizdan-vazgecmeyecegiz\/","title":{"rendered":"Manavgat Sa\u011fl\u0131k Platformu Ge\u00e7ici Y\u00fcr\u00fctme Kurulu;\u201cYa\u015fam Hakk\u0131m\u0131zdan Vazge\u00e7meyece\u011fiz\u201d"},"content":{"rendered":"\n<p>Manavgat Sa\u011fl\u0131k Platformu Ge\u00e7ici Y\u00fcr\u00fctme Kurulu ad\u0131na Ali G\u00f6k\u00e7e yaz\u0131l\u0131 bir bas\u0131n a\u00e7\u0131klamas\u0131 yaparak E\u011fitim ve Ara\u015ft\u0131rma Hastanesinin Manavgat i\u00e7in neden vazge\u00e7ilmez oldu\u011funu a\u00e7\u0131klad\u0131. Yap\u0131lan yaz\u0131l\u0131 bas\u0131n a\u00e7\u0131klamas\u0131nda a\u015fa\u011f\u0131daki g\u00f6r\u00fc\u015flere yer verildi;<\/p>\n\n\n\n<p>\u201cManavgat Sa\u011fl\u0131k Platformu Ge\u00e7ici Y\u00fcr\u00fctme olarak, il\u00e7emizin acil ve hayati \u00f6nem ta\u015f\u0131yan bir sa\u011fl\u0131k sorununu, bir kez daha en g\u00fcr sesimizle kamuoyunun dikkatine sunmak istiyoruz. Aral\u0131k 2024&#8217;ten bu yana y\u00fcr\u00fctt\u00fc\u011f\u00fcm\u00fcz kapsaml\u0131 \u00e7al\u0131\u015fmalar neticesinde, 106 Mahalle Muhtar\u0131m\u0131z ve Sivil Toplum Kurulu\u015flar\u0131m\u0131zla yapt\u0131\u011f\u0131m\u0131z g\u00f6r\u00fc\u015fmelerle birlikte, Manavgat halk\u0131n\u0131n tek ve ortak talebini kararl\u0131l\u0131kla dile getiriyoruz:<br>Manavgat&#8217;a Modern Bir 3. BASAMAK E\u011fitim ve Ara\u015ft\u0131rma Hastanesi Derhal Kazand\u0131r\u0131lmal\u0131d\u0131r!<br>Bu talebimizi, il\u00e7emizdeki K\u0131ymetli t\u00fcm Siyasi Parti il\u00e7e Ba\u015fkanlar\u0131m\u0131za ve K\u0131ymetli Antalya Milletvekillerimize detayl\u0131 bir mektupla iletti\u011fimizi bir kez daha vurgulamak isteriz.<br>Bu mektuplarda, 2. Basamak Devlet Hastaneleri ile 3. Basamak E\u011fitim ve Ara\u015ft\u0131rma Hastaneleri aras\u0131ndaki T\u0131bbi, Teknik ve Hukuki devasa farklar\u0131 bilimsel verilerle ortaya koyduk.<br>MANAVGAT HALKININ \u00c7ARES\u0130ZL\u0130\u011e\u0130 NET B\u0130R D\u0130LLE VURGULANMI\u015eTIR!<br>Manavgat, T\u00fcrkiye ekonomisine katk\u0131s\u0131yla Antalya birincisi, 50 ilden daha fazla Milli Gelire katk\u0131 sunan dev bir potansiyeldir. Bu gurur verici ekonomik g\u00fcce ra\u011fmen, ne yaz\u0131k ki en temel anayasal hakk\u0131m\u0131z olan YA\u015eAM HAKKI g\u00f6z ard\u0131 edilmektedir!<br>Dar gelirli k\u00f6yl\u00fclerimiz, ge\u00e7imini turizmden sa\u011flayan emek\u00e7ilerimiz, Emeklilerimiz ve fakir halk\u0131m\u0131z;<br>Kalp Krizi an\u0131nda,Yenido\u011fan \u00dcnitesi (Neonatoloji) gerektiren durumlarda,\u00d6zellikli Onkoloji tedavilerinde,\u0130leri d\u00fczey Kalp ve Damar Cerrahisi ihtiya\u00e7lar\u0131nda,<br>\u2026\u2026en \u00fcst d\u00fczey sa\u011fl\u0131k hizmetine eri\u015fmek i\u00e7in Antalya veya Alanya E\u011fitim ve Ara\u015ft\u0131rma Hastanesine gitmek zorunda kalmaktad\u0131r! Bu acil durumlarda ya\u015fanan can kay\u0131plar\u0131 ve sa\u011fl\u0131klar\u0131n\u0131n bozulmas\u0131 kar\u015f\u0131s\u0131nda ya\u015fad\u0131klar\u0131 \u00e7aresizlik, art\u0131k tahamm\u00fcl s\u0131n\u0131r\u0131n\u0131 a\u015fm\u0131\u015ft\u0131r!<br>Fakir halk\u0131m\u0131z\u0131n \u00f6zel hastanelere gitme l\u00fcks\u00fc yoktur ve olamaz!<br>Sa\u011fl\u0131k hizmeti l\u00fcks de\u011fil, hakt\u0131r!<br>E\u011fitim ve Ara\u015ft\u0131rma Hastanesi Neden Vazge\u00e7ilmezdir?<br>3.Basamak E\u011fitim ve Ara\u015ft\u0131rma Hastaneleri, sadece yatak say\u0131s\u0131ndan ibaret de\u011fildir! Bu hastaneler:<br>\u0130leri D\u00fczey Tan\u0131 ve Tedavi imkanlar\u0131n\u0131,<br>Yan Dal ve \u00dcst Dal Kliniklerini (Onkoloji, Kardiyovask\u00fcler Cerrahi, Nefroloji, Romatoloji vb.) Manavgat&#8217;a getirir.<br>Profes\u00f6r, Do\u00e7ent, Ba\u015fasistan gibi y\u00fcksek nitelikli akademik kadrolar\u0131n il\u00e7emizde g\u00f6rev yapmas\u0131n\u0131 sa\u011flar.<br>B\u00f6lgeyi \u00f6nemli bir Sa\u011fl\u0131k Turizmi merkezi haline getirerek k\u0131\u015f turizmine ivme kazand\u0131r\u0131r.<br>Mazeretler Ger\u00e7e\u011fi Yans\u0131tm\u0131yor!<br>Baz\u0131 \u00e7evrelerce dile getirilen; &#8220;\u0130mar sorunu var, \u00e7\u00f6z\u00fclmez&#8221; ya da &#8220;\u00d6nce \u00dcniversite kurulmas\u0131 laz\u0131m&#8221; gibi s\u00f6ylemlerin ger\u00e7e\u011fi yans\u0131tmad\u0131\u011f\u0131n\u0131 ve ciddi birer mazeret olarak kabul edilemeyece\u011fini \u00f6nemle belirtmek isteriz.<br>\u0130mar sorunu, kararl\u0131 bir siyasi iradeyle k\u0131sa bir s\u00fcre i\u00e7inde \u00c7evre \u015eehircilik ve \u0130klim De\u011fi\u015fikli\u011fi Bakanl\u0131\u011f\u0131nca \u00e7\u00f6z\u00fclebilecek teknik bir sorundur. Bunu kimse mazeret olarak \u00f6ne s\u00fcremez!<br>\u00dcniversite s\u00f6ylemleri ise projemizin \u00f6n\u00fcn\u00fc t\u0131kamaya y\u00f6nelik i\u00e7i bo\u015f bir oyalama takti\u011fidir\u201d denildi.<\/p>\n\n\n\n<p>Destek Verenlere Te\u015fekk\u00fcr ve Halk\u0131m\u0131za \u00c7a\u011fr\u0131!<br>Bu hakl\u0131 m\u00fccadelemize inanarak desteklerini a\u00e7\u0131klayan ve yan\u0131m\u0131zda olan:<br>\u0130yi Parti \u0130l\u00e7e Ba\u015fkanl\u0131\u011f\u0131na<br>T\u00fcrkiye \u0130\u015f\u00e7i Partisi (T\u0130P) \u0130l\u00e7e Ba\u015fkanl\u0131\u011f\u0131na,<br>Demokrasi ve At\u0131l\u0131m Partisi (DEVA) \u0130l\u00e7e Ba\u015fkanl\u0131\u011f\u0131na,<br>Saadet Partisi \u0130l\u00e7e Ba\u015fkanl\u0131\u011f\u0131na,<br>Platform Payda\u015flar\u0131m\u0131za,<br>ve Yerel Bas\u0131n Mensuplar\u0131na<\/p>\n\n\n\n<p>\u2026Manavgat Sa\u011fl\u0131k Platformu olarak y\u00fcrekten te\u015fekk\u00fcr ediyoruz.<\/p>\n\n\n\n<p>Di\u011fer Siyasi Parti \u0130l\u00e7e Ba\u015fkanl\u0131klar\u0131n\u0131n K\u0131ymetli Desteklerini Bekliyoruz!<\/p>\n\n\n\n<p>MANAVGAT HALKIMIZA VE DE\u011eERL\u0130 MUHTARLARIMIZA B\u00dcY\u00dcK \u00c7A\u011eRI:<br>MANAVGAT HALKIMIZ, 103 MAHALLE MUHTARIMIZ VE DESTEK VEREN T\u00dcM PLATFORM PAYDA\u015eLARIMIZ;<br>BU B\u0130Z\u0130M SORUNUMUZDUR! L\u00dcTFEN SORUNUMUZA SAH\u0130P \u00c7IKALIM!<br>PLANLANAN \u0130MZA KAMPANYASINA G\u00dc\u00c7L\u00dc B\u0130R \u015eEK\u0130LDE KATILMANIZI VE HAKKINIZA SAH\u0130P \u00c7IKMANIZI TALEP ED\u0130YORUZ!<br>Manavgat Sa\u011fl\u0131k Platformu Ge\u00e7ici Y\u00fcr\u00fctme olarak, bu hayati yat\u0131r\u0131m\u0131n il\u00e7emize kazand\u0131r\u0131lmas\u0131 i\u00e7in m\u00fccadelemize aral\u0131ks\u0131z devam edece\u011fimizi Kamuoyuna Sayg\u0131yla Duyururuz.<\/p>\n\n\n\n<p>B\u00fc\u015fra Deveci \/ Haber<\/p>\n","protected":false},"excerpt":{"rendered":"<p>Manavgat Sa\u011fl\u0131k Platformu Ge\u00e7ici Y\u00fcr\u00fctme Kurulu ad\u0131na Ali G\u00f6k\u00e7e yaz\u0131l\u0131 bir bas\u0131n a\u00e7\u0131klamas\u0131 yaparak E\u011fitim ve Ara\u015ft\u0131rma Hastanesinin Manavgat i\u00e7in neden vazge\u00e7ilmez oldu\u011funu a\u00e7\u0131klad\u0131. Yap\u0131lan <a href=\"https:\/\/akdenizhaber.com.tr\/index.php\/2025\/11\/27\/manavgat-saglik-platformu-gecici-yurutme-kuruluyasam-hakkimizdan-vazgecmeyecegiz\/\" class=\"read-more-link\">[more&#8230;]<\/a><\/p>\n","protected":false},"author":2,"featured_media":30845,"comment_status":"open","ping_status":"open","sticky":false,"template":"","format":"standard","meta":{"footnotes":""},"categories":[2],"tags":[],"class_list":["post-30844","post","type-post","status-publish","format-standard","has-post-thumbnail","hentry","category-gundem"],"_links":{"self":[{"href":"https:\/\/akdenizhaber.com.tr\/index.php\/wp-json\/wp\/v2\/posts\/30844","targetHints":{"allow":["GET"]}}],"collection":[{"href":"https:\/\/akdenizhaber.com.tr\/index.php\/wp-json\/wp\/v2\/posts"}],"about":[{"href":"https:\/\/akdenizhaber.com.tr\/index.php\/wp-json\/wp\/v2\/types\/post"}],"author":[{"embeddable":true,"href":"https:\/\/akdenizhaber.com.tr\/index.php\/wp-json\/wp\/v2\/users\/2"}],"replies":[{"embeddable":true,"href":"https:\/\/akdenizhaber.com.tr\/index.php\/wp-json\/wp\/v2\/comments?post=30844"}],"version-history":[{"count":1,"href":"https:\/\/akdenizhaber.com.tr\/index.php\/wp-json\/wp\/v2\/posts\/30844\/revisions"}],"predecessor-version":[{"id":30846,"href":"https:\/\/akdenizhaber.com.tr\/index.php\/wp-json\/wp\/v2\/posts\/30844\/revisions\/30846"}],"wp:featuredmedia":[{"embeddable":true,"href":"https:\/\/akdenizhaber.com.tr\/index.php\/wp-json\/wp\/v2\/media\/30845"}],"wp:attachment":[{"href":"https:\/\/akdenizhaber.com.tr\/index.php\/wp-json\/wp\/v2\/media?parent=30844"}],"wp:term":[{"taxonomy":"category","embeddable":true,"href":"https:\/\/akdenizhaber.com.tr\/index.php\/wp-json\/wp\/v2\/categories?post=30844"},{"taxonomy":"post_tag","embeddable":true,"href":"https:\/\/akdenizhaber.com.tr\/index.php\/wp-json\/wp\/v2\/tags?post=30844"}],"curies":[{"name":"wp","href":"https:\/\/api.w.org\/{rel}","templated":true}]}}