{"id":30773,"date":"2025-11-20T16:48:39","date_gmt":"2025-11-20T13:48:39","guid":{"rendered":"https:\/\/akdenizhaber.com.tr\/?p=30773"},"modified":"2025-11-20T16:48:40","modified_gmt":"2025-11-20T13:48:40","slug":"akdeniz-universitesi-dis-paydaslariyla-bir-araya-geldi","status":"publish","type":"post","link":"https:\/\/akdenizhaber.com.tr\/index.php\/2025\/11\/20\/akdeniz-universitesi-dis-paydaslariyla-bir-araya-geldi\/","title":{"rendered":"Akdeniz \u00dcniversitesi D\u0131\u015f Payda\u015flar\u0131yla Bir Araya Geldi"},"content":{"rendered":"\n<p>Akdeniz \u00dcniversitesi\u2019nde kamu kurumlar\u0131 ve sivil toplum kurulu\u015flar\u0131n\u0131n kat\u0131ld\u0131\u011f\u0131 D\u0131\u015f Payda\u015f Toplant\u0131s\u0131 d\u00fczenlendi.<\/p>\n\n\n\n<p>Akdeniz \u00dcniversitesi Senato Salonu\u2019nda kamu kurumlar\u0131 ve sivil toplum kurulu\u015flar\u0131n\u0131n temsilcilerinin yer ald\u0131\u011f\u0131 Akdeniz \u00dcniversitesi D\u0131\u015f Payda\u015f Toplant\u0131s\u0131 ger\u00e7ekle\u015ftirildi. Akdeniz \u00dcniversitesi Rekt\u00f6r Prof. Dr. \u00d6zlenen \u00d6zkan ba\u015fkanl\u0131\u011f\u0131nda yap\u0131lan toplant\u0131ya Rekt\u00f6r Yard\u0131mc\u0131lar\u0131 Prof. Dr. Ay\u015fe G\u00fclbin Ar\u0131c\u0131, Prof. Dr. \u015e\u00fckr\u00fc \u00d6zen, Uluslararas\u0131 \u0130li\u015fkiler Ofisi Koordinat\u00f6r\u00fc Prof. Dr. \u0130rfan Turhan, Genel Sekreter Dr. Ali Evren \u0130mre ve kamu ve sivil toplum kurulu\u015f temsilcileri kat\u0131ld\u0131.<\/p>\n\n\n\n<p>B\u0130R \u00dcN\u0130VERS\u0130TE \u0130\u00c7\u0130NDE BULUNDU\u011eU \u015eEH\u0130RLE NEFES ALIR<\/p>\n\n\n\n<p>G\u00f6reve geldikleri g\u00fcnden bu yana temel hedeflerinin \u00fcniversitenin kap\u0131lar\u0131n\u0131 \u015fehre sonuna kadar a\u00e7mak oldu\u011funu belirten Akdeniz \u00dcniversitesi Rekt\u00f6r\u00fc Prof. Dr. \u00d6zlenen \u00d6zkan, \u201cAntalya\u2019n\u0131n farkl\u0131 alanlar\u0131na y\u00f6n veren sizlerin katk\u0131s\u0131 bizim i\u00e7in \u00e7ok k\u0131ymetli. Bug\u00fcn bu toplant\u0131y\u0131 yaln\u0131zca bilgi vermek i\u00e7in de\u011fil, ortak akl\u0131 g\u00fc\u00e7lendirmek, birlikte yol y\u00fcr\u00fcmek ve \u015fehrimizin gelece\u011fini \u00fcniversiteyle daha fazla bulu\u015fturmak i\u00e7in ger\u00e7ekle\u015ftiriyoruz. Akdeniz \u00dcniversitesi olarak g\u00f6reve geldi\u011fimiz g\u00fcnden beri bir hedefimiz var: Bu \u00fcniversitenin kap\u0131lar\u0131n\u0131 \u015fehre sonuna kadar a\u00e7mak. \u00c7\u00fcnk\u00fc biliyoruz ki bir \u00fcniversite, i\u00e7inde bulundu\u011fu \u015fehirle nefes al\u0131r; \u015fehir de \u00fcniversitesi kadar g\u00fc\u00e7lenir.\u201d dedi.<\/p>\n\n\n\n<p>ARA\u015eTIRMA \u00dcN\u0130VERS\u0130TES\u0130 DAHA DA G\u00dc\u00c7LEND\u0130RECEK<\/p>\n\n\n\n<p>Son be\u015f y\u0131lda sanayiden turizme, sa\u011fl\u0131ktan tar\u0131ma kadar Antalya&#8217;n\u0131n t\u00fcm kurumlar\u0131yla g\u00fc\u00e7l\u00fc ba\u011flar kuruldu\u011funun alt\u0131n\u0131 \u00e7izen Rekt\u00f6r \u00d6zkan, 7 bin personeli ve 60 bin \u00f6\u011frencisiyle b\u00fcy\u00fck bir etki alan\u0131na sahip olan Akdeniz \u00dcniversitesi\u2019nin Kurumsal Akreditasyon Belgesi ald\u0131\u011f\u0131n\u0131 ve Ara\u015ft\u0131rma \u00dcniversitesi Aday \u0130zleme Program\u0131\u2019na dahil edildi\u011fini s\u00f6yledi. Rekt\u00f6r \u00d6zkan, ara\u015ft\u0131rma \u00fcniversitesi olma s\u00fcrecinin tamamlanmas\u0131yla b\u00fct\u00e7e, proje kapasitesi ve akademik kadro imk\u00e2nlar\u0131n\u0131n daha da g\u00fc\u00e7lenece\u011fi vurgulad\u0131.<\/p>\n\n\n\n<p>ULUSLARARASI SIRALAMALARDA DA C\u0130DD\u0130 B\u0130R Y\u00dcKSEL\u0130\u015e<\/p>\n\n\n\n<p>Rekt\u00f6r \u00d6zkan, \u201cBu d\u00f6n\u00fc\u015f\u00fcm sadece belgelerle s\u0131n\u0131rl\u0131 de\u011fil. Uluslararas\u0131 s\u0131ralamalarda da ciddi bir y\u00fckseli\u015f g\u00f6steriyoruz. Times Higher Education s\u0131ralamalar\u0131nda hem genel hem alan bazl\u0131 kategorilerde son y\u0131llar\u0131n en g\u00fc\u00e7l\u00fc \u00e7\u0131k\u0131\u015f\u0131n\u0131 yapt\u0131k. Bu, \u00fcniversitemizin k\u00fcresel \u00f6l\u00e7ekte g\u00f6r\u00fcn\u00fcr hale geldi\u011finin \u00f6nemli bir g\u00f6stergesidir.\u201d \u015feklinde konu\u015ftu.<\/p>\n\n\n\n<p>G\u00dc\u00c7L\u00dc \u00dcN\u0130VERS\u0130TE; G\u00dc\u00c7L\u00dc \u015eEH\u0130R DEMEKT\u0130R<\/p>\n\n\n\n<p>Akdeniz \u00dcniversitesi&#8217;nin sadece akademik de\u011fil, stratejik alanlarda da \u00f6nemli at\u0131l\u0131mlar att\u0131\u011f\u0131n\u0131 belirten Rekt\u00f6r \u00d6zkan, e\u011fitim alan\u0131nda yap\u0131lan \u00e7al\u0131\u015fmalar\u0131, sa\u011fl\u0131k alan\u0131nda yap\u0131lan yat\u0131r\u0131mlar\u0131, teknoloji ve tar\u0131m alan\u0131nda yap\u0131lan yat\u0131r\u0131mlar\u0131 ve s\u00fcrd\u00fcr\u00fclebilirlik alan\u0131nda ger\u00e7ekle\u015ftirilen yat\u0131r\u0131mlar\u0131 kat\u0131l\u0131mc\u0131larla payla\u015farak; \u201c\u0130\u015fin en \u00f6nemli k\u0131sm\u0131, projelerimizin b\u00fcy\u00fck \u00e7o\u011funlu\u011funu \u015fehirle g\u00fc\u00e7l\u00fc i\u015f birlikleri sayesinde hayata ge\u00e7irdik. Antalya, hay\u0131rseverlik k\u00fclt\u00fcr\u00fc g\u00fc\u00e7l\u00fc bir \u015fehir. \u00dcniversitemizin bir\u00e7ok yat\u0131r\u0131m\u0131 kamu, \u00fcniversite, \u015fehir i\u015f birli\u011fiyle ger\u00e7ekle\u015fti. \u0130\u015f d\u00fcnyam\u0131z\u0131n bu katk\u0131lar\u0131 hem kurumsal geli\u015fimimize hem de Antalya\u2019n\u0131n gelece\u011fine de\u011fer kat\u0131yor. Bug\u00fcn bu toplant\u0131y\u0131 ger\u00e7ekle\u015ftirirken temel amac\u0131m\u0131z, yeni d\u00f6nemin stratejik plan\u0131n\u0131 sizlerle birlikte \u015fekillendirmek. \u00c7\u00fcnk\u00fc \u015funu \u00e7ok iyi biliyoruz. G\u00fc\u00e7l\u00fc \u00fcniversite; g\u00fc\u00e7l\u00fc \u015fehir demektir. G\u00fc\u00e7l\u00fc \u015fehir; g\u00fc\u00e7l\u00fc i\u015f birlikleriyle m\u00fcmk\u00fcnd\u00fcr. Antalya\u2019n\u0131n dinamizmi, Akdeniz \u00dcniversitesi\u2019nin bilimsel kapasitesi ve sizlerin sahadaki tecr\u00fcbesi birle\u015fti\u011finde, ortaya \u00e7ok daha b\u00fcy\u00fck bir sinerji \u00e7\u0131kt\u0131\u011f\u0131n\u0131 g\u00f6r\u00fcyoruz. Bu nedenle g\u00f6r\u00fc\u015fleriniz, \u00f6nerileriniz bizim i\u00e7in yol haritas\u0131d\u0131r. Antalya\u2019n\u0131n potansiyelini b\u00fcy\u00fctmek, \u00fcniversitenin uluslararas\u0131 rekabet g\u00fcc\u00fcn\u00fc art\u0131rmak ve gen\u00e7lerimize daha nitelikli bir gelecek olu\u015fturmak i\u00e7in hep birlikte \u00e7al\u0131\u015fmaya haz\u0131r\u0131z.\u201d dedi.<\/p>\n\n\n\n<p>YAKIN, ORTA, UZUN VADE STRATEJ\u0130K HEDEFLER<\/p>\n\n\n\n<p>Rekt\u00f6r Yard\u0131mc\u0131s\u0131 Prof. Dr. \u015e\u00fckr\u00fc \u00d6zen de, Akdeniz \u00dcniversitesi\u2019nin yak\u0131n, orta, uzun vade stratejik hedefleri ve yol haritas\u0131nda planlanan konular\u0131 payla\u015farak g\u00f6r\u00fc\u015f ve \u00f6nerilerini almak ve kentin dinamikleriyle birlikte gelece\u011fi planlamak i\u00e7in bir arada olduklar\u0131n\u0131 s\u00f6yledi. \u00d6zen, ara\u015ft\u0131rma, geli\u015ftirme, giri\u015fimcilik, e\u011fitim, \u00f6\u011fretim, toplumsal katk\u0131 ba\u015fl\u0131klar\u0131nda Akdeniz \u00dcniversitesi\u2019nin yapt\u0131\u011f\u0131 \u00e7al\u0131\u015fmalarla ilgili sunumunu detayl\u0131 bir \u015fekilde kat\u0131l\u0131mc\u0131larla payla\u015farak toplant\u0131ya i\u015ftirak edenlere te\u015fekk\u00fcr etti.<\/p>\n\n\n\n<p>SU ENST\u0130T\u00dcS\u00dc \u00d6NER\u0130S\u0130<\/p>\n\n\n\n<p>\u0130l Tar\u0131m ve Orman M\u00fcd\u00fcrl\u00fc\u011f\u00fc \u015eube M\u00fcd\u00fcr\u00fc \u0130brahim Irmak, su konusunun T\u00fcrkiye\u2019nin g\u00fcndeminde olmas\u0131 gerekti\u011fini ve Antalya ve \u00e7evre illerindeki su krizinin giderilmesi i\u00e7in kamu kurum ve kurulu\u015flar\u0131 ile b\u00fct\u00fcn sekt\u00f6r payda\u015flar\u0131n\u0131n birlikte hareket etmesi gerekti\u011fini ifade ederek Akdeniz \u00dcniversitesi b\u00fcnyesinde bir Su Enstit\u00fcs\u00fc\u2019n\u00fcn kurulmas\u0131n\u0131 \u00f6nerdi.<\/p>\n\n\n\n<p>AFET VE AC\u0130L DURUM \u00c7ALI\u015eTAYLARI<\/p>\n\n\n\n<p>\u0130l Afet ve Acil Durum M\u00fcd\u00fcrl\u00fc\u011f\u00fc \u0130l M\u00fcd\u00fcr Yard\u0131mc\u0131s\u0131 Perihan Akba\u015f Kayhan, Akdeniz \u00dcniversitesi ile ge\u00e7mi\u015fte g\u00fczel \u00e7al\u0131\u015fmalar yap\u0131ld\u0131\u011f\u0131n\u0131 belirterek ilerleyen tarihlerde de hem Akdeniz \u00dcniversitesi \u00f6\u011fretim \u00fcyelerine hem de \u00f6\u011frencilerine y\u00f6nelik afet ve acil durumlar\u0131 hakk\u0131nda bilgilendirmeler yap\u0131lmas\u0131 gerekti\u011fini ifade etti.<\/p>\n\n\n\n<p>\u00dcN\u0130VERS\u0130TE \u00d6NCES\u0130 \u00d6\u011eRENC\u0130LERLE ORTAK ETK\u0130LE\u015e\u0130M<\/p>\n\n\n\n<p>\u0130l Milli E\u011fitim M\u00fcd\u00fcrl\u00fc\u011f\u00fc Ar-Ge biriminden Seyit Ahmet Uysal, Akdeniz \u00dcniversitesi\u2019nin tan\u0131t\u0131m\u0131nda daha etkin hareket etmek i\u00e7in \u00fcniversite ve liseler aras\u0131nda birlikte etkinlikler, ortak dersler, ortak ara\u015ft\u0131rma laboratuvarlar\u0131 i\u00e7erisinde ara\u015ft\u0131rmalar yap\u0131lmas\u0131 \u00f6nerisinde bulundu.<\/p>\n\n\n\n<p>AKDEN\u0130Z \u00dcN\u0130VERS\u0130TES\u0130\u2019NE \u0130\u015e B\u0130RL\u0130KLER\u0130NDEN DOLAYI TE\u015eEKK\u00dcR<\/p>\n\n\n\n<p>Y\u00fcksel Tohumculuk ad\u0131na toplant\u0131ya kat\u0131lan G\u00f6khan Topalo\u011flu ise Akdeniz \u00dcniversitesi\u2019nin firmalar\u0131yla yapt\u0131klar\u0131 i\u015f birli\u011finden dolay\u0131 te\u015fekk\u00fcr etti\u011fini belirterek Akdeniz \u00dcniversitesi mezunu olarak toplant\u0131da yer almaktan dolay\u0131 duydu\u011fu memnuniyeti dile getirdi.<\/p>\n\n\n\n<p>Y\u00f6r\u00fcko\u011flu S\u00fct \u00dcr\u00fcnleri Anonim \u015eirketi Genel M\u00fcd\u00fcr Yard\u0131mc\u0131s\u0131 Emre Ba\u015far \u00c7elebi, ar\u0131tma sulardan \u00e7\u0131kan sular\u0131n de\u011ferlendirilmesi ve bir g\u00f6let olu\u015fturularak bu sular\u0131n yak\u0131n s\u00f6nd\u00fcrme ya da tar\u0131msal sulama alan\u0131nda kullan\u0131lmas\u0131yla ciddi bir su israf\u0131n\u0131n \u00f6n\u00fcne ge\u00e7ilece\u011fi fikrini payla\u015ft\u0131.<\/p>\n\n\n\n<p>SU VER\u0130ML\u0130L\u0130\u011e\u0130 BELGES\u0130<\/p>\n\n\n\n<p>T\u00fcrk Standartlar\u0131 Enstit\u00fcs\u00fc (TSE) Akdeniz B\u00f6lge Koordinat\u00f6r\u00fc Hasan Demirta\u015f ise kat\u0131l\u0131mc\u0131lara Antalya\u2019da bulunan kamu kurumu ve kurulu\u015flar\u0131 ba\u015fta olmak \u00fczere \u00f6zel sekt\u00f6r temsilcilerinin de en k\u0131sa zamanda su verimlili\u011fi belgesi almalar\u0131 \u00f6nerisinde bulundu.<\/p>\n\n\n\n<p>SU KONUSUNDA F\u0130K\u0130R B\u0130RL\u0130\u011e\u0130<\/p>\n\n\n\n<p>T\u00fcm payda\u015flar\u0131n\u0131n \u00f6nerilerini sundu\u011fu toplant\u0131da \u00f6zellikle su y\u00f6netimi konusunda gelen \u00f6neriler do\u011frultusunda Akdeniz \u00dcniversitesi\u2019nin konudaki hassasiyeti, y\u00fcr\u00fct\u00fclen projeler ve yap\u0131labilecek \u00e7al\u0131\u015fmalar konu\u015fuldu.<\/p>\n\n\n\n<p>Payda\u015f toplant\u0131s\u0131na Aile ve Sosyal Hizmetler \u0130l M\u00fcd\u00fcrl\u00fc\u011f\u00fc, \u0130l Afet ve Acil Durum M\u00fcd\u00fcrl\u00fc\u011f\u00fc, \u0130l Milli E\u011fitim M\u00fcd\u00fcrl\u00fc\u011f\u00fc, \u0130l Tar\u0131m ve Orman M\u00fcd\u00fcrl\u00fc\u011f\u00fc, Bat\u0131 Akdeniz Tar\u0131msal Ara\u015ft\u0131rma Enstit\u00fcs\u00fc M\u00fcd\u00fcrl\u00fc\u011f\u00fc, Bat\u0131 Akdeniz G\u00fcmr\u00fck ve D\u0131\u015f Ticaret B\u00f6lge M\u00fcd\u00fcrl\u00fc\u011f\u00fc, Gen\u00e7lik ve Spor \u0130l M\u00fcd\u00fcrl\u00fc\u011f\u00fc, Sosyal G\u00fcvenlik Kurumu \u0130l M\u00fcd\u00fcrl\u00fc\u011f\u00fc, Sanayi ve Teknoloji \u0130l M\u00fcd\u00fcrl\u00fc\u011f\u00fc, Antalya Sanayici ve \u0130\u015f \u0130nsanlar\u0131 Derne\u011fi (ANS\u0130AD), Y\u00f6r\u00fck Sanayici ve \u0130\u015f \u0130nsanlar\u0131 Derne\u011fi (Y\u00d6RS\u0130AD), M\u00fcstakil Sanayici \u0130\u015f Adamlar\u0131 Derne\u011fi Antalya \u015eubesi, Gen\u00e7 M\u00fcstakil Sanayici ve \u0130\u015fadamlar\u0131 Derne\u011fi, Antalya Ticaret Borsas\u0131, Antalya Di\u015f Hekimleri Odas\u0131, Elektrik M\u00fchendisleri Odas\u0131, \u0130n\u015faat M\u00fchendisleri Odas\u0131, Mimarlar Odas\u0131, Peyzaj Mimarlar\u0131 Odas\u0131, \u015eehir Planc\u0131lar\u0131 Odas\u0131, TMMOB Makine M\u00fchendisleri Odas\u0131, Jeoloji M\u00fchendisleri Odas\u0131, Harita ve Kadastro M\u00fchendisleri Odas\u0131, T\u00fcrk Telekom Antalya B\u00f6lge M\u00fcd\u00fcrl\u00fc\u011f\u00fc, Antalya Gazeteciler Cemiyeti, Antalya Kent Konseyi, ASKON Derne\u011fi Antalya \u015eubesi, G\u0131da M\u00fchendisleri Odas\u0131, \u00c7evre M\u00fchendisleri Odas\u0131, \u0130\u00e7 Mimarlar Odas\u0131, TSE Akdeniz B\u00f6lge Koordinat\u00f6rl\u00fc\u011f\u00fc, KOSGEB Antalya M\u00fcd\u00fcrl\u00fc\u011f\u00fc, T\u00dcB\u0130TAK Ulusal G\u00f6zlemevi M\u00fcd\u00fcrl\u00fc\u011f\u00fc temsilcileri kat\u0131ld\u0131.<\/p>\n\n\n\n<p>Akdeniz \u00dcniversitesi \/ B\u00fclten<\/p>\n","protected":false},"excerpt":{"rendered":"<p>Akdeniz \u00dcniversitesi\u2019nde kamu kurumlar\u0131 ve sivil toplum kurulu\u015flar\u0131n\u0131n kat\u0131ld\u0131\u011f\u0131 D\u0131\u015f Payda\u015f Toplant\u0131s\u0131 d\u00fczenlendi. Akdeniz \u00dcniversitesi Senato Salonu\u2019nda kamu kurumlar\u0131 ve sivil toplum kurulu\u015flar\u0131n\u0131n temsilcilerinin yer <a href=\"https:\/\/akdenizhaber.com.tr\/index.php\/2025\/11\/20\/akdeniz-universitesi-dis-paydaslariyla-bir-araya-geldi\/\" class=\"read-more-link\">[more&#8230;]<\/a><\/p>\n","protected":false},"author":2,"featured_media":30774,"comment_status":"open","ping_status":"open","sticky":false,"template":"","format":"standard","meta":{"footnotes":""},"categories":[2],"tags":[],"class_list":["post-30773","post","type-post","status-publish","format-standard","has-post-thumbnail","hentry","category-gundem"],"_links":{"self":[{"href":"https:\/\/akdenizhaber.com.tr\/index.php\/wp-json\/wp\/v2\/posts\/30773","targetHints":{"allow":["GET"]}}],"collection":[{"href":"https:\/\/akdenizhaber.com.tr\/index.php\/wp-json\/wp\/v2\/posts"}],"about":[{"href":"https:\/\/akdenizhaber.com.tr\/index.php\/wp-json\/wp\/v2\/types\/post"}],"author":[{"embeddable":true,"href":"https:\/\/akdenizhaber.com.tr\/index.php\/wp-json\/wp\/v2\/users\/2"}],"replies":[{"embeddable":true,"href":"https:\/\/akdenizhaber.com.tr\/index.php\/wp-json\/wp\/v2\/comments?post=30773"}],"version-history":[{"count":1,"href":"https:\/\/akdenizhaber.com.tr\/index.php\/wp-json\/wp\/v2\/posts\/30773\/revisions"}],"predecessor-version":[{"id":30775,"href":"https:\/\/akdenizhaber.com.tr\/index.php\/wp-json\/wp\/v2\/posts\/30773\/revisions\/30775"}],"wp:featuredmedia":[{"embeddable":true,"href":"https:\/\/akdenizhaber.com.tr\/index.php\/wp-json\/wp\/v2\/media\/30774"}],"wp:attachment":[{"href":"https:\/\/akdenizhaber.com.tr\/index.php\/wp-json\/wp\/v2\/media?parent=30773"}],"wp:term":[{"taxonomy":"category","embeddable":true,"href":"https:\/\/akdenizhaber.com.tr\/index.php\/wp-json\/wp\/v2\/categories?post=30773"},{"taxonomy":"post_tag","embeddable":true,"href":"https:\/\/akdenizhaber.com.tr\/index.php\/wp-json\/wp\/v2\/tags?post=30773"}],"curies":[{"name":"wp","href":"https:\/\/api.w.org\/{rel}","templated":true}]}}