{"id":30767,"date":"2025-11-20T16:47:33","date_gmt":"2025-11-20T13:47:33","guid":{"rendered":"https:\/\/akdenizhaber.com.tr\/?p=30767"},"modified":"2025-11-20T16:47:34","modified_gmt":"2025-11-20T13:47:34","slug":"akdeniz-universitesi-2026-yili-qs-surdurulebilirlik-siralamalarinda-one-cikti","status":"publish","type":"post","link":"https:\/\/akdenizhaber.com.tr\/index.php\/2025\/11\/20\/akdeniz-universitesi-2026-yili-qs-surdurulebilirlik-siralamalarinda-one-cikti\/","title":{"rendered":"Akdeniz \u00dcniversitesi 2026 y\u0131l\u0131 QS S\u00fcrd\u00fcr\u00fclebilirlik S\u0131ralamalar\u0131nda \u00d6ne \u00c7\u0131kt\u0131"},"content":{"rendered":"\n<p>Akdeniz \u00dcniversitesi, 2026 y\u0131l\u0131 QS S\u00fcrd\u00fcr\u00fclebilirlik S\u0131ralamalar\u0131nda D\u00fcnya\u2019da ve T\u00fcrkiye\u2019de y\u00f6neti\u015fim alan\u0131nda \u00f6ne \u00e7\u0131kt\u0131.<\/p>\n\n\n\n<p>Akdeniz \u00dcniversitesi, d\u00fcnyan\u0131n sayg\u0131n ara\u015ft\u0131rma kurulu\u015flar\u0131 aras\u0131nda yer alan QS taraf\u0131ndan yay\u0131nlanan 2026 y\u0131l\u0131 QS S\u00fcrd\u00fcr\u00fclebilirlik S\u0131ralamalar\u0131na ilk kez dahil olarak \u00f6nemli bir ba\u015far\u0131ya imza att\u0131. QS taraf\u0131ndan de\u011ferlendirmeye al\u0131nabilmek i\u00e7in belirli analitik e\u015fiklerin sa\u011flanmas\u0131 gereken 2026 y\u0131l\u0131 QS S\u00fcrd\u00fcr\u00fclebilirlik S\u0131ralamas\u0131, \u00c7evresel Etki (Environmental Impact), Sosyal Etki (Social Impact), Y\u00f6neti\u015fim (Governance) olmak \u00fczere \u00fc\u00e7 ana kategoriden olu\u015fuyor. Her kategori kendi g\u00f6stergeleriyle de\u011ferlendirilmekte ve bunlar\u0131n birle\u015fiminden Genel S\u0131ralama (Overall) elde ediliyor.<\/p>\n\n\n\n<p>SIRALAMALARA \u0130LK KEZ DAH\u0130L OLDU<\/p>\n\n\n\n<p>Akdeniz \u00dcniversitesi, 2026 y\u0131l\u0131nda QS S\u00fcrd\u00fcr\u00fclebilirlik S\u0131ralamalar\u0131na ilk kez dahil olarak \u00f6nemli bir ba\u015far\u0131 elde etti. Akdeniz \u00dcniversitesi, 2001 kurum aras\u0131nda d\u00fcnya genelinde 850., Asya\u2019da 282., Bat\u0131 Asya\u2019da 60., T\u00fcrkiye\u2019de genel s\u0131ralamada 15. ve Devlet \u00dcniversiteleri aras\u0131nda 12. s\u0131rada yer ald\u0131. Akdeniz \u00dcniversitesi \u00f6zellikle Y\u00f6neti\u015fim kategorisinde T\u00fcrkiye\u2019de 7. s\u0131radaki g\u00fc\u00e7l\u00fc performans\u0131yla s\u00fcrd\u00fcr\u00fclebilirlik ve kurumsal y\u00f6neti\u015fim alan\u0131ndaki kararl\u0131l\u0131\u011f\u0131n\u0131 ortaya koydu.<\/p>\n\n\n\n<p>D\u00dcNYA SIRALAMASINDA 850\u2019NC\u0130<\/p>\n\n\n\n<p>Akdeniz \u00dcniversitesi, D\u00fcnya s\u0131ralamas\u0131nda 2001 \u00fcniversite aras\u0131ndan genel s\u0131ralamada 850., \u00e7evresel etki alan\u0131nda 828., sosyal etki alan\u0131nda 1136., y\u00f6neti\u015fim alan\u0131nda ise 452. s\u0131rada yer ald\u0131.<\/p>\n\n\n\n<p>ASYA \u00dcN\u0130VERS\u0130TELER\u0130 ARASINDA 282\u2019NC\u0130<\/p>\n\n\n\n<p>Akdeniz \u00dcniversitesi, Asya \u00fcniversiteleri bulundu\u011fu 851 \u00fcniversite aras\u0131ndan genel s\u0131ralamada 282., \u00e7evresel etki alan\u0131nda 291., sosyal etki alan\u0131nda 368., y\u00f6neti\u015fim alan\u0131nda ise 113. s\u0131rada yer ald\u0131.<\/p>\n\n\n\n<p>BATI ASYA \u00dcN\u0130VERS\u0130TELER\u0130 ARASINDA 60\u2019INCI<\/p>\n\n\n\n<p>Akdeniz \u00dcniversitesi, Bat\u0131 Asya \u00fcniversitelerinin bulundu\u011fu 169 \u00fcniversite aras\u0131ndan genel s\u0131ralamada 60., \u00e7evresel etki alan\u0131nda 67., sosyal etki alan\u0131nda 76., y\u00f6neti\u015fim alan\u0131nda ise 19. s\u0131rada yer ald\u0131.<\/p>\n\n\n\n<p>T\u00dcRK\u0130YE\u2019DE 52 \u00dcN\u0130VERS\u0130TE ARASINDA 15\u2019\u0130NC\u0130<\/p>\n\n\n\n<p>Akdeniz \u00dcniversitesi, T\u00fcrkiye\u2019deki \u00fcniversitelerin bulundu\u011fu 52 \u00fcniversite aras\u0131ndan genel s\u0131ralamada 15., \u00e7evresel etki alan\u0131nda 18., sosyal etki alan\u0131nda 23., y\u00f6neti\u015fim alan\u0131nda ise 7. s\u0131rada yer ald\u0131.<\/p>\n\n\n\n<p>Akdeniz \u00dcniversitesi Rekt\u00f6rl\u00fc\u011f\u00fc \/ B\u00fclten<\/p>\n","protected":false},"excerpt":{"rendered":"<p>Akdeniz \u00dcniversitesi, 2026 y\u0131l\u0131 QS S\u00fcrd\u00fcr\u00fclebilirlik S\u0131ralamalar\u0131nda D\u00fcnya\u2019da ve T\u00fcrkiye\u2019de y\u00f6neti\u015fim alan\u0131nda \u00f6ne \u00e7\u0131kt\u0131. Akdeniz \u00dcniversitesi, d\u00fcnyan\u0131n sayg\u0131n ara\u015ft\u0131rma kurulu\u015flar\u0131 aras\u0131nda yer alan QS taraf\u0131ndan <a href=\"https:\/\/akdenizhaber.com.tr\/index.php\/2025\/11\/20\/akdeniz-universitesi-2026-yili-qs-surdurulebilirlik-siralamalarinda-one-cikti\/\" class=\"read-more-link\">[more&#8230;]<\/a><\/p>\n","protected":false},"author":2,"featured_media":30768,"comment_status":"open","ping_status":"open","sticky":false,"template":"","format":"standard","meta":{"footnotes":""},"categories":[2],"tags":[],"class_list":["post-30767","post","type-post","status-publish","format-standard","has-post-thumbnail","hentry","category-gundem"],"_links":{"self":[{"href":"https:\/\/akdenizhaber.com.tr\/index.php\/wp-json\/wp\/v2\/posts\/30767","targetHints":{"allow":["GET"]}}],"collection":[{"href":"https:\/\/akdenizhaber.com.tr\/index.php\/wp-json\/wp\/v2\/posts"}],"about":[{"href":"https:\/\/akdenizhaber.com.tr\/index.php\/wp-json\/wp\/v2\/types\/post"}],"author":[{"embeddable":true,"href":"https:\/\/akdenizhaber.com.tr\/index.php\/wp-json\/wp\/v2\/users\/2"}],"replies":[{"embeddable":true,"href":"https:\/\/akdenizhaber.com.tr\/index.php\/wp-json\/wp\/v2\/comments?post=30767"}],"version-history":[{"count":1,"href":"https:\/\/akdenizhaber.com.tr\/index.php\/wp-json\/wp\/v2\/posts\/30767\/revisions"}],"predecessor-version":[{"id":30769,"href":"https:\/\/akdenizhaber.com.tr\/index.php\/wp-json\/wp\/v2\/posts\/30767\/revisions\/30769"}],"wp:featuredmedia":[{"embeddable":true,"href":"https:\/\/akdenizhaber.com.tr\/index.php\/wp-json\/wp\/v2\/media\/30768"}],"wp:attachment":[{"href":"https:\/\/akdenizhaber.com.tr\/index.php\/wp-json\/wp\/v2\/media?parent=30767"}],"wp:term":[{"taxonomy":"category","embeddable":true,"href":"https:\/\/akdenizhaber.com.tr\/index.php\/wp-json\/wp\/v2\/categories?post=30767"},{"taxonomy":"post_tag","embeddable":true,"href":"https:\/\/akdenizhaber.com.tr\/index.php\/wp-json\/wp\/v2\/tags?post=30767"}],"curies":[{"name":"wp","href":"https:\/\/api.w.org\/{rel}","templated":true}]}}