{"id":30757,"date":"2025-11-17T17:00:16","date_gmt":"2025-11-17T14:00:16","guid":{"rendered":"https:\/\/akdenizhaber.com.tr\/?p=30757"},"modified":"2025-11-17T17:00:17","modified_gmt":"2025-11-17T14:00:17","slug":"a-kaliteden-forma-sponsorlugu","status":"publish","type":"post","link":"https:\/\/akdenizhaber.com.tr\/index.php\/2025\/11\/17\/a-kaliteden-forma-sponsorlugu\/","title":{"rendered":"A Kalite\u2019den Forma Sponsorlu\u011fu"},"content":{"rendered":"\n<p>A Kalite \u00d6zel E\u011fitim kursu Manavgat il\u00e7emizdeki okullara forma sponsorlu\u011fu etkinli\u011fi ba\u015flatt\u0131.<\/p>\n\n\n\n<p>\u0130lk olarak Kemer Fatma Turgut \u015een Anadolu Lisesinden ba\u015flayan sponsorluk \u00e7al\u0131\u015fmalar\u0131n\u0131n h\u0131zla devam edece\u011fine dikkat \u00e7eken A Kalite \u00d6zel E\u011fitim kursu y\u00f6netim kurulu ba\u015fkan\u0131 \u015eerafettin Avc\u0131 forma sponsorlu\u011funun amac\u0131n\u0131n sosyal sorumluluk kapsam\u0131nda \u00f6\u011frencilere sporun t\u00fcm dallar\u0131n\u0131 sevdirmek oldu\u011funu ifade ederek Mustafa Kemal Atat\u00fcrk\u2019\u00fcn s\u00f6yleminde oldu\u011fu gibi &#8220;Ben sporcunun zeki, \u00e7evik ve ayn\u0131 zamanda ahlakl\u0131s\u0131n\u0131 severim&#8221; s\u00f6z\u00fcn\u00fc en iyi bi\u00e7imde hayata ge\u00e7irmek oldu\u011funu s\u00f6zlerin ekledi.<\/p>\n\n\n\n<p>Ge\u00e7ti\u011fimiz g\u00fcn Kemer Fatma Turgut \u015een Anadolu Lisesini ziyaret ederek formalar\u0131n\u0131 takdim eden \u015eerafettin Avc\u0131, bu etkinli\u011fin devam\u0131nda yeni projelere de imza atacaklar\u0131n\u0131 ifade ederek \u015f\u00f6yle konu\u015ftu;<\/p>\n\n\n\n<p>\u201cA KAL\u0130TE \u00d6zel \u00d6\u011fretim Kursu olarak, Kemer Fatma Turgut \u015een Anadolu Lisesi Okul Tak\u0131mlar\u0131na Hem sosyal sorumluluk hem de Spora katk\u0131 sa\u011flamak i\u00e7in Forma sponsoru olduk K\u0131z Basketbol, K\u0131z Voleybol, Erkek Basketbol ve Erkek Futsal tak\u0131mlar\u0131na formalar\u0131n\u0131 takdim ettik. Okul m\u00fcd\u00fcr\u00fcm\u00fcze, y\u00f6netimine ve \u00f6\u011frencilerimize te\u015fekk\u00fcr ediyor, B\u00fct\u00fcn Sporculara Ba\u015far\u0131lar diliyoruz\u201d dedi.<\/p>\n\n\n\n<p>B\u00fc\u015fra Deveci \/ Haber<\/p>\n","protected":false},"excerpt":{"rendered":"<p>A Kalite \u00d6zel E\u011fitim kursu Manavgat il\u00e7emizdeki okullara forma sponsorlu\u011fu etkinli\u011fi ba\u015flatt\u0131. \u0130lk olarak Kemer Fatma Turgut \u015een Anadolu Lisesinden ba\u015flayan sponsorluk \u00e7al\u0131\u015fmalar\u0131n\u0131n h\u0131zla devam <a href=\"https:\/\/akdenizhaber.com.tr\/index.php\/2025\/11\/17\/a-kaliteden-forma-sponsorlugu\/\" class=\"read-more-link\">[more&#8230;]<\/a><\/p>\n","protected":false},"author":2,"featured_media":30758,"comment_status":"open","ping_status":"open","sticky":false,"template":"","format":"standard","meta":{"footnotes":""},"categories":[2],"tags":[],"class_list":["post-30757","post","type-post","status-publish","format-standard","has-post-thumbnail","hentry","category-gundem"],"_links":{"self":[{"href":"https:\/\/akdenizhaber.com.tr\/index.php\/wp-json\/wp\/v2\/posts\/30757","targetHints":{"allow":["GET"]}}],"collection":[{"href":"https:\/\/akdenizhaber.com.tr\/index.php\/wp-json\/wp\/v2\/posts"}],"about":[{"href":"https:\/\/akdenizhaber.com.tr\/index.php\/wp-json\/wp\/v2\/types\/post"}],"author":[{"embeddable":true,"href":"https:\/\/akdenizhaber.com.tr\/index.php\/wp-json\/wp\/v2\/users\/2"}],"replies":[{"embeddable":true,"href":"https:\/\/akdenizhaber.com.tr\/index.php\/wp-json\/wp\/v2\/comments?post=30757"}],"version-history":[{"count":1,"href":"https:\/\/akdenizhaber.com.tr\/index.php\/wp-json\/wp\/v2\/posts\/30757\/revisions"}],"predecessor-version":[{"id":30759,"href":"https:\/\/akdenizhaber.com.tr\/index.php\/wp-json\/wp\/v2\/posts\/30757\/revisions\/30759"}],"wp:featuredmedia":[{"embeddable":true,"href":"https:\/\/akdenizhaber.com.tr\/index.php\/wp-json\/wp\/v2\/media\/30758"}],"wp:attachment":[{"href":"https:\/\/akdenizhaber.com.tr\/index.php\/wp-json\/wp\/v2\/media?parent=30757"}],"wp:term":[{"taxonomy":"category","embeddable":true,"href":"https:\/\/akdenizhaber.com.tr\/index.php\/wp-json\/wp\/v2\/categories?post=30757"},{"taxonomy":"post_tag","embeddable":true,"href":"https:\/\/akdenizhaber.com.tr\/index.php\/wp-json\/wp\/v2\/tags?post=30757"}],"curies":[{"name":"wp","href":"https:\/\/api.w.org\/{rel}","templated":true}]}}