{"id":30753,"date":"2025-11-17T16:54:58","date_gmt":"2025-11-17T13:54:58","guid":{"rendered":"https:\/\/akdenizhaber.com.tr\/?p=30753"},"modified":"2025-11-17T16:54:58","modified_gmt":"2025-11-17T13:54:58","slug":"masmodan-konkortada-egitimi","status":"publish","type":"post","link":"https:\/\/akdenizhaber.com.tr\/index.php\/2025\/11\/17\/masmodan-konkortada-egitimi\/","title":{"rendered":"MASMO\u2019dan Konkortada E\u011fitimi"},"content":{"rendered":"\n<p>Manavgat Muhasebeciler ve M\u00fc\u015favirler Odas\u0131 taraf\u0131ndan ge\u00e7ti\u011fimiz g\u00fcnlerde \u201cKonkordato Komiserli\u011fi E\u011fitimi 2. Grubu\u201d oda Toplant\u0131 Salonu\u2019nda d\u00fczenlendi.<\/p>\n\n\n\n<figure class=\"wp-block-image size-large is-resized\"><img loading=\"lazy\" decoding=\"async\" width=\"765\" height=\"1024\" src=\"https:\/\/akdenizhaber.com.tr\/wp-content\/uploads\/2025\/11\/3a44fc48-8964-41f2-bcf8-4ccf0b122541-765x1024.jpeg\" alt=\"\" class=\"wp-image-30755\" style=\"width:326px;height:auto\" srcset=\"https:\/\/akdenizhaber.com.tr\/wp-content\/uploads\/2025\/11\/3a44fc48-8964-41f2-bcf8-4ccf0b122541-765x1024.jpeg 765w, https:\/\/akdenizhaber.com.tr\/wp-content\/uploads\/2025\/11\/3a44fc48-8964-41f2-bcf8-4ccf0b122541-224x300.jpeg 224w, https:\/\/akdenizhaber.com.tr\/wp-content\/uploads\/2025\/11\/3a44fc48-8964-41f2-bcf8-4ccf0b122541-768x1027.jpeg 768w, https:\/\/akdenizhaber.com.tr\/wp-content\/uploads\/2025\/11\/3a44fc48-8964-41f2-bcf8-4ccf0b122541-1148x1536.jpeg 1148w, https:\/\/akdenizhaber.com.tr\/wp-content\/uploads\/2025\/11\/3a44fc48-8964-41f2-bcf8-4ccf0b122541.jpeg 1196w\" sizes=\"auto, (max-width: 765px) 100vw, 765px\" \/><\/figure>\n\n\n\n<p>Oda Ba\u015fkan\u0131 Erkan Tuncer, Manavgat Muhasebeciler ve Mali m\u00fc\u015favirler odas\u0131 olarak \u00fcyelerin \u00e7e\u015fitli konularda bilgi almas\u0131 ve fikir al\u0131\u015fveri\u015finde bulunmas\u0131 anlam\u0131nda \u00e7ok s\u0131k olarak e\u011fitim seminerleri d\u00fczenlediklerini ve d\u00fczenlemeye de devam edeceklerini s\u00f6yledi.<\/p>\n\n\n\n<p>\u00d6n\u00fcm\u00fczdeki g\u00fcnlerde de yeni seminerlerle \u00fcyelerine destek olmaya devam edeceklerini ifade eden Erkan Tuncer son e\u011fitim semineri ile ilgili \u015f\u00f6yle konu\u015ftu;<\/p>\n\n\n\n<p>\u201cKonkortoda e\u011fitimi s\u00fcresince boyunca b\u00fcy\u00fck bir \u00f6zveri ile bizlere destek veren Say\u0131n Prof. Dr. Nedim MER\u0130\u00c7, Say\u0131n Do\u00e7. Dr. Ferhat B\u0130TL\u0130SL\u0130 hocalar\u0131m\u0131za ve t\u00fcm kat\u0131l\u0131mc\u0131lar\u0131m\u0131za te\u015fekk\u00fcr ederiz. Mesleki geli\u015fimimize katk\u0131 sa\u011flayan bu t\u00fcr e\u011fitimlerde t\u00fcm \u00fcyelerimizle yeniden bulu\u015farak yeni e\u011fitim seminerlerine yelken a\u00e7aca\u011f\u0131z\u201d dedi.<\/p>\n\n\n\n<p>B\u00fc\u015fra Deveci \/ Haber<\/p>\n","protected":false},"excerpt":{"rendered":"<p>Manavgat Muhasebeciler ve M\u00fc\u015favirler Odas\u0131 taraf\u0131ndan ge\u00e7ti\u011fimiz g\u00fcnlerde \u201cKonkordato Komiserli\u011fi E\u011fitimi 2. Grubu\u201d oda Toplant\u0131 Salonu\u2019nda d\u00fczenlendi. Oda Ba\u015fkan\u0131 Erkan Tuncer, Manavgat Muhasebeciler ve Mali <a href=\"https:\/\/akdenizhaber.com.tr\/index.php\/2025\/11\/17\/masmodan-konkortada-egitimi\/\" class=\"read-more-link\">[more&#8230;]<\/a><\/p>\n","protected":false},"author":2,"featured_media":30754,"comment_status":"open","ping_status":"open","sticky":false,"template":"","format":"standard","meta":{"footnotes":""},"categories":[2],"tags":[],"class_list":["post-30753","post","type-post","status-publish","format-standard","has-post-thumbnail","hentry","category-gundem"],"_links":{"self":[{"href":"https:\/\/akdenizhaber.com.tr\/index.php\/wp-json\/wp\/v2\/posts\/30753","targetHints":{"allow":["GET"]}}],"collection":[{"href":"https:\/\/akdenizhaber.com.tr\/index.php\/wp-json\/wp\/v2\/posts"}],"about":[{"href":"https:\/\/akdenizhaber.com.tr\/index.php\/wp-json\/wp\/v2\/types\/post"}],"author":[{"embeddable":true,"href":"https:\/\/akdenizhaber.com.tr\/index.php\/wp-json\/wp\/v2\/users\/2"}],"replies":[{"embeddable":true,"href":"https:\/\/akdenizhaber.com.tr\/index.php\/wp-json\/wp\/v2\/comments?post=30753"}],"version-history":[{"count":1,"href":"https:\/\/akdenizhaber.com.tr\/index.php\/wp-json\/wp\/v2\/posts\/30753\/revisions"}],"predecessor-version":[{"id":30756,"href":"https:\/\/akdenizhaber.com.tr\/index.php\/wp-json\/wp\/v2\/posts\/30753\/revisions\/30756"}],"wp:featuredmedia":[{"embeddable":true,"href":"https:\/\/akdenizhaber.com.tr\/index.php\/wp-json\/wp\/v2\/media\/30754"}],"wp:attachment":[{"href":"https:\/\/akdenizhaber.com.tr\/index.php\/wp-json\/wp\/v2\/media?parent=30753"}],"wp:term":[{"taxonomy":"category","embeddable":true,"href":"https:\/\/akdenizhaber.com.tr\/index.php\/wp-json\/wp\/v2\/categories?post=30753"},{"taxonomy":"post_tag","embeddable":true,"href":"https:\/\/akdenizhaber.com.tr\/index.php\/wp-json\/wp\/v2\/tags?post=30753"}],"curies":[{"name":"wp","href":"https:\/\/api.w.org\/{rel}","templated":true}]}}