{"id":30750,"date":"2025-11-17T16:53:48","date_gmt":"2025-11-17T13:53:48","guid":{"rendered":"https:\/\/akdenizhaber.com.tr\/?p=30750"},"modified":"2025-11-17T16:53:49","modified_gmt":"2025-11-17T13:53:49","slug":"gungor-manavgat-24-milyon-gecelemeyle-rekor-kirdi","status":"publish","type":"post","link":"https:\/\/akdenizhaber.com.tr\/index.php\/2025\/11\/17\/gungor-manavgat-24-milyon-gecelemeyle-rekor-kirdi\/","title":{"rendered":"G\u00fcng\u00f6r: \u201cManavgat, 24 Milyon Gecelemeyle Rekor K\u0131rd\u0131\u201d"},"content":{"rendered":"\n<p>Manavgat Ticaret ve Sanayi Odas\u0131 (MATSO) Ba\u015fkan\u0131 Sn. Seydi Tahsin G\u00dcNG\u00d6R, 2025\u2019in ilk 9 ay\u0131nda T\u00fcrkiye genelinde ger\u00e7ekle\u015fen 120 milyon yabanc\u0131 gecelemenin yakla\u015f\u0131k y\u00fczde 20\u2019sinin Manavgat\u2019ta yap\u0131ld\u0131\u011f\u0131n\u0131 s\u00f6yledi.<\/p>\n\n\n\n<p>Turizm Databank verilerine g\u00f6re, Manavgat 24 milyon geceleme ile \u0130stanbul, Mu\u011fla, Ayd\u0131n ve \u0130zmir gibi turizmde \u00f6nc\u00fc illeri geride b\u0131rakarak, Antalya\u2019dan sonra T\u00fcrkiye genelinde en fazla geceleme yap\u0131lan destinasyon oldu. Antalya\u2019n\u0131n il\u00e7eleri aras\u0131nda da a\u00e7\u0131k ara lider konumda olan Manavgat;&nbsp; y\u00fczde 19,9\u2019luk pay ile Alanya\u2019y\u0131 (y\u00fczde14,8) ile Kemer\u2019i (y\u00fczde 9,8) ile ve Serik\u2019i (Belek) (y\u00fczde 9,3) gibi g\u00fc\u00e7l\u00fc turizm merkezlerini geride b\u0131rakt\u0131. Manavgat Ticaret ve Sanayi Odas\u0131 (MATSO) Ba\u015fkan\u0131 Sn. Seydi Tahsin G\u00dcNG\u00d6R, 2025\u2019in ilk 9 ay\u0131nda T\u00fcrkiye genelinde ger\u00e7ekle\u015fen 120 milyon yabanc\u0131 gecelemenin yakla\u015f\u0131k be\u015fte birinin Manavgat\u2019ta yap\u0131ld\u0131\u011f\u0131n\u0131 a\u00e7\u0131klad\u0131. &nbsp;&nbsp;Ba\u015fkan Sn. G\u00dcNG\u00d6R, Manavgat\u2019\u0131n g\u00fc\u00e7l\u00fc konaklama altyap\u0131s\u0131, do\u011fal g\u00fczellikleri, k\u00fclt\u00fcrel zenginli\u011fi ve \u00e7e\u015fitlenen turizm alternatifleri ile \u00fclke turizminin ger\u00e7ek y\u00fck\u00fcn\u00fc omuzlayan, fark yaratan bir destinasyon oldu\u011funu vurgulad\u0131.<\/p>\n\n\n\n<p><strong>MANAVGAT TUR\u0130ZMDE LOKOMOT\u0130F KONUMUNU S\u00dcRD\u00dcR\u00dcYOR<\/strong><\/p>\n\n\n\n<p>Manavgat\u2019\u0131n y\u0131llard\u0131r T\u00fcrkiye turizminin lokomotifi konumunu g\u00fc\u00e7lendirdi\u011fini vurgulayan MATSO Ba\u015fkan\u0131 Sn. Seydi Tahsin G\u00dcNG\u00d6R, 2025 y\u0131l\u0131 itibar\u0131yla il\u00e7ede elde edilen 24 milyon gecelemenin, Manavgat\u2019\u0131n sahip oldu\u011fu turizm potansiyelinin somut bir g\u00f6stergesi oldu\u011funu s\u00f6yledi. G\u00dcNG\u00d6R, \u201cBu ba\u015far\u0131, turizmi sadece bir konaklama faaliyeti olarak g\u00f6rmeyip, deneyim, k\u00fclt\u00fcr, do\u011fa ve misafirperverli\u011fi bir araya getiren b\u00fct\u00fcnc\u00fcl bir anlay\u0131\u015fla y\u00f6netti\u011fimizin kan\u0131t\u0131d\u0131r. Manavgat\u2019\u0131 s\u00fcrd\u00fcr\u00fclebilir turizm anlay\u0131\u015f\u0131yla geli\u015ftirmeye devam ederken hem yerel ekonomiye de\u011fer kat\u0131yor hem de \u00fclkemizin turizmdeki itibar\u0131n\u0131 art\u0131r\u0131yoruz\u201d ifadelerini kulland\u0131.&nbsp; G\u00dcNG\u00d6R s\u00f6zlerini \u015f\u00f6yle s\u00fcrd\u00fcrd\u00fc: \u201cManavgat\u2019\u0131n ba\u015far\u0131s\u0131 tesad\u00fcf de\u011fildir; yerel i\u015fletmelerimizin turizme olan katk\u0131s\u0131 ve k\u00fclt\u00fcrel miras\u0131m\u0131z\u0131n korunmas\u0131, il\u00e7emizi ulusal ve uluslararas\u0131 platformda \u00f6ne \u00e7\u0131kard\u0131. Bu ba\u015far\u0131 yaln\u0131zca say\u0131sal b\u00fcy\u00fckl\u00fckle \u00f6l\u00e7\u00fclemez; turistlerin kentimizden ald\u0131klar\u0131 deneyimlerin kalitesi ve tekrar ziyaret oranlar\u0131, Manavgat\u2019\u0131n s\u00fcrd\u00fcr\u00fclebilir bir turizm destinasyonu oldu\u011funu g\u00f6steriyor.\u201d<\/p>\n\n\n\n<p>TUR\u0130ZMDE DENEY\u0130M VE \u00c7E\u015e\u0130TL\u0130L\u0130K<\/p>\n\n\n\n<p>MATSO Ba\u015fkan\u0131 Sn. Seydi Tahsin G\u00dcNG\u00d6R, Manavgat\u2019\u0131 ziyaret eden turistlerin il\u00e7eden sadece keyifli bir tatil de\u011fil, ayn\u0131 zamanda k\u00fclt\u00fcrel, do\u011fa ve gastronomi deneyimleriyle ayr\u0131lmas\u0131n\u0131n en \u00f6nemli kriterleri aras\u0131nda oldu\u011funu vurgulad\u0131. G\u00dcNG\u00d6R, \u201cBu anlay\u0131\u015fla hareket ederek turizmin \u00e7e\u015fitlenmesini ve derinle\u015fmesini sa\u011fl\u0131yoruz. Manavgat\u2019ta her ziyaret\u00e7i, T\u00fcrkiye\u2019nin k\u00fclt\u00fcrel ve do\u011fal zenginli\u011finin bir par\u00e7as\u0131n\u0131 deneyimliyor. Bu vizyonla \u00e7al\u0131\u015fmaya devam ederek hem turizm kalitesini hem de \u00e7e\u015fitlili\u011fi art\u0131rarak turizm gelirini y\u00fckseltece\u011fiz\u201d ifadelerini kulland\u0131.<\/p>\n\n\n\n<p><strong>MANAVGAT\u2019IN TUR\u0130ZM BA\u015eARISINDA EME\u011e\u0130 GE\u00c7ENLERE TE\u015eEKK\u00dcR<\/strong><strong><\/strong><\/p>\n\n\n\n<p><strong>&nbsp;Ba\u015fkan Sn. G\u00dcNG\u00d6R, Manavgat\u2019\u0131n turizmde elde etti\u011fi ba\u015far\u0131da en b\u00fcy\u00fck pay\u0131n turizm yat\u0131r\u0131mc\u0131lar\u0131 ve Manavgat i\u015f d\u00fcnyas\u0131 ait oldu\u011funu belirterek, bu ba\u015far\u0131ya katk\u0131 sa\u011flayan herkese te\u015fekk\u00fcr etti. &nbsp;G\u00dcNG\u00d6R, \u201cManavgat\u2019\u0131n bug\u00fcn turizmde ula\u015ft\u0131\u011f\u0131 konum, son y\u0131llarda sekt\u00f6re \u00e7ok \u00f6nemli katk\u0131lar sa\u011flayan ba\u015fta K\u00fclt\u00fcr ve Turizm Ba\u015fkan\u0131m\u0131z Sn. Mehmet Nuri Ersoy olmak \u00fczere, y\u0131llard\u0131r \u00f6zveriyle \u00e7al\u0131\u015fan, yat\u0131r\u0131m yapan ve il\u00e7emizi d\u00fcnya turizminin \u00f6nemli merkezlerinden biri haline getiren \u00fcyelerimizin gayretiyle m\u00fcmk\u00fcn olmu\u015ftur. Turizmin her alan\u0131nda emek veren t\u00fcm i\u015fletmecilerimize ve yat\u0131r\u0131mc\u0131lar\u0131m\u0131za te\u015fekk\u00fcr ediyorum. Hep birlikte bu ba\u015far\u0131y\u0131 daha da ileriye ta\u015f\u0131yaca\u011f\u0131z\u201d dedi.<\/strong><strong><\/strong><\/p>\n\n\n\n<p>Manavgat Ticaret ve Sanayi Odas\u0131 \/ B\u00fclten<\/p>\n","protected":false},"excerpt":{"rendered":"<p>Manavgat Ticaret ve Sanayi Odas\u0131 (MATSO) Ba\u015fkan\u0131 Sn. Seydi Tahsin G\u00dcNG\u00d6R, 2025\u2019in ilk 9 ay\u0131nda T\u00fcrkiye genelinde ger\u00e7ekle\u015fen 120 milyon yabanc\u0131 gecelemenin yakla\u015f\u0131k y\u00fczde 20\u2019sinin <a href=\"https:\/\/akdenizhaber.com.tr\/index.php\/2025\/11\/17\/gungor-manavgat-24-milyon-gecelemeyle-rekor-kirdi\/\" class=\"read-more-link\">[more&#8230;]<\/a><\/p>\n","protected":false},"author":2,"featured_media":30751,"comment_status":"open","ping_status":"open","sticky":false,"template":"","format":"standard","meta":{"footnotes":""},"categories":[2],"tags":[],"class_list":["post-30750","post","type-post","status-publish","format-standard","has-post-thumbnail","hentry","category-gundem"],"_links":{"self":[{"href":"https:\/\/akdenizhaber.com.tr\/index.php\/wp-json\/wp\/v2\/posts\/30750","targetHints":{"allow":["GET"]}}],"collection":[{"href":"https:\/\/akdenizhaber.com.tr\/index.php\/wp-json\/wp\/v2\/posts"}],"about":[{"href":"https:\/\/akdenizhaber.com.tr\/index.php\/wp-json\/wp\/v2\/types\/post"}],"author":[{"embeddable":true,"href":"https:\/\/akdenizhaber.com.tr\/index.php\/wp-json\/wp\/v2\/users\/2"}],"replies":[{"embeddable":true,"href":"https:\/\/akdenizhaber.com.tr\/index.php\/wp-json\/wp\/v2\/comments?post=30750"}],"version-history":[{"count":1,"href":"https:\/\/akdenizhaber.com.tr\/index.php\/wp-json\/wp\/v2\/posts\/30750\/revisions"}],"predecessor-version":[{"id":30752,"href":"https:\/\/akdenizhaber.com.tr\/index.php\/wp-json\/wp\/v2\/posts\/30750\/revisions\/30752"}],"wp:featuredmedia":[{"embeddable":true,"href":"https:\/\/akdenizhaber.com.tr\/index.php\/wp-json\/wp\/v2\/media\/30751"}],"wp:attachment":[{"href":"https:\/\/akdenizhaber.com.tr\/index.php\/wp-json\/wp\/v2\/media?parent=30750"}],"wp:term":[{"taxonomy":"category","embeddable":true,"href":"https:\/\/akdenizhaber.com.tr\/index.php\/wp-json\/wp\/v2\/categories?post=30750"},{"taxonomy":"post_tag","embeddable":true,"href":"https:\/\/akdenizhaber.com.tr\/index.php\/wp-json\/wp\/v2\/tags?post=30750"}],"curies":[{"name":"wp","href":"https:\/\/api.w.org\/{rel}","templated":true}]}}