{"id":30745,"date":"2025-11-17T16:52:16","date_gmt":"2025-11-17T13:52:16","guid":{"rendered":"https:\/\/akdenizhaber.com.tr\/?p=30745"},"modified":"2025-11-17T16:52:16","modified_gmt":"2025-11-17T13:52:16","slug":"futbolda-pes-olmaz","status":"publish","type":"post","link":"https:\/\/akdenizhaber.com.tr\/index.php\/2025\/11\/17\/futbolda-pes-olmaz\/","title":{"rendered":"FUTBOLDA PES OLMAZ!.."},"content":{"rendered":"\n<p><\/p>\n\n\n\n<p><\/p>\n\n\n\n<p>Bal ligi 7. Grup ma\u00e7lar\u0131 ba\u015flamadan \u00f6nce Manavgat Belediyespor\u2019da geni\u015f kapsaml\u0131 bir gen\u00e7le\u015fme alt yap\u0131ya y\u00f6nelik bir operasyon yap\u0131ld\u0131..<\/p>\n\n\n\n<p>Gen\u00e7le\u015fen ve alt yap\u0131dan gelen isimlere ge\u00e7mi\u015fte Manavgat Belediyespor\u2019da forma giyen tecr\u00fcbeli a\u011fabeylerde monte edilerek yola \u00e7\u0131k\u0131ld\u0131..<\/p>\n\n\n\n<p>Bu arada Belediye ba\u015fkan vekili Mehmet \u00c7i\u00e7ek bir a\u00e7\u0131klama ile \u201c\u0130ki y\u0131l beklentimiz yok\u201d a\u00e7\u0131klamas\u0131nda bulundu..<\/p>\n\n\n\n<p>Futbol sahada 90. Dakika oynanan ve var\u0131n\u0131, yo\u011funu ortaya koyan ekip i\u015fidir.<\/p>\n\n\n\n<p>Kestirmeden iki y\u0131l iddiam\u0131z yok demenin T\u00fcrk\u00e7esi \u201cBu ne lahana tur\u015fusu, bu ne perhiz\u201d demektir.<\/p>\n\n\n\n<p>Senin s\u00f6ylemin do\u011frudur belki ba\u015fkan ama kentin futbolseverleri ve taraftarlar\u0131 maalesef \u00f6yle d\u00fc\u015f\u00fcnmez.. Y\u0131llard\u0131r \u00fc\u00e7\u00fcnc\u00fc lige \u00e7\u0131kma sevdas\u0131 ile yan\u0131p, tutu\u015fan ve \u00f6zlemle o g\u00fcnleri bekleyen taraftar pek anlamaz o s\u00f6ylemlerden..<\/p>\n\n\n\n<p>Onlar 90. Dakika trib\u00fcndeki yerini alarak sahada 12.nci adam g\u00f6revini hakk\u0131yla yerine getiren ve \u015fampiyonluk bekleyen koskocaman y\u00fcrekli neferlerdir..<\/p>\n\n\n\n<p>Bir yandan iddiam\u0131z yok diyecek, di\u011fer taraftan kenti bayraklarla donatarak ma\u00e7lara gelmeyenleri bile te\u015fvik ederek \u201cBizde var\u0131z\u201d mesaj\u0131 vereceksiniz..<\/p>\n\n\n\n<p>Olmad\u0131 be karde\u015fim..<\/p>\n\n\n\n<p>Sizin projeleriniz sizin gelecekle ilgili duygular\u0131n\u0131z sizin olsun..<\/p>\n\n\n\n<p>Hi\u00e7 kimsenin taraftar\u0131n y\u00fcre\u011findeki aleve su d\u00f6kme hakk\u0131 yoktur..<\/p>\n\n\n\n<p>Gerek i\u00e7 sahada gerekse d\u0131\u015f saha ma\u00e7lar\u0131nda tak\u0131mlar\u0131n\u0131 yaln\u0131z b\u0131rakmayan taraftarlar ma\u00e7lara babalar\u0131n\u0131n hayr\u0131 i\u00e7in gitmezler, illaki beklentileri mevcuttur..<\/p>\n\n\n\n<p>Bu beklenti ba\u015far\u0131l\u0131 olmakla birlikte \u015fampiyon olmaktan \u00f6te de\u011fildir..<\/p>\n\n\n\n<p>O zaman Manavgat Belediyespor kul\u00fcp y\u00f6neticilerinin yapacaklar\u0131 tek \u015fey iki sene beklentimiz yok yerine bir an \u00f6nce tak\u0131ma takviye yaparak bu y\u0131l iddial\u0131 olmak i\u00e7in gerekenleri hayata ge\u00e7irmektir.<\/p>\n\n\n\n<p>Grubumuzda \u015fampiyonluk iddias\u0131nda olan birka\u00e7 tak\u0131m\u0131n i\u00e7erisinde neden Manavgat Belediyespor olmas\u0131n..<\/p>\n\n\n\n<p>Dedi\u011fim gibi birka\u00e7 takviye ile iki kez lider olup ,yeniden liderlik koltu\u011funa oturan tak\u0131m\u0131n daha iyiye gitmesi m\u00fcmk\u00fcnd\u00fcr..<\/p>\n\n\n\n<p>Deplasmanda g\u00fczel futbol sergileyen gen\u00e7lerden kurulu ekibi destekleyen a\u011fabeylerin ger\u00e7ek anlamda gen\u00e7 yeteneklerimizi motive ediyor olmas\u0131 \u00e7ok g\u00fczel duygudur..<\/p>\n\n\n\n<p>Bu konuda daha iyi olabiliriz.<\/p>\n\n\n\n<p>Hani deriz ya; \u201cG\u00f6r\u00fcnen k\u00f6y k\u0131lavuz istemez\u201d bizim k\u00f6y\u00fcn \u00e7ocuklar\u0131 ger\u00e7ek anlamda g\u00fczeller..<\/p>\n\n\n\n<p>Daha g\u00fczel olacaklar\u0131na da y\u00fcrekten inan\u0131yorum..<\/p>\n\n\n\n<p>\u00d6rnek gen\u00e7lerin i\u00e7erisinde p\u0131r\u0131l p\u0131r\u0131l yetenek sahibi bir\u00e7ok isim var\u2026 Onlara gelece\u011fin profesyonelleri g\u00f6z\u00fc ile bakmamak m\u00fcmk\u00fcn de\u011fil.<\/p>\n\n\n\n<p>Ge\u00e7ti\u011fimiz sezon tak\u0131mda do\u011fru d\u00fcr\u00fcst yer bulamayan Furkan K\u00fclek\u00e7i diye bir isim var kadromuzda..<\/p>\n\n\n\n<p>Kendisini seyretmekten keyfi ald\u0131\u011f\u0131m gelece\u011fin en iyi profesyonellerinden biri Furkan K\u00fclek\u00e7i..<\/p>\n\n\n\n<p>1.95 boyu, atletik yap\u0131s\u0131 ve s\u00fct\u00fcn fizi\u011fi ile 24 ya\u015f\u0131ndaki bu gen\u00e7 futbolcuyu bu sene teknik ekip iyi ke\u015ffetmi\u015f olmal\u0131 ki son haftalar\u0131n de\u011fi\u015fmez on birinde yer al\u0131yor.<\/p>\n\n\n\n<p>Ben Furkan\u2019\u0131n \u00f6n\u00fcm\u00fczdeki haftalarda oynad\u0131k\u00e7a a\u00e7\u0131laca\u011f\u0131na ve Manavgat belediyespor\u2019a b\u00fcy\u00fck katk\u0131lar sa\u011flayaca\u011f\u0131na inan\u0131yorum.<\/p>\n\n\n\n<p>Furkan gibi di\u011fer yeteneklerinde gelecekte daha iyi olaca\u011f\u0131ndan \u015f\u00fcphem yok..<\/p>\n\n\n\n<p>Futbol ekip i\u015fi oldu\u011fu kadar pes etme kural\u0131n\u0131n kabul edilmedi\u011fi bir ger\u00e7ektir.<\/p>\n\n\n\n<p>Spor otoriteri falan de\u011filim, kimseye ak\u0131l verme gibi fazla akl\u0131mda yok ama ger\u00e7ekleri g\u00f6rebilen iyi bir taraftar\u0131m..<\/p>\n\n\n\n<p>Tak\u0131ma acil birka\u00e7 takviye ile neden o sene bu sen olmas\u0131n..<\/p>\n\n\n\n<p>Ba\u015far\u0131lar Manavgat Belediyespor..<\/p>\n","protected":false},"excerpt":{"rendered":"<p>Bal ligi 7. Grup ma\u00e7lar\u0131 ba\u015flamadan \u00f6nce Manavgat Belediyespor\u2019da geni\u015f kapsaml\u0131 bir gen\u00e7le\u015fme alt yap\u0131ya y\u00f6nelik bir operasyon yap\u0131ld\u0131.. Gen\u00e7le\u015fen ve alt yap\u0131dan gelen isimlere <a href=\"https:\/\/akdenizhaber.com.tr\/index.php\/2025\/11\/17\/futbolda-pes-olmaz\/\" class=\"read-more-link\">[more&#8230;]<\/a><\/p>\n","protected":false},"author":2,"featured_media":30336,"comment_status":"open","ping_status":"open","sticky":false,"template":"","format":"standard","meta":{"footnotes":""},"categories":[1,2],"tags":[],"class_list":["post-30745","post","type-post","status-publish","format-standard","has-post-thumbnail","hentry","category-blog","category-gundem"],"_links":{"self":[{"href":"https:\/\/akdenizhaber.com.tr\/index.php\/wp-json\/wp\/v2\/posts\/30745","targetHints":{"allow":["GET"]}}],"collection":[{"href":"https:\/\/akdenizhaber.com.tr\/index.php\/wp-json\/wp\/v2\/posts"}],"about":[{"href":"https:\/\/akdenizhaber.com.tr\/index.php\/wp-json\/wp\/v2\/types\/post"}],"author":[{"embeddable":true,"href":"https:\/\/akdenizhaber.com.tr\/index.php\/wp-json\/wp\/v2\/users\/2"}],"replies":[{"embeddable":true,"href":"https:\/\/akdenizhaber.com.tr\/index.php\/wp-json\/wp\/v2\/comments?post=30745"}],"version-history":[{"count":1,"href":"https:\/\/akdenizhaber.com.tr\/index.php\/wp-json\/wp\/v2\/posts\/30745\/revisions"}],"predecessor-version":[{"id":30746,"href":"https:\/\/akdenizhaber.com.tr\/index.php\/wp-json\/wp\/v2\/posts\/30745\/revisions\/30746"}],"wp:featuredmedia":[{"embeddable":true,"href":"https:\/\/akdenizhaber.com.tr\/index.php\/wp-json\/wp\/v2\/media\/30336"}],"wp:attachment":[{"href":"https:\/\/akdenizhaber.com.tr\/index.php\/wp-json\/wp\/v2\/media?parent=30745"}],"wp:term":[{"taxonomy":"category","embeddable":true,"href":"https:\/\/akdenizhaber.com.tr\/index.php\/wp-json\/wp\/v2\/categories?post=30745"},{"taxonomy":"post_tag","embeddable":true,"href":"https:\/\/akdenizhaber.com.tr\/index.php\/wp-json\/wp\/v2\/tags?post=30745"}],"curies":[{"name":"wp","href":"https:\/\/api.w.org\/{rel}","templated":true}]}}