{"id":30736,"date":"2025-11-17T16:50:36","date_gmt":"2025-11-17T13:50:36","guid":{"rendered":"https:\/\/akdenizhaber.com.tr\/?p=30736"},"modified":"2025-11-17T16:50:37","modified_gmt":"2025-11-17T13:50:37","slug":"piyade-er-fikret-karamusaoglu-caddesindeki-calismalar-sona-yaklasti","status":"publish","type":"post","link":"https:\/\/akdenizhaber.com.tr\/index.php\/2025\/11\/17\/piyade-er-fikret-karamusaoglu-caddesindeki-calismalar-sona-yaklasti\/","title":{"rendered":"Piyade Er Fikret Karamusao\u011flu Caddesi\u2019ndeki \u00c7al\u0131\u015fmalar Sona Yakla\u015ft\u0131"},"content":{"rendered":"\n<p>Manavgat Belediyesi\u2019nin kent genelinde s\u00fcrd\u00fcrd\u00fc\u011f\u00fc yol, kald\u0131r\u0131m ve altyap\u0131 yat\u0131r\u0131mlar\u0131n\u0131n \u00f6nemli ba\u015fl\u0131klar\u0131ndan biri olan Piyade Er Fikret Karamusao\u011flu Caddesi d\u00fczenleme projesinde sona yakla\u015f\u0131ld\u0131. Manavgat Belediye Ba\u015fkan Vekili Av. Mehmet \u00c7i\u00e7ek de b\u00f6lgede incelemelerde bulunarak teknik ekipten detayl\u0131 bilgi ald\u0131.<\/p>\n\n\n\n<p>Fen \u0130\u015fleri M\u00fcd\u00fcrl\u00fc\u011f\u00fc koordinesinde y\u00fcr\u00fct\u00fclen proje kapsam\u0131nda, Remzi G\u00fcven Caddesi\u2019nin bitiminden \u00c7eltik\u00e7i Mahallesi giri\u015fine uzanan 450 metrelik g\u00fczergah, modern \u015fehircilik anlay\u0131\u015f\u0131na uygun \u015fekilde yeniden d\u00fczenleniyor. 30 metre geni\u015fli\u011finde planlanan cadde \u00fczerinde 2&#215;2 b\u00f6l\u00fcnm\u00fc\u015f yol, geni\u015f yaya kald\u0131r\u0131mlar\u0131, ref\u00fcj \u00e7al\u0131\u015fmalar\u0131 ve g\u00fcvenli kav\u015fak d\u00fczenlemeleri bulunuyor. Altyap\u0131 ve \u00fcstyap\u0131 imalatlar\u0131nda 4000 metrekare parke ta\u015f\u0131 ile 2000 metrekare bord\u00fcr kullan\u0131larak b\u00f6lgede estetik ve dayan\u0131kl\u0131 bir kent dokusu olu\u015fturuluyor.<\/p>\n\n\n\n<p>Ba\u015fkan Vekili \u00c7i\u00e7ek, yapt\u0131\u011f\u0131 incelemelerde \u00e7al\u0131\u015fmalar\u0131n son durumu hakk\u0131nda ekiplerle de\u011ferlendirme yaparak, tamamlanan ve devam eden b\u00f6l\u00fcmleri yerinde g\u00f6zlemledi. \u00c7i\u00e7ek, d\u00fczenleme \u00e7al\u0131\u015fmalar\u0131n\u0131n tamamlanmas\u0131yla birlikte b\u00f6lgede uzun s\u00fcredir g\u00f6zlenen trafik yo\u011funlu\u011funun azalaca\u011f\u0131n\u0131, s\u00fcr\u00fcc\u00fcler ve yayalar i\u00e7in daha g\u00fcvenli ve konforlu bir ula\u015f\u0131m altyap\u0131s\u0131n\u0131n sa\u011flanaca\u011f\u0131n\u0131 ifade etti.<\/p>\n\n\n\n<p>Manavgat Belediyesi \/ B\u00fclten<\/p>\n","protected":false},"excerpt":{"rendered":"<p>Manavgat Belediyesi\u2019nin kent genelinde s\u00fcrd\u00fcrd\u00fc\u011f\u00fc yol, kald\u0131r\u0131m ve altyap\u0131 yat\u0131r\u0131mlar\u0131n\u0131n \u00f6nemli ba\u015fl\u0131klar\u0131ndan biri olan Piyade Er Fikret Karamusao\u011flu Caddesi d\u00fczenleme projesinde sona yakla\u015f\u0131ld\u0131. Manavgat Belediye <a href=\"https:\/\/akdenizhaber.com.tr\/index.php\/2025\/11\/17\/piyade-er-fikret-karamusaoglu-caddesindeki-calismalar-sona-yaklasti\/\" class=\"read-more-link\">[more&#8230;]<\/a><\/p>\n","protected":false},"author":2,"featured_media":30737,"comment_status":"open","ping_status":"open","sticky":false,"template":"","format":"standard","meta":{"footnotes":""},"categories":[2],"tags":[],"class_list":["post-30736","post","type-post","status-publish","format-standard","has-post-thumbnail","hentry","category-gundem"],"_links":{"self":[{"href":"https:\/\/akdenizhaber.com.tr\/index.php\/wp-json\/wp\/v2\/posts\/30736","targetHints":{"allow":["GET"]}}],"collection":[{"href":"https:\/\/akdenizhaber.com.tr\/index.php\/wp-json\/wp\/v2\/posts"}],"about":[{"href":"https:\/\/akdenizhaber.com.tr\/index.php\/wp-json\/wp\/v2\/types\/post"}],"author":[{"embeddable":true,"href":"https:\/\/akdenizhaber.com.tr\/index.php\/wp-json\/wp\/v2\/users\/2"}],"replies":[{"embeddable":true,"href":"https:\/\/akdenizhaber.com.tr\/index.php\/wp-json\/wp\/v2\/comments?post=30736"}],"version-history":[{"count":1,"href":"https:\/\/akdenizhaber.com.tr\/index.php\/wp-json\/wp\/v2\/posts\/30736\/revisions"}],"predecessor-version":[{"id":30738,"href":"https:\/\/akdenizhaber.com.tr\/index.php\/wp-json\/wp\/v2\/posts\/30736\/revisions\/30738"}],"wp:featuredmedia":[{"embeddable":true,"href":"https:\/\/akdenizhaber.com.tr\/index.php\/wp-json\/wp\/v2\/media\/30737"}],"wp:attachment":[{"href":"https:\/\/akdenizhaber.com.tr\/index.php\/wp-json\/wp\/v2\/media?parent=30736"}],"wp:term":[{"taxonomy":"category","embeddable":true,"href":"https:\/\/akdenizhaber.com.tr\/index.php\/wp-json\/wp\/v2\/categories?post=30736"},{"taxonomy":"post_tag","embeddable":true,"href":"https:\/\/akdenizhaber.com.tr\/index.php\/wp-json\/wp\/v2\/tags?post=30736"}],"curies":[{"name":"wp","href":"https:\/\/api.w.org\/{rel}","templated":true}]}}