{"id":30733,"date":"2025-11-17T16:50:10","date_gmt":"2025-11-17T13:50:10","guid":{"rendered":"https:\/\/akdenizhaber.com.tr\/?p=30733"},"modified":"2025-11-17T16:50:10","modified_gmt":"2025-11-17T13:50:10","slug":"mehmet-cicekten-turizm-emekcilerine-ve-pazarci-esnafina-ziyaret","status":"publish","type":"post","link":"https:\/\/akdenizhaber.com.tr\/index.php\/2025\/11\/17\/mehmet-cicekten-turizm-emekcilerine-ve-pazarci-esnafina-ziyaret\/","title":{"rendered":"Mehmet \u00c7i\u00e7ek\u2019ten Turizm Emek\u00e7ilerine ve Pazarc\u0131 Esnaf\u0131na Ziyaret"},"content":{"rendered":"\n<p>Manavgat Belediye Ba\u015fkan Vekili Av. Mehmet \u00c7i\u00e7ek, sabah\u0131n erken saatlerinde turizm \u00e7al\u0131\u015fanlar\u0131 ve pazarc\u0131 esnaf\u0131yla bir araya geldi. Ba\u015fkan Vekili \u00c7i\u00e7ek\u2019e ziyarette CHP Manavgat \u0130l\u00e7e \u00d6rg\u00fct\u00fc Ba\u015fkan\u0131 Oykun Ba\u015far, CHP Manavgat Kad\u0131n Kollar\u0131 Ba\u015fkan\u0131 Dil\u015fad Ta\u015f, CHP Manavgat Gen\u00e7lik Kollar\u0131 Ba\u015fkan\u0131 Hasan \u00d6zer ve meclis \u00fcyeleri de e\u015flik etti.<\/p>\n\n\n\n<p>Program\u0131n ilk dura\u011f\u0131, Antalya Caddesi \u00fczerinde bulunan turizm \u00e7al\u0131\u015fanlar\u0131 dura\u011f\u0131 oldu. Sabah mesaisine haz\u0131rlanan turizm emek\u00e7ilerini tek tek selamlayan Ba\u015fkan Vekili \u00c7i\u00e7ek, \u00e7al\u0131\u015fanlara simit ikram ederek kolayl\u0131klar diledi. Turizmin Manavgat ekonomisinin lokomotiflerinden biri oldu\u011funu vurgulayan \u00c7i\u00e7ek, \u201cManavgat\u2019\u0131m\u0131z\u0131n marka de\u011ferini y\u00fckselten en \u00f6nemli unsur emektir. Turizmde \u00e7al\u0131\u015fan her bir vatanda\u015f\u0131m\u0131z\u0131n katk\u0131s\u0131 \u00e7ok b\u00fcy\u00fckt\u00fcr. Onlar\u0131n yan\u0131nda olmaya devam edece\u011fiz.\u201d dedi.<\/p>\n\n\n\n<p>Ba\u015fkan Vekili \u00c7i\u00e7ek\u2019in ikinci dura\u011f\u0131 ise Cumartesi Kapal\u0131 Pazar Yeri oldu. Burada \u00fcretici ve pazarc\u0131 esnaf\u0131yla g\u00f6r\u00fc\u015fen \u00c7i\u00e7ek, tezgahlar\u0131 gezerek \u00fcr\u00fcnler ve sezon ko\u015fullar\u0131 hakk\u0131nda bilgi ald\u0131. Ba\u015fkan Vekili \u00c7i\u00e7ek, pazar alan\u0131na \u00fcr\u00fcn getiren \u00fcreticilere de yard\u0131m ederek kasalar\u0131n ta\u015f\u0131nmas\u0131na destek oldu; tezgah kurma haz\u0131rl\u0131klar\u0131na bizzat kat\u0131ld\u0131.<\/p>\n\n\n\n<p>Saha ziyaretlerinin, kentteki \u00e7al\u0131\u015fma d\u00fczenini ve vatanda\u015flar\u0131n ihtiya\u00e7lar\u0131n\u0131 yerinde g\u00f6rme a\u00e7\u0131s\u0131ndan b\u00fcy\u00fck \u00f6nem ta\u015f\u0131d\u0131\u011f\u0131n\u0131 belirten Mehmet \u00c7i\u00e7ek, \u201cManavgat\u2019ta hizmet \u00fcreten herkesin yan\u0131nday\u0131z. Hem turizm \u00e7al\u0131\u015fanlar\u0131m\u0131z\u0131n hem de \u00fcreticilerimizin taleplerini dinleyip \u00e7\u00f6z\u00fcm \u00fcretmek i\u00e7in \u00e7al\u0131\u015f\u0131yoruz.\u201d a\u00e7\u0131klamas\u0131nda bulundu.<\/p>\n\n\n\n<p>Manavgat Belediyesi \/ B\u00fclten<\/p>\n","protected":false},"excerpt":{"rendered":"<p>Manavgat Belediye Ba\u015fkan Vekili Av. Mehmet \u00c7i\u00e7ek, sabah\u0131n erken saatlerinde turizm \u00e7al\u0131\u015fanlar\u0131 ve pazarc\u0131 esnaf\u0131yla bir araya geldi. Ba\u015fkan Vekili \u00c7i\u00e7ek\u2019e ziyarette CHP Manavgat \u0130l\u00e7e <a href=\"https:\/\/akdenizhaber.com.tr\/index.php\/2025\/11\/17\/mehmet-cicekten-turizm-emekcilerine-ve-pazarci-esnafina-ziyaret\/\" class=\"read-more-link\">[more&#8230;]<\/a><\/p>\n","protected":false},"author":2,"featured_media":30734,"comment_status":"open","ping_status":"open","sticky":false,"template":"","format":"standard","meta":{"footnotes":""},"categories":[2],"tags":[],"class_list":["post-30733","post","type-post","status-publish","format-standard","has-post-thumbnail","hentry","category-gundem"],"_links":{"self":[{"href":"https:\/\/akdenizhaber.com.tr\/index.php\/wp-json\/wp\/v2\/posts\/30733","targetHints":{"allow":["GET"]}}],"collection":[{"href":"https:\/\/akdenizhaber.com.tr\/index.php\/wp-json\/wp\/v2\/posts"}],"about":[{"href":"https:\/\/akdenizhaber.com.tr\/index.php\/wp-json\/wp\/v2\/types\/post"}],"author":[{"embeddable":true,"href":"https:\/\/akdenizhaber.com.tr\/index.php\/wp-json\/wp\/v2\/users\/2"}],"replies":[{"embeddable":true,"href":"https:\/\/akdenizhaber.com.tr\/index.php\/wp-json\/wp\/v2\/comments?post=30733"}],"version-history":[{"count":1,"href":"https:\/\/akdenizhaber.com.tr\/index.php\/wp-json\/wp\/v2\/posts\/30733\/revisions"}],"predecessor-version":[{"id":30735,"href":"https:\/\/akdenizhaber.com.tr\/index.php\/wp-json\/wp\/v2\/posts\/30733\/revisions\/30735"}],"wp:featuredmedia":[{"embeddable":true,"href":"https:\/\/akdenizhaber.com.tr\/index.php\/wp-json\/wp\/v2\/media\/30734"}],"wp:attachment":[{"href":"https:\/\/akdenizhaber.com.tr\/index.php\/wp-json\/wp\/v2\/media?parent=30733"}],"wp:term":[{"taxonomy":"category","embeddable":true,"href":"https:\/\/akdenizhaber.com.tr\/index.php\/wp-json\/wp\/v2\/categories?post=30733"},{"taxonomy":"post_tag","embeddable":true,"href":"https:\/\/akdenizhaber.com.tr\/index.php\/wp-json\/wp\/v2\/tags?post=30733"}],"curies":[{"name":"wp","href":"https:\/\/api.w.org\/{rel}","templated":true}]}}