{"id":30730,"date":"2025-11-17T16:49:47","date_gmt":"2025-11-17T13:49:47","guid":{"rendered":"https:\/\/akdenizhaber.com.tr\/?p=30730"},"modified":"2025-11-17T16:49:48","modified_gmt":"2025-11-17T13:49:48","slug":"lgs-ve-yksde-basari-elde-eden-ogrencilerden-baskan-vekili-ciceke-ziyaretler-devam-ediyor","status":"publish","type":"post","link":"https:\/\/akdenizhaber.com.tr\/index.php\/2025\/11\/17\/lgs-ve-yksde-basari-elde-eden-ogrencilerden-baskan-vekili-ciceke-ziyaretler-devam-ediyor\/","title":{"rendered":"LGS ve YKS\u2019de Ba\u015far\u0131 Elde Eden \u00d6\u011frencilerden Ba\u015fkan Vekili \u00c7i\u00e7ek\u2019e Ziyaretler Devam Ediyor"},"content":{"rendered":"\n<p>Liselere Ge\u00e7i\u015f Sistemi (LGS) ve Y\u00fcksek\u00f6\u011fretim Kurumlar\u0131 S\u0131nav\u0131\u2019nda (YKS) derece yapan ve T\u00fcrkiye\u2019nin \u00f6nde gelen lise ile \u00fcniversitelerine yerle\u015fen Manavgatl\u0131 \u00f6\u011frenciler, aileleriyle birlikte Manavgat Belediye Ba\u015fkan Vekili Av. Mehmet \u00c7i\u00e7ek\u2019i ziyaret etmeyi s\u00fcrd\u00fcr\u00fcyor.<\/p>\n\n\n\n<p>Gen\u00e7lerin elde etti\u011fi bu \u00f6nemli ba\u015far\u0131lar\u0131n aileleri ve Manavgat ad\u0131na b\u00fcy\u00fck bir gurur kayna\u011f\u0131 oldu\u011funu belirten Ba\u015fkan Vekili \u00c7i\u00e7ek, \u00f6\u011frencilerle tek tek sohbet ederek onlar\u0131n hedeflerini dinledi. Ba\u015fkan Vekili \u00c7i\u00e7ek, \u201cGen\u00e7lerimizin azmi, \u00e7al\u0131\u015fkanl\u0131\u011f\u0131 ve disiplinleri sayesinde elde etti\u011fi bu ba\u015far\u0131lar, gelece\u011fe olan inanc\u0131m\u0131z\u0131 daha da g\u00fc\u00e7lendiriyor. Bir e\u011fitimci olarak, bu ba\u015far\u0131lar\u0131n arkas\u0131ndaki emek, disiplin ve kararl\u0131l\u0131\u011f\u0131 g\u00f6rmekten b\u00fcy\u00fck mutluluk duyuyorum. \u00d6\u011frencilerimizi, onlar\u0131 destekleyen ailelerini ve \u00f6\u011fretmenlerini tebrik ediyorum.\u201d dedi.<\/p>\n\n\n\n<p>Ziyarete kat\u0131lan \u00f6\u011frencilerden S\u00fcleyman Ege Erg\u00fcn YKS\u2019de T\u00fcrkiye 625\u2019incisi olarak Bo\u011fazi\u00e7i \u00dcniversitesi End\u00fcstri M\u00fchendisli\u011fi b\u00f6l\u00fcm\u00fcn\u00fc kazand\u0131. Zeynep \u00c7elik ve Arda O\u011fuz Ankara Fen Lisesi\u2019ni, Beren \u015eehirli Galatasaray Lisesi\u2019ni, Emir Eymen \u00c7apa Fen Lisesi\u2019ni, \u0130brahim Enes Kaya, Ay\u015fe Y\u0131ld\u0131r\u0131m ve Uygar Kabac\u0131 Nam\u0131k Karamanc\u0131 Fen Lisesi\u2019ni, Abd\u00fclsamet S\u00f6zen Yusuf Ziya \u00d6ner Fen Lisesi\u2019ni ve Ahmet Baturalp Pema Koleji\u2019ni kazanma ba\u015far\u0131s\u0131 g\u00f6sterdi.<\/p>\n\n\n\n<p>\u00d6\u011frenciler ve aileler, ilgisi ve misafirperverli\u011fi i\u00e7in Ba\u015fkan Vekili \u00c7i\u00e7ek\u2019e te\u015fekk\u00fcr ettiler.<\/p>\n\n\n\n<p>Manavgat Belediyesi \/ B\u00fclten<\/p>\n","protected":false},"excerpt":{"rendered":"<p>Liselere Ge\u00e7i\u015f Sistemi (LGS) ve Y\u00fcksek\u00f6\u011fretim Kurumlar\u0131 S\u0131nav\u0131\u2019nda (YKS) derece yapan ve T\u00fcrkiye\u2019nin \u00f6nde gelen lise ile \u00fcniversitelerine yerle\u015fen Manavgatl\u0131 \u00f6\u011frenciler, aileleriyle birlikte Manavgat Belediye <a href=\"https:\/\/akdenizhaber.com.tr\/index.php\/2025\/11\/17\/lgs-ve-yksde-basari-elde-eden-ogrencilerden-baskan-vekili-ciceke-ziyaretler-devam-ediyor\/\" class=\"read-more-link\">[more&#8230;]<\/a><\/p>\n","protected":false},"author":2,"featured_media":30731,"comment_status":"open","ping_status":"open","sticky":false,"template":"","format":"standard","meta":{"footnotes":""},"categories":[2],"tags":[],"class_list":["post-30730","post","type-post","status-publish","format-standard","has-post-thumbnail","hentry","category-gundem"],"_links":{"self":[{"href":"https:\/\/akdenizhaber.com.tr\/index.php\/wp-json\/wp\/v2\/posts\/30730","targetHints":{"allow":["GET"]}}],"collection":[{"href":"https:\/\/akdenizhaber.com.tr\/index.php\/wp-json\/wp\/v2\/posts"}],"about":[{"href":"https:\/\/akdenizhaber.com.tr\/index.php\/wp-json\/wp\/v2\/types\/post"}],"author":[{"embeddable":true,"href":"https:\/\/akdenizhaber.com.tr\/index.php\/wp-json\/wp\/v2\/users\/2"}],"replies":[{"embeddable":true,"href":"https:\/\/akdenizhaber.com.tr\/index.php\/wp-json\/wp\/v2\/comments?post=30730"}],"version-history":[{"count":1,"href":"https:\/\/akdenizhaber.com.tr\/index.php\/wp-json\/wp\/v2\/posts\/30730\/revisions"}],"predecessor-version":[{"id":30732,"href":"https:\/\/akdenizhaber.com.tr\/index.php\/wp-json\/wp\/v2\/posts\/30730\/revisions\/30732"}],"wp:featuredmedia":[{"embeddable":true,"href":"https:\/\/akdenizhaber.com.tr\/index.php\/wp-json\/wp\/v2\/media\/30731"}],"wp:attachment":[{"href":"https:\/\/akdenizhaber.com.tr\/index.php\/wp-json\/wp\/v2\/media?parent=30730"}],"wp:term":[{"taxonomy":"category","embeddable":true,"href":"https:\/\/akdenizhaber.com.tr\/index.php\/wp-json\/wp\/v2\/categories?post=30730"},{"taxonomy":"post_tag","embeddable":true,"href":"https:\/\/akdenizhaber.com.tr\/index.php\/wp-json\/wp\/v2\/tags?post=30730"}],"curies":[{"name":"wp","href":"https:\/\/api.w.org\/{rel}","templated":true}]}}