{"id":30724,"date":"2025-11-17T16:54:17","date_gmt":"2025-11-17T13:54:17","guid":{"rendered":"https:\/\/akdenizhaber.com.tr\/?p=30724"},"modified":"2025-11-17T16:54:17","modified_gmt":"2025-11-17T13:54:17","slug":"elif-ve-emre-cifti-mutluluga-evet-dedi","status":"publish","type":"post","link":"https:\/\/akdenizhaber.com.tr\/index.php\/2025\/11\/17\/elif-ve-emre-cifti-mutluluga-evet-dedi\/","title":{"rendered":"Elif ve Emre \u00c7ifti Mutlulu\u011fa \u201cEvet\u201d Dedi"},"content":{"rendered":"\n<p>Elif ve Emre \u00e7ifti, 9 Kas\u0131m 2025 Pazar ak\u015fam\u0131 Tomris Garden\u2019da d\u00fczenlenen sade ve \u015f\u0131k bir t\u00f6renle d\u00fcnyevine girdi. Aileleri Selbinaz Ate\u015f ile Havva &amp; \u0130smail Yald\u0131z\u2019\u0131n ev sahipli\u011finde ger\u00e7ekle\u015fen d\u00fc\u011f\u00fcn, yo\u011fun kat\u0131l\u0131mla ger\u00e7ekle\u015ftirildi.<\/p>\n\n\n\n<p>Manavgat Bucak\u015feyhler Mahallesi Oymap\u0131nar Yolu \u00fczerindeki Tomris Garden\u2019\u0131n do\u011fal atmosferinde yap\u0131lan t\u00f6ren, \u00e7iftin nik\u00e2h merasiminin ard\u0131ndan danslar\u0131yla renkli anlara sahne oldu. Davetliler, Elif ve Emre \u00e7iftinin bu \u00f6zel g\u00fcn\u00fcnde mutluluklar\u0131n\u0131 payla\u015farak gen\u00e7 \u00e7ifte iyi dileklerini iletti.<\/p>\n\n\n\n<p>Elif ve Emre, hayatlar\u0131n\u0131 birle\u015ftirdikleri bu anlaml\u0131 gecede kendilerini yaln\u0131z b\u0131rakmayan t\u00fcm misafirlere te\u015fekk\u00fcr etti.<\/p>\n\n\n\n<p>B\u00fc\u015fra Deveci \/ Haber<\/p>\n","protected":false},"excerpt":{"rendered":"<p>Elif ve Emre \u00e7ifti, 9 Kas\u0131m 2025 Pazar ak\u015fam\u0131 Tomris Garden\u2019da d\u00fczenlenen sade ve \u015f\u0131k bir t\u00f6renle d\u00fcnyevine girdi. Aileleri Selbinaz Ate\u015f ile Havva &amp; <a href=\"https:\/\/akdenizhaber.com.tr\/index.php\/2025\/11\/17\/elif-ve-emre-cifti-mutluluga-evet-dedi\/\" class=\"read-more-link\">[more&#8230;]<\/a><\/p>\n","protected":false},"author":2,"featured_media":30725,"comment_status":"open","ping_status":"open","sticky":false,"template":"","format":"standard","meta":{"footnotes":""},"categories":[2],"tags":[],"class_list":["post-30724","post","type-post","status-publish","format-standard","has-post-thumbnail","hentry","category-gundem"],"_links":{"self":[{"href":"https:\/\/akdenizhaber.com.tr\/index.php\/wp-json\/wp\/v2\/posts\/30724","targetHints":{"allow":["GET"]}}],"collection":[{"href":"https:\/\/akdenizhaber.com.tr\/index.php\/wp-json\/wp\/v2\/posts"}],"about":[{"href":"https:\/\/akdenizhaber.com.tr\/index.php\/wp-json\/wp\/v2\/types\/post"}],"author":[{"embeddable":true,"href":"https:\/\/akdenizhaber.com.tr\/index.php\/wp-json\/wp\/v2\/users\/2"}],"replies":[{"embeddable":true,"href":"https:\/\/akdenizhaber.com.tr\/index.php\/wp-json\/wp\/v2\/comments?post=30724"}],"version-history":[{"count":1,"href":"https:\/\/akdenizhaber.com.tr\/index.php\/wp-json\/wp\/v2\/posts\/30724\/revisions"}],"predecessor-version":[{"id":30726,"href":"https:\/\/akdenizhaber.com.tr\/index.php\/wp-json\/wp\/v2\/posts\/30724\/revisions\/30726"}],"wp:featuredmedia":[{"embeddable":true,"href":"https:\/\/akdenizhaber.com.tr\/index.php\/wp-json\/wp\/v2\/media\/30725"}],"wp:attachment":[{"href":"https:\/\/akdenizhaber.com.tr\/index.php\/wp-json\/wp\/v2\/media?parent=30724"}],"wp:term":[{"taxonomy":"category","embeddable":true,"href":"https:\/\/akdenizhaber.com.tr\/index.php\/wp-json\/wp\/v2\/categories?post=30724"},{"taxonomy":"post_tag","embeddable":true,"href":"https:\/\/akdenizhaber.com.tr\/index.php\/wp-json\/wp\/v2\/tags?post=30724"}],"curies":[{"name":"wp","href":"https:\/\/api.w.org\/{rel}","templated":true}]}}