{"id":30714,"date":"2025-11-17T16:55:12","date_gmt":"2025-11-17T13:55:12","guid":{"rendered":"https:\/\/akdenizhaber.com.tr\/?p=30714"},"modified":"2025-11-17T16:55:12","modified_gmt":"2025-11-17T13:55:12","slug":"sofor-esnafindan-unala-tam-destek-efsane-baskan-unalla-yola-devam","status":"publish","type":"post","link":"https:\/\/akdenizhaber.com.tr\/index.php\/2025\/11\/17\/sofor-esnafindan-unala-tam-destek-efsane-baskan-unalla-yola-devam\/","title":{"rendered":"\u015eof\u00f6r Esnaf\u0131ndan \u00dcnal\u2019a Tam Destek;                          \u201cEfsane Ba\u015fkan \u00dcnal\u2019la Yola Devam\u201d"},"content":{"rendered":"\n<p><\/p>\n\n\n\n<p>\u015eof\u00f6rler Odas\u0131 ve Manavgat \u00c7evresi Esnaf ve Sanatk\u00e2rlar Kredi Kefalet Kooperatif Ba\u015fkan\u0131 Mehmet Muammer \u00dcnal \u00f6n\u00fcm\u00fczdeki y\u0131l yap\u0131lacak \u015fof\u00f6rler odas\u0131 se\u00e7imlerinde \u015fof\u00f6r esnaf\u0131n\u0131n tam deste\u011fini alarak se\u00e7imlere haz\u0131rlan\u0131yor.<\/p>\n\n\n\n<figure class=\"wp-block-image size-large is-resized\"><img loading=\"lazy\" decoding=\"async\" width=\"1067\" height=\"803\" src=\"https:\/\/akdenizhaber.com.tr\/wp-content\/uploads\/2025\/11\/e334dffd-58b8-4362-94dc-aa0fe3e881a1-edited.jpeg\" alt=\"\" class=\"wp-image-30717\" style=\"width:583px;height:auto\" srcset=\"https:\/\/akdenizhaber.com.tr\/wp-content\/uploads\/2025\/11\/e334dffd-58b8-4362-94dc-aa0fe3e881a1-edited.jpeg 1067w, https:\/\/akdenizhaber.com.tr\/wp-content\/uploads\/2025\/11\/e334dffd-58b8-4362-94dc-aa0fe3e881a1-edited-300x226.jpeg 300w, https:\/\/akdenizhaber.com.tr\/wp-content\/uploads\/2025\/11\/e334dffd-58b8-4362-94dc-aa0fe3e881a1-edited-1024x771.jpeg 1024w, https:\/\/akdenizhaber.com.tr\/wp-content\/uploads\/2025\/11\/e334dffd-58b8-4362-94dc-aa0fe3e881a1-edited-768x578.jpeg 768w\" sizes=\"auto, (max-width: 1067px) 100vw, 1067px\" \/><\/figure>\n\n\n\n<p>\u0130l\u00e7emizdeki taksi ve dolmu\u015f duraklar\u0131n\u0131n \u00e7o\u011funlu\u011fu yap\u0131lacak olan se\u00e7imlerde yeniden Ba\u015fkan Mehmet Muammer \u00dcnal\u2019a tam destek vereceklerini a\u00e7\u0131klayarak \u201cEfsane Ba\u015fkan \u00dcnal\u2019la yola devam\u201d a\u00e7\u0131klamas\u0131nda bulundular.<\/p>\n\n\n\n<p>Oda ba\u015fkanl\u0131\u011f\u0131 d\u00f6neminde her saatte Ba\u015fkan Muammer \u00dcnal\u2019a ula\u015farak sorunlar\u0131n\u0131 aktard\u0131klar\u0131nda ba\u015fkan\u0131n t\u00fcm sorunlar\u0131 \u00e7\u00f6zmek i\u00e7in \u00e7aba sarf etti\u011fine y\u0131llard\u0131r \u015fahit olduklar\u0131n\u0131 dile getiren \u015fof\u00f6r esnaf\u0131 sorunlar\u0131 \u00e7\u00f6zmekle kalmayan ba\u015fkan\u0131n her an yanlar\u0131nda olarak kendilerine destek verdi\u011fini ifade ederek;<\/p>\n\n\n\n<p>\u201cY\u0131llard\u0131r odam\u0131z\u0131n Efsane ba\u015fkan\u0131 Muammer \u00dcnal, \u015fof\u00f6r esnaf\u0131n\u0131n bir dedi\u011fini iki etmeyerek t\u00fcm sorunlar\u0131m\u0131za an\u0131nda \u00e7\u00f6z\u00fcm bularak \u00fcyesine hizmet etmekle kalmay\u0131p, hi\u00e7 ummad\u0131\u011f\u0131m\u0131z ve beklemedi\u011fimiz anda \u00e7\u0131k\u0131p yan\u0131m\u0131zda tam destek olan hakk\u0131 \u00f6denmeyecek bir ba\u015fkand\u0131r. B\u00f6ylesine kendini \u015fof\u00f6r esnaf\u0131na adayan ve bizleri hi\u00e7bir zaman yaln\u0131z b\u0131rakmayan ba\u015fkan\u0131m\u0131zla \u00f6n\u00fcm\u00fczdeki se\u00e7imlerde de yine birlikte hareket ederek ba\u015fkan olmas\u0131 ad\u0131na \u00e7aba sarf ederek birlikte y\u00fcr\u00fcyece\u011fiz\u201d dediler.<\/p>\n\n\n\n<p>B\u00fc\u015fra Deveci \/ Haber<\/p>\n","protected":false},"excerpt":{"rendered":"<p>\u015eof\u00f6rler Odas\u0131 ve Manavgat \u00c7evresi Esnaf ve Sanatk\u00e2rlar Kredi Kefalet Kooperatif Ba\u015fkan\u0131 Mehmet Muammer \u00dcnal \u00f6n\u00fcm\u00fczdeki y\u0131l yap\u0131lacak \u015fof\u00f6rler odas\u0131 se\u00e7imlerinde \u015fof\u00f6r esnaf\u0131n\u0131n tam deste\u011fini <a href=\"https:\/\/akdenizhaber.com.tr\/index.php\/2025\/11\/17\/sofor-esnafindan-unala-tam-destek-efsane-baskan-unalla-yola-devam\/\" class=\"read-more-link\">[more&#8230;]<\/a><\/p>\n","protected":false},"author":2,"featured_media":30715,"comment_status":"open","ping_status":"open","sticky":false,"template":"","format":"standard","meta":{"footnotes":""},"categories":[2],"tags":[],"class_list":["post-30714","post","type-post","status-publish","format-standard","has-post-thumbnail","hentry","category-gundem"],"_links":{"self":[{"href":"https:\/\/akdenizhaber.com.tr\/index.php\/wp-json\/wp\/v2\/posts\/30714","targetHints":{"allow":["GET"]}}],"collection":[{"href":"https:\/\/akdenizhaber.com.tr\/index.php\/wp-json\/wp\/v2\/posts"}],"about":[{"href":"https:\/\/akdenizhaber.com.tr\/index.php\/wp-json\/wp\/v2\/types\/post"}],"author":[{"embeddable":true,"href":"https:\/\/akdenizhaber.com.tr\/index.php\/wp-json\/wp\/v2\/users\/2"}],"replies":[{"embeddable":true,"href":"https:\/\/akdenizhaber.com.tr\/index.php\/wp-json\/wp\/v2\/comments?post=30714"}],"version-history":[{"count":1,"href":"https:\/\/akdenizhaber.com.tr\/index.php\/wp-json\/wp\/v2\/posts\/30714\/revisions"}],"predecessor-version":[{"id":30718,"href":"https:\/\/akdenizhaber.com.tr\/index.php\/wp-json\/wp\/v2\/posts\/30714\/revisions\/30718"}],"wp:featuredmedia":[{"embeddable":true,"href":"https:\/\/akdenizhaber.com.tr\/index.php\/wp-json\/wp\/v2\/media\/30715"}],"wp:attachment":[{"href":"https:\/\/akdenizhaber.com.tr\/index.php\/wp-json\/wp\/v2\/media?parent=30714"}],"wp:term":[{"taxonomy":"category","embeddable":true,"href":"https:\/\/akdenizhaber.com.tr\/index.php\/wp-json\/wp\/v2\/categories?post=30714"},{"taxonomy":"post_tag","embeddable":true,"href":"https:\/\/akdenizhaber.com.tr\/index.php\/wp-json\/wp\/v2\/tags?post=30714"}],"curies":[{"name":"wp","href":"https:\/\/api.w.org\/{rel}","templated":true}]}}