{"id":30710,"date":"2025-11-13T16:50:52","date_gmt":"2025-11-13T13:50:52","guid":{"rendered":"https:\/\/akdenizhaber.com.tr\/?p=30710"},"modified":"2025-11-13T16:50:52","modified_gmt":"2025-11-13T13:50:52","slug":"onem-gok-ve-ziraat-odalari-baskanlari-bolge-tarimi-icin-ankaradaydi","status":"publish","type":"post","link":"https:\/\/akdenizhaber.com.tr\/index.php\/2025\/11\/13\/onem-gok-ve-ziraat-odalari-baskanlari-bolge-tarimi-icin-ankaradaydi\/","title":{"rendered":"\u00d6nem G\u00f6k ve Ziraat Odalar\u0131 Ba\u015fkanlar\u0131, B\u00f6lge Tar\u0131m\u0131 \u0130\u00e7in Ankara&#8217;dayd\u0131"},"content":{"rendered":"\n<p>Manavgat Muz \u00dcreticileri Birli\u011fi Ba\u015fkan\u0131 ve MATSO Ba\u015fkan Aday\u0131 \u00d6nem G\u00f6k \u00f6nc\u00fcl\u00fc\u011f\u00fcndeki Bat\u0131 Akdeniz ziraat odalar\u0131 ba\u015fkanlar\u0131 heyeti, Ticaret Bakan\u0131 Prof. Dr. \u00d6mer Bolat\u2019\u0131 ziyaret etti. G\u00f6r\u00fc\u015fmenin ana g\u00fcndemini, b\u00f6lge tar\u0131m\u0131 ve \u00f6zellikle muz \u00fcreticilerinin ithalata kar\u015f\u0131 korunmas\u0131 talepleri olu\u015fturdu.<\/p>\n\n\n\n<p>B\u00f6lge tar\u0131m\u0131n\u0131n sorunlar\u0131n\u0131 ve \u00e7\u00f6z\u00fcm \u00f6nerilerini do\u011frudan Ticaret Bakan\u0131 Prof. Dr. \u00d6mer Bolat\u2019a iletmek \u00fczere Manavgat, Alanya ve Gazipa\u015fa&#8217;dan \u00f6nemli bir heyet Ankara&#8217;ya gitti.<\/p>\n\n\n\n<p>Ticaret Bakanl\u0131\u011f\u0131 makam\u0131nda ger\u00e7ekle\u015fen kritik ziyarete; Manavgat Muz \u00dcreticileri Birli\u011fi Ba\u015fkan\u0131 ve Manavgat Sanayi Ticaret Odas\u0131 (MATSO) Ba\u015fkan Aday\u0131 \u00d6nem G\u00f6k, Alanya Ziraat Odas\u0131 Ba\u015fkan\u0131 Tahir G\u00f6ktepe, Manavgat Ziraat Odas\u0131 Ba\u015fkan\u0131 Rasim Metin, Gazipa\u015fa Ziraat Odas\u0131 Ba\u015fkan\u0131 Yusuf \u00c7elik ve Alanya Ziraat Odas\u0131 Ba\u015fkan Yard\u0131mc\u0131s\u0131 Halil Ba\u015faran kat\u0131ld\u0131.<\/p>\n\n\n\n<p>G\u00fcndem: Muz \u00dcreticisi Koruma Bekliyor<\/p>\n\n\n\n<p>Heyet, Manavgat ve b\u00f6lge tar\u0131m\u0131n\u0131n yan\u0131 s\u0131ra \u00f6zellikle muz \u00fcreticilerinin ya\u015fad\u0131\u011f\u0131 sorunlar\u0131 kapsaml\u0131 bir \u015fekilde Bakan Bolat\u2019a aktard\u0131. Kar\u015f\u0131l\u0131kl\u0131 fikir al\u0131\u015fveri\u015fi \u015feklinde ge\u00e7en toplant\u0131da, \u00fcreticilerin rekabet g\u00fcc\u00fcn\u00fc art\u0131rmak ve yerli \u00fcretimi korumak i\u00e7in \u00e7\u00f6z\u00fclmesi gereken sorunlar i\u00e7in destek istendi.<\/p>\n\n\n\n<p>Ziyaret sonras\u0131 bir a\u00e7\u0131klama yapan Manavgat Muz \u00dcreticileri Birli\u011fi Ba\u015fkan\u0131 \u00d6nem G\u00f6k, Bakan Bolat\u2019a misafirperverli\u011fi ve sorunlara \u00e7\u00f6z\u00fcm odakl\u0131 yakla\u015f\u0131m\u0131 nedeniyle te\u015fekk\u00fcr etti.<\/p>\n\n\n\n<p>G\u00f6k, g\u00f6r\u00fc\u015fmenin detaylar\u0131na ili\u015fkin \u015fu bilgileri verdi:<\/p>\n\n\n\n<p>\u201cTicaret Bakan\u0131m\u0131z Say\u0131n Prof. Dr. \u00d6mer Bolat, bizleri b\u00fcy\u00fck bir misafirperverlikle a\u011f\u0131rlad\u0131. Tar\u0131ma ve ticarete verdi\u011fi \u00f6nem, \u00fcreticiye olan samimi ilgisi ve \u00fclkemiz ekonomisine dair vizyoner bak\u0131\u015f a\u00e7\u0131s\u0131 bizleri gururland\u0131rd\u0131. Say\u0131n Bakan\u0131m\u0131z\u0131n \u00fcreticiyi merkeze alan yakla\u015f\u0131m\u0131, T\u00fcrkiye\u2019nin g\u00fc\u00e7l\u00fc yar\u0131nlar\u0131na olan inanc\u0131m\u0131z\u0131 bir kez daha peki\u015ftirdi.\u201d<\/p>\n\n\n\n<p>\u00dcreticiden 3 Kritik Talep<\/p>\n\n\n\n<p>\u00d6nem G\u00f6k, \u00fcreticiler ad\u0131na dile getirdikleri temel talepleri ise \u015f\u00f6yle s\u0131ralad\u0131:<\/p>\n\n\n\n<p>\u2022\u0130thal muzun, yerli muzun yo\u011fun oldu\u011fu sezonlarda k\u0131s\u0131tlanmas\u0131,<\/p>\n\n\n\n<p>\u2022Marketlerde yerli muz sat\u0131\u015f\u0131n\u0131n zorunlu hale getirilmesi,<\/p>\n\n\n\n<p>\u2022Yerli \u00fcreticiyi korumak amac\u0131yla g\u00fcmr\u00fck vergilerinin art\u0131r\u0131lmas\u0131.<\/p>\n\n\n\n<p>Te\u015fekk\u00fcr Mesaj\u0131<\/p>\n\n\n\n<p>G\u00f6k, a\u00e7\u0131klamalar\u0131n\u0131 b\u00f6lge tar\u0131m\u0131na ve \u00fcreticilere destek verenlere te\u015fekk\u00fcr ederek sonland\u0131rd\u0131:<\/p>\n\n\n\n<p>&#8220;B\u00f6lge tar\u0131m\u0131na ve \u00fcreticilerimize her zaman destek veren, vizyonu ve gayretiyle bizlere yol g\u00f6steren Antalya Milletvekilimiz, eski D\u0131\u015fi\u015fleri Bakan\u0131m\u0131z Say\u0131n Mevl\u00fct \u00c7avu\u015fo\u011flu\u2019na te\u015fekk\u00fcr ederiz. Bu g\u00f6r\u00fc\u015fmelerin ger\u00e7ekle\u015fmesinde desteklerini esirgemeyen, her zaman \u00fcreticinin yan\u0131nda olan Antalya Milletvekilimiz Say\u0131n Dr. Tuba Vural \u00c7okal\u2019a i\u00e7ten te\u015fekk\u00fcr ederiz. Ayr\u0131ca bizlerin \u00f6n\u00fcn\u00fc a\u00e7an, \u00fcreticinin sesi olmaya devam eden T\u00fcrkiye Ziraat Odalar\u0131 Birli\u011fi Genel Ba\u015fkan\u0131 Say\u0131n \u015eemsi Bayraktar\u2019a da te\u015fekk\u00fcr ederiz.\u201d<\/p>\n\n\n\n<p>B\u00fc\u015fra Deveci \/ Haber<\/p>\n","protected":false},"excerpt":{"rendered":"<p>Manavgat Muz \u00dcreticileri Birli\u011fi Ba\u015fkan\u0131 ve MATSO Ba\u015fkan Aday\u0131 \u00d6nem G\u00f6k \u00f6nc\u00fcl\u00fc\u011f\u00fcndeki Bat\u0131 Akdeniz ziraat odalar\u0131 ba\u015fkanlar\u0131 heyeti, Ticaret Bakan\u0131 Prof. Dr. \u00d6mer Bolat\u2019\u0131 ziyaret <a href=\"https:\/\/akdenizhaber.com.tr\/index.php\/2025\/11\/13\/onem-gok-ve-ziraat-odalari-baskanlari-bolge-tarimi-icin-ankaradaydi\/\" class=\"read-more-link\">[more&#8230;]<\/a><\/p>\n","protected":false},"author":2,"featured_media":30711,"comment_status":"open","ping_status":"open","sticky":false,"template":"","format":"standard","meta":{"footnotes":""},"categories":[2],"tags":[],"class_list":["post-30710","post","type-post","status-publish","format-standard","has-post-thumbnail","hentry","category-gundem"],"_links":{"self":[{"href":"https:\/\/akdenizhaber.com.tr\/index.php\/wp-json\/wp\/v2\/posts\/30710","targetHints":{"allow":["GET"]}}],"collection":[{"href":"https:\/\/akdenizhaber.com.tr\/index.php\/wp-json\/wp\/v2\/posts"}],"about":[{"href":"https:\/\/akdenizhaber.com.tr\/index.php\/wp-json\/wp\/v2\/types\/post"}],"author":[{"embeddable":true,"href":"https:\/\/akdenizhaber.com.tr\/index.php\/wp-json\/wp\/v2\/users\/2"}],"replies":[{"embeddable":true,"href":"https:\/\/akdenizhaber.com.tr\/index.php\/wp-json\/wp\/v2\/comments?post=30710"}],"version-history":[{"count":1,"href":"https:\/\/akdenizhaber.com.tr\/index.php\/wp-json\/wp\/v2\/posts\/30710\/revisions"}],"predecessor-version":[{"id":30712,"href":"https:\/\/akdenizhaber.com.tr\/index.php\/wp-json\/wp\/v2\/posts\/30710\/revisions\/30712"}],"wp:featuredmedia":[{"embeddable":true,"href":"https:\/\/akdenizhaber.com.tr\/index.php\/wp-json\/wp\/v2\/media\/30711"}],"wp:attachment":[{"href":"https:\/\/akdenizhaber.com.tr\/index.php\/wp-json\/wp\/v2\/media?parent=30710"}],"wp:term":[{"taxonomy":"category","embeddable":true,"href":"https:\/\/akdenizhaber.com.tr\/index.php\/wp-json\/wp\/v2\/categories?post=30710"},{"taxonomy":"post_tag","embeddable":true,"href":"https:\/\/akdenizhaber.com.tr\/index.php\/wp-json\/wp\/v2\/tags?post=30710"}],"curies":[{"name":"wp","href":"https:\/\/api.w.org\/{rel}","templated":true}]}}