{"id":30705,"date":"2025-11-13T16:49:25","date_gmt":"2025-11-13T13:49:25","guid":{"rendered":"https:\/\/akdenizhaber.com.tr\/?p=30705"},"modified":"2025-11-13T16:49:26","modified_gmt":"2025-11-13T13:49:26","slug":"manavgatin-binlerce-yillik-zeytin-mirasi-festivalde-yeniden-hayat-buldu","status":"publish","type":"post","link":"https:\/\/akdenizhaber.com.tr\/index.php\/2025\/11\/13\/manavgatin-binlerce-yillik-zeytin-mirasi-festivalde-yeniden-hayat-buldu\/","title":{"rendered":"Manavgat\u2019\u0131n Binlerce Y\u0131ll\u0131k Zeytin Miras\u0131 Festivalde Yeniden Hayat Buldu"},"content":{"rendered":"\n<p>Manavgat Belediyesi taraf\u0131ndan 8-9 Kas\u0131m tarihlerinde bu y\u0131l ikincisi d\u00fczenlenen Zeytin ve Zeytinya\u011f\u0131 Festivali, \u015fehrin zeytin potansiyelini g\u00f6zler \u00f6n\u00fcne serdi.<\/p>\n\n\n\n<p>Manavgat Belediyesi\u2019nin 8-9 Kas\u0131m tarihlerinde, Manavgat Ziraat Odas\u0131, MATSO, MAS\u0130AD, Manavgat Muz \u00dcreticileri Birli\u011fi ve Manavgat A\u015f\u00e7\u0131lar Derne\u011fi\u2019nin katk\u0131lar\u0131yla ikinci kez d\u00fczenledi\u011fi \u201cZeytin ve Zeytinya\u011f\u0131 Festivali\u201d zeytin temal\u0131 kortejle ba\u015flayarak, antik ta\u015f yataklarda zeytin s\u0131k\u0131m\u0131 gibi \u00e7e\u015fitli etkinliklere sahne oldu. Ayr\u0131ca, Manavgat Atat\u00fcrk K\u00fclt\u00fcr Merkezi\u2019nde tad\u0131m etkinlikleri, at\u00f6lyeler, \u00e7ocuk etkinlikleri ve \u00c7ift\u00e7i Dan\u0131\u015fma ve E\u011fitim Merkezi\u2019nin a\u00e7\u0131l\u0131\u015f\u0131yla dolu dolu ge\u00e7en festival; vatanda\u015flar\u0131n, \u00fcreticilerin ve payda\u015f kurumlar\u0131n geni\u015f kat\u0131l\u0131m\u0131yla ger\u00e7ekle\u015ftirildi.<\/p>\n\n\n\n<p>\u00c7i\u00e7ek: \u201cFestival, Manavgat\u2019\u0131n Tar\u0131msal Kimli\u011fini G\u00f6r\u00fcn\u00fcr K\u0131lan \u00d6nemli Bir Ad\u0131m\u201d<\/p>\n\n\n\n<p>Festivalin ard\u0131ndan de\u011ferlendirmelerde bulunan Manavgat Belediye Ba\u015fkan Vekili Av. Mehmet \u00c7i\u00e7ek, iki g\u00fcn boyunca ger\u00e7ekle\u015ftirilen etkinliklerin, hem kentin zeytincilik alan\u0131ndaki potansiyelini ortaya koydu\u011funu hem de \u00fcreticiler a\u00e7\u0131s\u0131ndan \u00f6nem ta\u015f\u0131yan yeni bir vizyon sundu\u011funu belirtti. \u00c7i\u00e7ek, festivalin ard\u0131ndan yapt\u0131\u011f\u0131 a\u00e7\u0131klamada \u015fu ifadeleri kulland\u0131:<\/p>\n\n\n\n<p>\u201cBu y\u0131l ikinci kez d\u00fczenledi\u011fimiz Zeytin ve Zeytinya\u011f\u0131 Festivali, Manavgat\u2019\u0131n binlerce y\u0131ll\u0131k zeytin k\u00fclt\u00fcr\u00fcn\u00fc g\u00fcn y\u00fcz\u00fcne \u00e7\u0131karan, \u00fcreticimizin eme\u011fini g\u00f6r\u00fcn\u00fcr k\u0131lan ve yerel tar\u0131m\u0131n gelece\u011fine \u0131\u015f\u0131k tutan \u00e7ok \u00f6nemli bir organizasyon oldu. Zeytin, bu topraklar\u0131n bereketini, sabr\u0131n\u0131, dayan\u0131kl\u0131l\u0131\u011f\u0131n\u0131 temsil eder. Biz de bu miras\u0131 korumay\u0131, geli\u015ftirmeyi ve T\u00fcrkiye\u2019ye tan\u0131tmay\u0131 g\u00f6rev biliyoruz. \u00dcreticimizi g\u00fc\u00e7lendirmek, yerel de\u011ferlerimizi korumak, zeytinimizi ulusal \u00f6l\u00e7ekte tan\u0131tmak i\u00e7in \u00e7al\u0131\u015fmaya devam edece\u011fiz. Eme\u011fi ge\u00e7en t\u00fcm payda\u015flar\u0131m\u0131za ve festival boyunca bizleri yaln\u0131z b\u0131rakmayan vatanda\u015flar\u0131m\u0131za te\u015fekk\u00fcr ediyorum.\u201d<\/p>\n\n\n\n<p>Manavgat\u2019\u0131n zeytincilikte yaln\u0131zca \u00fcretim kapasitesiyle de\u011fil, y\u00f6reye \u00f6zg\u00fc Beylik Zeytini ve co\u011frafi i\u015faretli Tav\u015fan Y\u00fcre\u011fi ile de T\u00fcrkiye i\u00e7in \u00f6zel bir konumda oldu\u011funu vurgulayan \u00c7i\u00e7ek, festivalin bu de\u011ferlerin markala\u015fmas\u0131 i\u00e7in kritik bir rol \u00fcstlendi\u011fini s\u00f6yledi.<\/p>\n\n\n\n<p>\u00c7ift\u00e7i Dan\u0131\u015fma ve E\u011fitim Merkezi Hizmete A\u00e7\u0131ld\u0131<\/p>\n\n\n\n<p>Festivalin ikinci g\u00fcn\u00fcnde Manavgat Belediyesi\u2019nin hayata ge\u00e7irdi\u011fi \u00c7ift\u00e7i Dan\u0131\u015fma ve E\u011fitim Merkezi, d\u00fczenlenen t\u00f6renle hizmete a\u00e7\u0131ld\u0131. Merkezin, \u00fcreticilere teknik dan\u0131\u015fmanl\u0131k, bilin\u00e7li tar\u0131m e\u011fitimleri, \u00fcr\u00fcn kalitesinin art\u0131r\u0131lmas\u0131 ve kooperatifle\u015fme s\u00fcre\u00e7lerinde destek sa\u011flamas\u0131 hedefleniyor.<\/p>\n\n\n\n<p>Geleneksel \u00dcretim K\u00fclt\u00fcr\u00fc Sara\u00e7l\u0131\u2019da Ya\u015fat\u0131ld\u0131<\/p>\n\n\n\n<p>Festival kapsam\u0131nda Sara\u00e7l\u0131 Mahallesi\u2019nde d\u00fczenlenen programda, geleneksel y\u00f6ntemlerle zeytinya\u011f\u0131 \u00fcretimi ziyaret\u00e7ilere uygulamal\u0131 olarak g\u00f6sterildi. \u00c7i\u00e7ek burada yapt\u0131\u011f\u0131 konu\u015fmada b\u00f6lgenin tarihsel \u00f6nemine dikkat \u00e7ekerek: \u201cSara\u00e7l\u0131, zeytin \u00fcretiminin binlerce y\u0131ll\u0131k ge\u00e7mi\u015fine ev sahipli\u011fi yapan e\u015fsiz bir co\u011frafya. 1651 ya\u015f\u0131ndaki an\u0131t zeytin a\u011fac\u0131ndan, 3000 y\u0131ll\u0131k ta\u015f i\u015fliklerine kadar bu b\u00f6lge; Manavgat\u2019\u0131n zeytin potansiyelinin en g\u00fc\u00e7l\u00fc kan\u0131t\u0131d\u0131r. Bu k\u00fclt\u00fcr\u00fc korumak ve gelece\u011fe ta\u015f\u0131mak hepimizin sorumlulu\u011fudur.\u201d dedi.<\/p>\n\n\n\n<p>Sara\u00e7l\u0131\u2019daki programda kad\u0131n \u00fcreticiler taraf\u0131ndan ta\u015f yataklarda geleneksel ta\u015f s\u0131k\u0131m\u0131 yap\u0131ld\u0131. Kat\u0131l\u0131mc\u0131lar, hem s\u00fcreci izledi hem de y\u00f6resel ikramlar\u0131 tatma f\u0131rsat\u0131 buldu.<\/p>\n\n\n\n<p>Tad\u0131m Etkinlikleri, At\u00f6lyeler ve K\u00fclt\u00fcrel Programlara Yo\u011fun \u0130lgi<\/p>\n\n\n\n<p>Festival boyunca Atat\u00fcrk K\u00fclt\u00fcr Merkezi \u00f6n\u00fcnde zeytinya\u011f\u0131 tad\u0131mlar\u0131, gastronomi sunumlar\u0131 ve \u00fcretici stantlar\u0131 ziyaret\u00e7iler taraf\u0131ndan ilgiyle kar\u015f\u0131land\u0131. \u00c7ocuk at\u00f6lyeleri, y\u00fcz boyama alanlar\u0131 ve halk oyunlar\u0131 g\u00f6sterileri festival atmosferini zenginle\u015ftirdi. Payda\u015f kurumlar\u0131n (MATSO, MAS\u0130AD, Manavgat Ziraat Odas\u0131, Manavgat Muz \u00dcreticileri Birli\u011fi, Manavgat A\u015f\u00e7\u0131lar Derne\u011fi, zeytinya\u011f\u0131 fabrikalar\u0131) stantlar\u0131nda g\u00fcn boyunca \u00e7e\u015fitli ikramlar sunularak \u00fcretici-vatanda\u015f bulu\u015fmas\u0131 desteklendi.<\/p>\n\n\n\n<p>Festival \u00c7ar\u015f\u0131s\u0131nda Sergilenen Manavgat\u2019\u0131n Zeytinleri Vatanda\u015f Taraf\u0131ndan B\u00fcy\u00fck \u0130lgi G\u00f6rd\u00fc<\/p>\n\n\n\n<p>Manavgat y\u00f6resine ait zeytin ve zeytinya\u011flar\u0131n\u0131n sergilendi\u011fi festival \u00e7ar\u015f\u0131s\u0131, 8-9 Kas\u0131m tarihlerinde Manavgat Atat\u00fcrk K\u00fclt\u00fcr Merkezi \u00f6n\u00fcnde vatanda\u015flar taraf\u0131ndan ziyaret edildi. Burada, yerel \u00fcreticilerin sundu\u011fu zeytin \u00e7e\u015fitleri ve zeytinya\u011flar\u0131 ziyaret\u00e7iyle bulu\u015furken, vatanda\u015flar taraf\u0131ndan b\u00fcy\u00fck ilgi g\u00f6rd\u00fc.<\/p>\n\n\n\n<p>Manavgat Belediyesi \/ B\u00fclten<\/p>\n","protected":false},"excerpt":{"rendered":"<p>Manavgat Belediyesi taraf\u0131ndan 8-9 Kas\u0131m tarihlerinde bu y\u0131l ikincisi d\u00fczenlenen Zeytin ve Zeytinya\u011f\u0131 Festivali, \u015fehrin zeytin potansiyelini g\u00f6zler \u00f6n\u00fcne serdi. Manavgat Belediyesi\u2019nin 8-9 Kas\u0131m tarihlerinde, <a href=\"https:\/\/akdenizhaber.com.tr\/index.php\/2025\/11\/13\/manavgatin-binlerce-yillik-zeytin-mirasi-festivalde-yeniden-hayat-buldu\/\" class=\"read-more-link\">[more&#8230;]<\/a><\/p>\n","protected":false},"author":2,"featured_media":30706,"comment_status":"open","ping_status":"open","sticky":false,"template":"","format":"standard","meta":{"footnotes":""},"categories":[2],"tags":[],"class_list":["post-30705","post","type-post","status-publish","format-standard","has-post-thumbnail","hentry","category-gundem"],"_links":{"self":[{"href":"https:\/\/akdenizhaber.com.tr\/index.php\/wp-json\/wp\/v2\/posts\/30705","targetHints":{"allow":["GET"]}}],"collection":[{"href":"https:\/\/akdenizhaber.com.tr\/index.php\/wp-json\/wp\/v2\/posts"}],"about":[{"href":"https:\/\/akdenizhaber.com.tr\/index.php\/wp-json\/wp\/v2\/types\/post"}],"author":[{"embeddable":true,"href":"https:\/\/akdenizhaber.com.tr\/index.php\/wp-json\/wp\/v2\/users\/2"}],"replies":[{"embeddable":true,"href":"https:\/\/akdenizhaber.com.tr\/index.php\/wp-json\/wp\/v2\/comments?post=30705"}],"version-history":[{"count":1,"href":"https:\/\/akdenizhaber.com.tr\/index.php\/wp-json\/wp\/v2\/posts\/30705\/revisions"}],"predecessor-version":[{"id":30707,"href":"https:\/\/akdenizhaber.com.tr\/index.php\/wp-json\/wp\/v2\/posts\/30705\/revisions\/30707"}],"wp:featuredmedia":[{"embeddable":true,"href":"https:\/\/akdenizhaber.com.tr\/index.php\/wp-json\/wp\/v2\/media\/30706"}],"wp:attachment":[{"href":"https:\/\/akdenizhaber.com.tr\/index.php\/wp-json\/wp\/v2\/media?parent=30705"}],"wp:term":[{"taxonomy":"category","embeddable":true,"href":"https:\/\/akdenizhaber.com.tr\/index.php\/wp-json\/wp\/v2\/categories?post=30705"},{"taxonomy":"post_tag","embeddable":true,"href":"https:\/\/akdenizhaber.com.tr\/index.php\/wp-json\/wp\/v2\/tags?post=30705"}],"curies":[{"name":"wp","href":"https:\/\/api.w.org\/{rel}","templated":true}]}}