{"id":30702,"date":"2025-11-13T16:48:24","date_gmt":"2025-11-13T13:48:24","guid":{"rendered":"https:\/\/akdenizhaber.com.tr\/?p=30702"},"modified":"2025-11-13T16:48:25","modified_gmt":"2025-11-13T13:48:25","slug":"goc-var-goc","status":"publish","type":"post","link":"https:\/\/akdenizhaber.com.tr\/index.php\/2025\/11\/13\/goc-var-goc\/","title":{"rendered":"G\u00d6\u00c7 VAR G\u00d6\u00c7.."},"content":{"rendered":"\n<p>Y\u0131llar \u00f6nce \u0130zmir de rahmetli S\u00fcleyman Demirel in \u00e7ok b\u00fcy\u00fck bir kalabal\u0131\u011fa hitap etti\u011fi co\u015fkulu bir mitinge gitmi\u015ftim..<\/p>\n\n\n\n<figure class=\"wp-block-image size-large\"><img loading=\"lazy\" decoding=\"async\" width=\"1024\" height=\"1024\" src=\"https:\/\/akdenizhaber.com.tr\/wp-content\/uploads\/2025\/11\/c79d4cd0-f82e-43a8-b5d3-1947f58e15bf-1024x1024.jpg\" alt=\"\" class=\"wp-image-30703\" srcset=\"https:\/\/akdenizhaber.com.tr\/wp-content\/uploads\/2025\/11\/c79d4cd0-f82e-43a8-b5d3-1947f58e15bf-1024x1024.jpg 1024w, https:\/\/akdenizhaber.com.tr\/wp-content\/uploads\/2025\/11\/c79d4cd0-f82e-43a8-b5d3-1947f58e15bf-300x300.jpg 300w, https:\/\/akdenizhaber.com.tr\/wp-content\/uploads\/2025\/11\/c79d4cd0-f82e-43a8-b5d3-1947f58e15bf-150x150.jpg 150w, https:\/\/akdenizhaber.com.tr\/wp-content\/uploads\/2025\/11\/c79d4cd0-f82e-43a8-b5d3-1947f58e15bf-768x768.jpg 768w, https:\/\/akdenizhaber.com.tr\/wp-content\/uploads\/2025\/11\/c79d4cd0-f82e-43a8-b5d3-1947f58e15bf.jpg 1440w\" sizes=\"auto, (max-width: 1024px) 100vw, 1024px\" \/><\/figure>\n\n\n\n<p>Demirel muhalefet\u2019te , iktidar\u0131 se\u00e7ime g\u00f6t\u00fcrecek hamleler yap\u0131yor, \u00fclkenin i\u00e7inde bulundu\u011fu zorluklar\u0131 \u00f6rneklerle ,tane tane anlat\u0131yor, a\u011fz\u0131ndan \u00e7\u0131kan her s\u00f6z alanda bulunan devasa kalabal\u0131k taraf\u0131ndan kulaklar\u0131 sa\u011f\u0131r edecek alk\u0131\u015flarla kesiliyordu..<\/p>\n\n\n\n<p>Konu\u015fmas\u0131n\u0131n bir b\u00f6l\u00fcm\u00fcnde; g\u00f6\u00e7 var g\u00f6\u00e7\u00e7\u00e7..haz\u0131rlan\u0131n k\u00f6yl\u00fcler, g\u00f6\u00e7 var g\u00f6\u00e7\u00e7\u00e7,haz\u0131rlan\u0131n&#8230;deyince ba\u015fkalar\u0131n\u0131 bilmem ama ben g\u00f6z ya\u015flar\u0131m\u0131 tutamad\u0131m a\u011flamaya ba\u015flad\u0131m..<\/p>\n\n\n\n<p>G\u00f6\u00e7 neden k\u00f6t\u00fc olsun ki ,biz Y\u00f6r\u00fckler her ilkbaharda yayla yoluna d\u00fc\u015fer,en az yedi g\u00fcn s\u00fcrecek zorlu bir g\u00f6\u00e7e \u00e7\u0131kard\u0131k..<\/p>\n\n\n\n<p>Bu g\u00f6\u00e7 bizim i\u00e7in gayet normal gelir, hayat\u0131m\u0131z\u0131n bir par\u00e7as\u0131 olarak kabul ederdik..<\/p>\n\n\n\n<p>Demirel\u2019in bahsetti\u011fi g\u00f6\u00e7 bizim g\u00f6\u00e7lerden de\u011fildi, onun dillendirdi\u011fi g\u00f6\u00e7 k\u00f6yl\u00fclerin k\u00f6ylerini , tarlalar\u0131n\u0131, ineklerini , koyunlar\u0131n\u0131, an\u0131lar\u0131n\u0131 geride b\u0131rak\u0131p da \u00e7aresizlikten \u015fehirlere g\u00f6\u00e7 etmek zorunda kalacak olmalar\u0131 idi..<\/p>\n\n\n\n<p>Demirel ve onun bahsetti\u011fi g\u00f6\u00e7ler de, t\u0131pk\u0131 bizim, yak\u0131n \u00e7evremizin g\u00f6\u00e7lerinin \u00e7ok gerilerde kald\u0131\u011f\u0131 gibi.<\/p>\n\n\n\n<p>Geride kalan g\u00f6\u00e7lerin yerini yeni g\u00f6\u00e7ler al\u0131r oldu bu g\u00fczel \u00fclke de..<\/p>\n\n\n\n<p>\u00dclkenin en b\u00fcy\u00fck ta\u015f\u0131mac\u0131l\u0131k \u015firketlerinden birisinin \u00fcst d\u00fczey y\u00f6neticisi; bug\u00fcnlerde nakliyecilik sekt\u00f6r\u00fcnde i\u015fler \u00e7ok iyi ma\u015fallah, \u00fclkemizin devasa tekstil fabrikalar\u0131n\u0131 M\u0131s\u0131r&#8217;a, Tunus a ta\u015f\u0131yoruz..<\/p>\n\n\n\n<p>Aylard\u0131r devam eden bu ta\u015f\u0131malarla say\u0131s\u0131n\u0131 unuttu\u011fum tekstil fabrikalar\u0131n\u0131 M\u0131s\u0131r&#8217;a, Tunus a ta\u015f\u0131d\u0131k ve bundan g\u00fczel paralar kazand\u0131k ,s\u0131rada mobilya fabrikalar\u0131 var , in\u015fallah onlar\u0131n ta\u015f\u0131nmas\u0131ndan da sekt\u00f6r olarak g\u00fczel paralar kazanaca\u011f\u0131n\u0131z..diyor..<\/p>\n\n\n\n<p>\u0130\u015fini yapan herkes gibi bu i\u015fadam\u0131 da g\u00f6r\u00fc\u015flerinde, s\u00f6ylediklerinde son derece hakl\u0131,kim istemez yapt\u0131\u011f\u0131 i\u015ften para kazanmay\u0131..<\/p>\n\n\n\n<p>Bir \u00fclkeden fabrikalar neden g\u00f6\u00e7 eder acaba?..<\/p>\n\n\n\n<p>Fabrika bu fabrika.<\/p>\n\n\n\n<p>\u00dcrettikleri ne ise bulunduklar\u0131 yerde \u00fcretmelerine engel olan ne ya da kim?<\/p>\n\n\n\n<p>Kimse keyif i\u00e7in,nam olsun, de\u011fi\u015fiklik olsun,birazda ba\u015fka \u00fclkelerde \u00fcretim yapay\u0131m diye o devasa fabrikalar\u0131 \u00e7ok b\u00fcy\u00fck paralar,bedeller kar\u015f\u0131l\u0131\u011f\u0131nda bulundu\u011fu yerden, kendi \u00fclkesinden s\u00f6k\u00fcp de hi\u00e7 tan\u0131mad\u0131\u011f\u0131 bir \u00fclkenin yolunu tutmaz..<\/p>\n\n\n\n<p>Oturdu\u011fumuz bir evin, i\u015f yapt\u0131\u011f\u0131m\u0131z bir i\u015f yerinin ,bir ofisin bile de\u011fi\u015fikli\u011fi bile zor gelirken; koskoca fabrikalar\u0131n\u0131n \u00fclke d\u0131\u015f\u0131na ta\u015f\u0131nmas\u0131n\u0131n zorlu\u011funu d\u00fc\u015f\u00fcnmek bile istemiyorum..<\/p>\n\n\n\n<p>Yok can\u0131m olur mu b\u00f6yle bir \u015fey, koskoca fabrikalar da yurtd\u0131\u015f\u0131na, M\u0131s\u0131r\u2019a, Tunus\u2019a ta\u015f\u0131n\u0131r m\u0131? yaland\u0131r, uydurmad\u0131r..<\/p>\n\n\n\n<p>Demeyin,ben kendi kulaklar\u0131mla duydum, Kahramanmara\u015f\u2019ta bir tekstil fabrikas\u0131 bulunan ve d\u00fcnyan\u0131n d\u00f6rt bir taraf\u0131na \u00fcr\u00fcn ihra\u00e7 eden eski bir \u00f6\u011frencim den..<\/p>\n\n\n\n<p>Hocam i\u015fler epeyi zorland\u0131, maliyetler y\u00fckseldi, M\u0131s\u0131r, Endonezya ve baz\u0131 \u00fclkeler, bizim maliyetimizin yar\u0131 fiyat\u0131na \u00fcr\u00fcn sat\u0131yorlar, bizde elektrik, su , i\u015f\u00e7i \u00fccretleri ve vergiler \u00e7ok y\u00fcksek, dolay\u0131s\u0131yla maliyetlerde y\u00fcksek oluyor, imkan\u0131m olsa fabrikalar\u0131 M\u0131s\u0131r\u2019a, Tunus&#8217;a ta\u015f\u0131yaca\u011f\u0131m.. demi\u015fti..<\/p>\n\n\n\n<p>Sevgili \u00f6\u011frencimde olmayan imkanlara sahip olanlar ne yaz\u0131k ki \u00fclkemiz i\u00e7in \u00e7ok de\u011ferli olan fabrikalar\u0131 M\u0131s\u0131r a Tunus&#8217;a ta\u015f\u0131yorlar ve ta\u015f\u0131maya da devam edeceklerine de benziyor.<\/p>\n\n\n\n<p>Durun ,yapmay\u0131n,bu i\u015f \u00fclkenin zarar\u0131na oluyor..diyen var m\u0131 bilmiyorum da ;<\/p>\n\n\n\n<p>Ke\u015fke olsa da bu bana \u00e7ok garip gelen g\u00f6\u00e7ler bir dursa .<\/p>\n\n\n\n<p>Kal\u0131n sa\u011fl\u0131cakla..<\/p>\n","protected":false},"excerpt":{"rendered":"<p>Y\u0131llar \u00f6nce \u0130zmir de rahmetli S\u00fcleyman Demirel in \u00e7ok b\u00fcy\u00fck bir kalabal\u0131\u011fa hitap etti\u011fi co\u015fkulu bir mitinge gitmi\u015ftim.. Demirel muhalefet\u2019te , iktidar\u0131 se\u00e7ime g\u00f6t\u00fcrecek hamleler <a href=\"https:\/\/akdenizhaber.com.tr\/index.php\/2025\/11\/13\/goc-var-goc\/\" class=\"read-more-link\">[more&#8230;]<\/a><\/p>\n","protected":false},"author":2,"featured_media":30521,"comment_status":"open","ping_status":"open","sticky":false,"template":"","format":"standard","meta":{"footnotes":""},"categories":[2],"tags":[],"class_list":["post-30702","post","type-post","status-publish","format-standard","has-post-thumbnail","hentry","category-gundem"],"_links":{"self":[{"href":"https:\/\/akdenizhaber.com.tr\/index.php\/wp-json\/wp\/v2\/posts\/30702","targetHints":{"allow":["GET"]}}],"collection":[{"href":"https:\/\/akdenizhaber.com.tr\/index.php\/wp-json\/wp\/v2\/posts"}],"about":[{"href":"https:\/\/akdenizhaber.com.tr\/index.php\/wp-json\/wp\/v2\/types\/post"}],"author":[{"embeddable":true,"href":"https:\/\/akdenizhaber.com.tr\/index.php\/wp-json\/wp\/v2\/users\/2"}],"replies":[{"embeddable":true,"href":"https:\/\/akdenizhaber.com.tr\/index.php\/wp-json\/wp\/v2\/comments?post=30702"}],"version-history":[{"count":1,"href":"https:\/\/akdenizhaber.com.tr\/index.php\/wp-json\/wp\/v2\/posts\/30702\/revisions"}],"predecessor-version":[{"id":30704,"href":"https:\/\/akdenizhaber.com.tr\/index.php\/wp-json\/wp\/v2\/posts\/30702\/revisions\/30704"}],"wp:featuredmedia":[{"embeddable":true,"href":"https:\/\/akdenizhaber.com.tr\/index.php\/wp-json\/wp\/v2\/media\/30521"}],"wp:attachment":[{"href":"https:\/\/akdenizhaber.com.tr\/index.php\/wp-json\/wp\/v2\/media?parent=30702"}],"wp:term":[{"taxonomy":"category","embeddable":true,"href":"https:\/\/akdenizhaber.com.tr\/index.php\/wp-json\/wp\/v2\/categories?post=30702"},{"taxonomy":"post_tag","embeddable":true,"href":"https:\/\/akdenizhaber.com.tr\/index.php\/wp-json\/wp\/v2\/tags?post=30702"}],"curies":[{"name":"wp","href":"https:\/\/api.w.org\/{rel}","templated":true}]}}