{"id":30693,"date":"2025-11-13T16:46:33","date_gmt":"2025-11-13T13:46:33","guid":{"rendered":"https:\/\/akdenizhaber.com.tr\/?p=30693"},"modified":"2025-11-13T16:46:34","modified_gmt":"2025-11-13T13:46:34","slug":"antalya-buyuksehir-belediyesinde-sehitlere-saygi","status":"publish","type":"post","link":"https:\/\/akdenizhaber.com.tr\/index.php\/2025\/11\/13\/antalya-buyuksehir-belediyesinde-sehitlere-saygi\/","title":{"rendered":"Antalya B\u00fcy\u00fck\u015fehir Belediyesi\u2019nde \u015fehitlere sayg\u0131"},"content":{"rendered":"\n<p><\/p>\n\n\n\n<p>Antalya B\u00fcy\u00fck\u015fehir Cumhuriyet D\u00f6nemi Antalya \u015eehitleri An\u0131t\u0131\u2019n\u0131 restore etti. &nbsp;An\u0131tta Antalya\u2019da \u015fehitli\u011fi bulunan 315 \u015fehidin isimleri yer al\u0131yor.<\/p>\n\n\n\n<p>B\u00fcy\u00fck\u015fehir Belediyesi vatan u\u011fruna canlar\u0131n\u0131 feda eden aziz \u015fehitlerin isimlerini sayg\u0131 ile ya\u015fatmaya devam ediyor. Kent Tarihi, Tan\u0131t\u0131m\u0131 ve Turizm Daire Ba\u015fkanl\u0131\u011f\u0131, Atat\u00fcrk Park\u0131 i\u00e7erisinde yer alan Antalya \u015eehitleri An\u0131t\u0131\u2019nda yenileme \u00e7al\u0131\u015fmas\u0131 yapt\u0131. Cumhuriyet tarihi boyunca \u015fehit d\u00fc\u015fen asker, polis, g\u00fcvenlik ve kamu g\u00f6revlilerinin isimlerinin yer ald\u0131\u011f\u0131 an\u0131tta aziz \u015fehitlerimizin isimleri al y\u0131ld\u0131zl\u0131 bayra\u011f\u0131n alt\u0131nda minnetle ya\u015fat\u0131lmaya devam ediyor. Antalya\u2019n\u0131n 315 \u015fehidinin isminin yer ald\u0131\u011f\u0131 an\u0131tta ger\u00e7ekle\u015fen iyile\u015ftirmelerde an\u0131t\u0131n isimlikleri, \u00e7evre d\u00fczenlemesi ve an\u0131t restorasyonu yap\u0131ld\u0131.&nbsp;<\/p>\n\n\n\n<p>Antalya B\u00fcy\u00fck\u015fehir Belediyesi \/ B\u00fclten<\/p>\n","protected":false},"excerpt":{"rendered":"<p>Antalya B\u00fcy\u00fck\u015fehir Cumhuriyet D\u00f6nemi Antalya \u015eehitleri An\u0131t\u0131\u2019n\u0131 restore etti. &nbsp;An\u0131tta Antalya\u2019da \u015fehitli\u011fi bulunan 315 \u015fehidin isimleri yer al\u0131yor. B\u00fcy\u00fck\u015fehir Belediyesi vatan u\u011fruna canlar\u0131n\u0131 feda eden <a href=\"https:\/\/akdenizhaber.com.tr\/index.php\/2025\/11\/13\/antalya-buyuksehir-belediyesinde-sehitlere-saygi\/\" class=\"read-more-link\">[more&#8230;]<\/a><\/p>\n","protected":false},"author":2,"featured_media":30694,"comment_status":"open","ping_status":"open","sticky":false,"template":"","format":"standard","meta":{"footnotes":""},"categories":[2],"tags":[],"class_list":["post-30693","post","type-post","status-publish","format-standard","has-post-thumbnail","hentry","category-gundem"],"_links":{"self":[{"href":"https:\/\/akdenizhaber.com.tr\/index.php\/wp-json\/wp\/v2\/posts\/30693","targetHints":{"allow":["GET"]}}],"collection":[{"href":"https:\/\/akdenizhaber.com.tr\/index.php\/wp-json\/wp\/v2\/posts"}],"about":[{"href":"https:\/\/akdenizhaber.com.tr\/index.php\/wp-json\/wp\/v2\/types\/post"}],"author":[{"embeddable":true,"href":"https:\/\/akdenizhaber.com.tr\/index.php\/wp-json\/wp\/v2\/users\/2"}],"replies":[{"embeddable":true,"href":"https:\/\/akdenizhaber.com.tr\/index.php\/wp-json\/wp\/v2\/comments?post=30693"}],"version-history":[{"count":1,"href":"https:\/\/akdenizhaber.com.tr\/index.php\/wp-json\/wp\/v2\/posts\/30693\/revisions"}],"predecessor-version":[{"id":30695,"href":"https:\/\/akdenizhaber.com.tr\/index.php\/wp-json\/wp\/v2\/posts\/30693\/revisions\/30695"}],"wp:featuredmedia":[{"embeddable":true,"href":"https:\/\/akdenizhaber.com.tr\/index.php\/wp-json\/wp\/v2\/media\/30694"}],"wp:attachment":[{"href":"https:\/\/akdenizhaber.com.tr\/index.php\/wp-json\/wp\/v2\/media?parent=30693"}],"wp:term":[{"taxonomy":"category","embeddable":true,"href":"https:\/\/akdenizhaber.com.tr\/index.php\/wp-json\/wp\/v2\/categories?post=30693"},{"taxonomy":"post_tag","embeddable":true,"href":"https:\/\/akdenizhaber.com.tr\/index.php\/wp-json\/wp\/v2\/tags?post=30693"}],"curies":[{"name":"wp","href":"https:\/\/api.w.org\/{rel}","templated":true}]}}