{"id":30681,"date":"2025-11-10T17:34:51","date_gmt":"2025-11-10T14:34:51","guid":{"rendered":"https:\/\/akdenizhaber.com.tr\/?p=30681"},"modified":"2025-11-10T17:34:51","modified_gmt":"2025-11-10T14:34:51","slug":"iyi-partiden-ataturke-mevlid","status":"publish","type":"post","link":"https:\/\/akdenizhaber.com.tr\/index.php\/2025\/11\/10\/iyi-partiden-ataturke-mevlid\/","title":{"rendered":"\u0130yi Partiden Atat\u00fcrk\u2019e Mevlid"},"content":{"rendered":"\n<p>Cumhuriyetimizin kurucusu Gazi Mustafa Kemal Atat\u00fcrk\u2019\u00fcn vefat\u0131n\u0131n 87. y\u0131l d\u00f6n\u00fcm\u00fc dolay\u0131s\u0131yla, \u0130Y\u0130 Parti Manavgat \u0130l\u00e7e Ba\u015fkanl\u0131\u011f\u0131 taraf\u0131ndan Cumhuriyet meydan\u0131nda Mevlidi-i \u015eerif program\u0131 d\u00fczenlendi.<\/p>\n\n\n\n<p>10 Kas\u0131m Pazartesi g\u00fcn\u00fc saat 15.00\u2019te Cumhuriyet meydan\u0131nda d\u00fczenlenen mevlitli anma program\u0131nda \u0130yi Parti Manavgat il\u00e7e te\u015fkilat\u0131 vatanda\u015flara lokma ikram etti.<\/p>\n\n\n\n<p>\u0130yi Parti Manavgat \u0130l\u00e7e Ba\u015fkan\u0131 Remzi K\u00fc\u00e7\u00fcko\u011flu, genel ba\u015fkan M\u00fcsavat Dervi\u015fo\u011flu\u2019nun talimatlar\u0131yla T\u00fcrkiye genelinde oldu\u011fu gibi il\u00e7emizde de ulu \u00f6nder Mustafa Kemal Atat\u00fcrk\u2019\u00fcn ruhuna mevlit okutup, ruhuna lokma da\u011f\u0131tt\u0131klar\u0131n\u0131 s\u00f6yledi.<\/p>\n\n\n\n<p>\u0130Y\u0130 Parti Manavgat il\u00e7e Ba\u015fkan\u0131 Remzi K\u00fc\u00e7\u00fcko\u011flu yapt\u0131\u011f\u0131 a\u00e7\u0131klamada, \u201c10 Kas\u0131m yaln\u0131zca bir anma g\u00fcn\u00fc de\u011fil, ayn\u0131 zamanda Atat\u00fcrk\u2019\u00fcn bize emanet etti\u011fi Cumhuriyet\u2019e, akla ve bilime olan sadakatimizi yenileme g\u00fcn\u00fcd\u00fcr. Onun fikirleri ve m\u00fccadelesi, bizlere her zaman rehber olmaya devam edecek. Bug\u00fcn burada Atam\u0131z\u0131 rahmet ve minnetle anarken, ayn\u0131 zamanda Cumhuriyetimize sahip \u00e7\u0131kma kararl\u0131l\u0131\u011f\u0131m\u0131z\u0131 da vurguluyoruz. Aziz \u015fehitlerimizi ve Gazi Mustafa Kemal Atat\u00fcrk\u2019\u00fc rahmetle an\u0131yoruz\u201d dedi.<\/p>\n\n\n\n<p>B\u00fc\u015fra Deveci \/ Haber<\/p>\n","protected":false},"excerpt":{"rendered":"<p>Cumhuriyetimizin kurucusu Gazi Mustafa Kemal Atat\u00fcrk\u2019\u00fcn vefat\u0131n\u0131n 87. y\u0131l d\u00f6n\u00fcm\u00fc dolay\u0131s\u0131yla, \u0130Y\u0130 Parti Manavgat \u0130l\u00e7e Ba\u015fkanl\u0131\u011f\u0131 taraf\u0131ndan Cumhuriyet meydan\u0131nda Mevlidi-i \u015eerif program\u0131 d\u00fczenlendi. 10 Kas\u0131m <a href=\"https:\/\/akdenizhaber.com.tr\/index.php\/2025\/11\/10\/iyi-partiden-ataturke-mevlid\/\" class=\"read-more-link\">[more&#8230;]<\/a><\/p>\n","protected":false},"author":2,"featured_media":30682,"comment_status":"open","ping_status":"open","sticky":false,"template":"","format":"standard","meta":{"footnotes":""},"categories":[2],"tags":[],"class_list":["post-30681","post","type-post","status-publish","format-standard","has-post-thumbnail","hentry","category-gundem"],"_links":{"self":[{"href":"https:\/\/akdenizhaber.com.tr\/index.php\/wp-json\/wp\/v2\/posts\/30681","targetHints":{"allow":["GET"]}}],"collection":[{"href":"https:\/\/akdenizhaber.com.tr\/index.php\/wp-json\/wp\/v2\/posts"}],"about":[{"href":"https:\/\/akdenizhaber.com.tr\/index.php\/wp-json\/wp\/v2\/types\/post"}],"author":[{"embeddable":true,"href":"https:\/\/akdenizhaber.com.tr\/index.php\/wp-json\/wp\/v2\/users\/2"}],"replies":[{"embeddable":true,"href":"https:\/\/akdenizhaber.com.tr\/index.php\/wp-json\/wp\/v2\/comments?post=30681"}],"version-history":[{"count":1,"href":"https:\/\/akdenizhaber.com.tr\/index.php\/wp-json\/wp\/v2\/posts\/30681\/revisions"}],"predecessor-version":[{"id":30683,"href":"https:\/\/akdenizhaber.com.tr\/index.php\/wp-json\/wp\/v2\/posts\/30681\/revisions\/30683"}],"wp:featuredmedia":[{"embeddable":true,"href":"https:\/\/akdenizhaber.com.tr\/index.php\/wp-json\/wp\/v2\/media\/30682"}],"wp:attachment":[{"href":"https:\/\/akdenizhaber.com.tr\/index.php\/wp-json\/wp\/v2\/media?parent=30681"}],"wp:term":[{"taxonomy":"category","embeddable":true,"href":"https:\/\/akdenizhaber.com.tr\/index.php\/wp-json\/wp\/v2\/categories?post=30681"},{"taxonomy":"post_tag","embeddable":true,"href":"https:\/\/akdenizhaber.com.tr\/index.php\/wp-json\/wp\/v2\/tags?post=30681"}],"curies":[{"name":"wp","href":"https:\/\/api.w.org\/{rel}","templated":true}]}}