{"id":30678,"date":"2025-11-10T17:34:26","date_gmt":"2025-11-10T14:34:26","guid":{"rendered":"https:\/\/akdenizhaber.com.tr\/?p=30678"},"modified":"2025-11-10T17:34:27","modified_gmt":"2025-11-10T14:34:27","slug":"ataturkcu-dusunce-derneginden-ataya-saygi","status":"publish","type":"post","link":"https:\/\/akdenizhaber.com.tr\/index.php\/2025\/11\/10\/ataturkcu-dusunce-derneginden-ataya-saygi\/","title":{"rendered":"Atat\u00fcrk\u00e7\u00fc D\u00fc\u015f\u00fcnce Derne\u011finden ATA\u2019YA Sayg\u0131"},"content":{"rendered":"\n<p>Atat\u00fcrk\u00e7\u00fc D\u00fc\u015f\u00fcnce Derne\u011fi Manavgat \u015eubesi T\u00fcrkiye Cumhuriyeti kurucusu ulu \u00f6nder Mustafa Kemal Atat\u00fcrk\u2019\u00fc \u00f6l\u00fcm\u00fcn\u00fcn 87. Y\u0131l\u0131nda sayg\u0131 ve \u00f6zlemle and\u0131.<\/p>\n\n\n\n<p>D\u00fcn Cumhuriyet meydan\u0131nda Atat\u00fcrk\u00e7\u00fc D\u00fc\u015f\u00fcnce Derne\u011fi Ba\u015fkan yard\u0131mc\u0131s\u0131 Ali \u015ean Kaya, y\u00f6netim kurulu \u00fcyeleri, dernek \u00fcyelerinin kat\u0131l\u0131m\u0131 ile ger\u00e7ekle\u015fen \u00e7elenk sunma ve anma toplant\u0131s\u0131nda ADD ba\u015fkan yard\u0131mc\u0131s\u0131 Ali \u015ean Kaya \u201cD\u00fcnya liderleri aras\u0131nda tek \u00f6l\u00fcms\u00fcz lider olan \u00fclkemizin kurucusu, vatan\u0131m\u0131z\u0131 emperyalizmin ku\u015fatmas\u0131ndan kurtaran ve bizlere \u00f6zg\u00fcrl\u00fcklerimizi sunan ulu \u00f6nderimizi \u00f6l\u00fcms\u00fczl\u00fc\u011f\u00fcn 87. Y\u0131l\u0131nda bir kez daha anman\u0131n onurunu ya\u015f\u0131yoruz. Bize bu onuru ve g\u00fczel vatan\u0131m\u0131z\u0131 sunan Mustafa Kemal Atat\u00fcrk\u2019\u00fc as\u0131rlarda ge\u00e7se bu ulusun evlatlar\u0131 asla unutmayacakt\u0131r\u201d dedi.<\/p>\n\n\n\n<p>Daha sonra Atat\u00fcrk an\u0131t\u0131na y\u00f6netim kurlu ad\u0131na ba\u015fkan yard\u0131mc\u0131s\u0131 Ali \u015ean Kaya ve \u00fcyeler \u00e7elenk sunarak, sayg\u0131 duru\u015funda bulundular.<\/p>\n\n\n\n<p>B\u00fc\u015fra Deveci \/ Haber<\/p>\n","protected":false},"excerpt":{"rendered":"<p>Atat\u00fcrk\u00e7\u00fc D\u00fc\u015f\u00fcnce Derne\u011fi Manavgat \u015eubesi T\u00fcrkiye Cumhuriyeti kurucusu ulu \u00f6nder Mustafa Kemal Atat\u00fcrk\u2019\u00fc \u00f6l\u00fcm\u00fcn\u00fcn 87. Y\u0131l\u0131nda sayg\u0131 ve \u00f6zlemle and\u0131. D\u00fcn Cumhuriyet meydan\u0131nda Atat\u00fcrk\u00e7\u00fc D\u00fc\u015f\u00fcnce <a href=\"https:\/\/akdenizhaber.com.tr\/index.php\/2025\/11\/10\/ataturkcu-dusunce-derneginden-ataya-saygi\/\" class=\"read-more-link\">[more&#8230;]<\/a><\/p>\n","protected":false},"author":2,"featured_media":30679,"comment_status":"open","ping_status":"open","sticky":false,"template":"","format":"standard","meta":{"footnotes":""},"categories":[2],"tags":[],"class_list":["post-30678","post","type-post","status-publish","format-standard","has-post-thumbnail","hentry","category-gundem"],"_links":{"self":[{"href":"https:\/\/akdenizhaber.com.tr\/index.php\/wp-json\/wp\/v2\/posts\/30678","targetHints":{"allow":["GET"]}}],"collection":[{"href":"https:\/\/akdenizhaber.com.tr\/index.php\/wp-json\/wp\/v2\/posts"}],"about":[{"href":"https:\/\/akdenizhaber.com.tr\/index.php\/wp-json\/wp\/v2\/types\/post"}],"author":[{"embeddable":true,"href":"https:\/\/akdenizhaber.com.tr\/index.php\/wp-json\/wp\/v2\/users\/2"}],"replies":[{"embeddable":true,"href":"https:\/\/akdenizhaber.com.tr\/index.php\/wp-json\/wp\/v2\/comments?post=30678"}],"version-history":[{"count":1,"href":"https:\/\/akdenizhaber.com.tr\/index.php\/wp-json\/wp\/v2\/posts\/30678\/revisions"}],"predecessor-version":[{"id":30680,"href":"https:\/\/akdenizhaber.com.tr\/index.php\/wp-json\/wp\/v2\/posts\/30678\/revisions\/30680"}],"wp:featuredmedia":[{"embeddable":true,"href":"https:\/\/akdenizhaber.com.tr\/index.php\/wp-json\/wp\/v2\/media\/30679"}],"wp:attachment":[{"href":"https:\/\/akdenizhaber.com.tr\/index.php\/wp-json\/wp\/v2\/media?parent=30678"}],"wp:term":[{"taxonomy":"category","embeddable":true,"href":"https:\/\/akdenizhaber.com.tr\/index.php\/wp-json\/wp\/v2\/categories?post=30678"},{"taxonomy":"post_tag","embeddable":true,"href":"https:\/\/akdenizhaber.com.tr\/index.php\/wp-json\/wp\/v2\/tags?post=30678"}],"curies":[{"name":"wp","href":"https:\/\/api.w.org\/{rel}","templated":true}]}}