{"id":30675,"date":"2025-11-10T17:33:44","date_gmt":"2025-11-10T14:33:44","guid":{"rendered":"https:\/\/akdenizhaber.com.tr\/?p=30675"},"modified":"2025-11-10T17:33:44","modified_gmt":"2025-11-10T14:33:44","slug":"ozel-egitim-merkezinde-ataturke-sevgi-yumagi","status":"publish","type":"post","link":"https:\/\/akdenizhaber.com.tr\/index.php\/2025\/11\/10\/ozel-egitim-merkezinde-ataturke-sevgi-yumagi\/","title":{"rendered":"\u00d6zel E\u011fitim Merkezinde Atat\u00fcrk\u2019e Sevgi Yuma\u011f\u0131"},"content":{"rendered":"\n<p>Manavgat \u00d6zel E\u011fitim Rehabilitasyon Merkezi T\u00fcrkiye Cumhuriyeti kurucusu ulu \u00f6nder Mustafa Kemal Atat\u00fcrk\u2019\u00fc \u00f6l\u00fcm\u00fcn\u00fcn 87. Y\u0131l\u0131nda sayg\u0131 ve \u00f6zlemle and\u0131.<\/p>\n\n\n\n<p>Mustafa Kemal Atat\u00fcrk\u2019\u00fcn \u00f6l\u00fcm\u00fcn\u00fcn 87. Y\u0131l\u0131nda okulda d\u00fczenlenen t\u00f6rende \u00f6\u011frencilere Atat\u00fcrk\u2019\u00fcn ya\u015fam\u0131 anlat\u0131l\u0131rken, olu\u015fturulan Atat\u00fcrk foto\u011fraflar\u0131 \u00f6n\u00fcnde \u00f6\u011frenciler poz verdiler.<\/p>\n\n\n\n<p>\u00d6\u011frencilerin, \u00f6\u011fretmenlerin, okul y\u00f6netimi ve velilerin kat\u0131l\u0131m\u0131 ile ger\u00e7ekle\u015fen Atat\u00fcrk\u2019\u00fc anma t\u00f6reninde duygu dolu anlar ya\u015fand\u0131.<\/p>\n\n\n\n<p>Okul kurucusu \u00d6zhan Deniz ve kurum m\u00fcd\u00fcr\u00fc Bahar \u015eahin\u2019in e\u015flik etti\u011fi anma t\u00f6reninde \u00f6\u011fretmenlerin haz\u0131rlad\u0131\u011f\u0131 program ile Mustafa Kemal Atat\u00fcrk\u2019\u00fcn ebediyete g\u00f6\u00e7 edi\u015finin 87.y\u0131l\u0131 duygu dolu sahnelere tan\u0131k oldu.<\/p>\n\n\n\n<p>Manavgat \u00d6zel E\u011fitim Rehabilitasyon Merkezi kurum m\u00fcd\u00fcr\u00fc Bahar \u015eahin, Mustafa Kemal Atat\u00fcrk\u2019\u00fcn T\u00fcrk ulusunun ya\u015fayan en b\u00fcy\u00fck de\u011feri oldu\u011funa dikkat \u00e7ekerek, D\u00fcnya\u2019n\u0131n en b\u00fcy\u00fck lideri Mustafa Kemal Atat\u00fcrk\u2019\u00fc 87.y\u0131l\u0131nda an\u0131yor olmaktan duyduklar\u0131 onuru dile getirdi.<\/p>\n\n\n\n<p>B\u00fc\u015fra Deveci \/ Haber<\/p>\n","protected":false},"excerpt":{"rendered":"<p>Manavgat \u00d6zel E\u011fitim Rehabilitasyon Merkezi T\u00fcrkiye Cumhuriyeti kurucusu ulu \u00f6nder Mustafa Kemal Atat\u00fcrk\u2019\u00fc \u00f6l\u00fcm\u00fcn\u00fcn 87. Y\u0131l\u0131nda sayg\u0131 ve \u00f6zlemle and\u0131. Mustafa Kemal Atat\u00fcrk\u2019\u00fcn \u00f6l\u00fcm\u00fcn\u00fcn 87. <a href=\"https:\/\/akdenizhaber.com.tr\/index.php\/2025\/11\/10\/ozel-egitim-merkezinde-ataturke-sevgi-yumagi\/\" class=\"read-more-link\">[more&#8230;]<\/a><\/p>\n","protected":false},"author":2,"featured_media":30676,"comment_status":"open","ping_status":"open","sticky":false,"template":"","format":"standard","meta":{"footnotes":""},"categories":[2],"tags":[],"class_list":["post-30675","post","type-post","status-publish","format-standard","has-post-thumbnail","hentry","category-gundem"],"_links":{"self":[{"href":"https:\/\/akdenizhaber.com.tr\/index.php\/wp-json\/wp\/v2\/posts\/30675","targetHints":{"allow":["GET"]}}],"collection":[{"href":"https:\/\/akdenizhaber.com.tr\/index.php\/wp-json\/wp\/v2\/posts"}],"about":[{"href":"https:\/\/akdenizhaber.com.tr\/index.php\/wp-json\/wp\/v2\/types\/post"}],"author":[{"embeddable":true,"href":"https:\/\/akdenizhaber.com.tr\/index.php\/wp-json\/wp\/v2\/users\/2"}],"replies":[{"embeddable":true,"href":"https:\/\/akdenizhaber.com.tr\/index.php\/wp-json\/wp\/v2\/comments?post=30675"}],"version-history":[{"count":1,"href":"https:\/\/akdenizhaber.com.tr\/index.php\/wp-json\/wp\/v2\/posts\/30675\/revisions"}],"predecessor-version":[{"id":30677,"href":"https:\/\/akdenizhaber.com.tr\/index.php\/wp-json\/wp\/v2\/posts\/30675\/revisions\/30677"}],"wp:featuredmedia":[{"embeddable":true,"href":"https:\/\/akdenizhaber.com.tr\/index.php\/wp-json\/wp\/v2\/media\/30676"}],"wp:attachment":[{"href":"https:\/\/akdenizhaber.com.tr\/index.php\/wp-json\/wp\/v2\/media?parent=30675"}],"wp:term":[{"taxonomy":"category","embeddable":true,"href":"https:\/\/akdenizhaber.com.tr\/index.php\/wp-json\/wp\/v2\/categories?post=30675"},{"taxonomy":"post_tag","embeddable":true,"href":"https:\/\/akdenizhaber.com.tr\/index.php\/wp-json\/wp\/v2\/tags?post=30675"}],"curies":[{"name":"wp","href":"https:\/\/api.w.org\/{rel}","templated":true}]}}