{"id":30669,"date":"2025-11-10T17:32:43","date_gmt":"2025-11-10T14:32:43","guid":{"rendered":"https:\/\/akdenizhaber.com.tr\/?p=30669"},"modified":"2025-11-10T17:32:43","modified_gmt":"2025-11-10T14:32:43","slug":"atesoglu-jant-hizmete-girdi","status":"publish","type":"post","link":"https:\/\/akdenizhaber.com.tr\/index.php\/2025\/11\/10\/atesoglu-jant-hizmete-girdi\/","title":{"rendered":"Ate\u015fo\u011flu Jant Hizmete Girdi"},"content":{"rendered":"\n<p>Ge\u00e7ti\u011fimiz hafta sonu Sar\u0131lardaki yeni i\u015fyerinde hizmete giren Ate\u015fo\u011flu Jant ve Lastik a\u00e7\u0131l\u0131\u015f\u0131 kalabal\u0131k davetli kat\u0131l\u0131m\u0131 ile ger\u00e7ekle\u015fti.<\/p>\n\n\n\n<p>Siyasi parti il\u00e7e temsilcileri, sivil toplum \u00f6rg\u00fctleri, oda ba\u015fkanlar\u0131 ve \u00e7ok say\u0131da davetlinin kat\u0131l\u0131m\u0131 i\u015fle ger\u00e7ekle\u015fen a\u00e7\u0131l\u0131\u015f t\u00f6renine kat\u0131lan davetlilerle tek tek ilgilenen i\u015fletme sahipleri Mustafa Berkay Ate\u015f ve Osman Bertan Ate\u015f bu g\u00fczel ve anlaml\u0131 g\u00fcnde kendilerini yaln\u0131z b\u0131rakmayan t\u00fcm kat\u0131l\u0131mc\u0131lara y\u00fcrekten te\u015fekk\u00fcr ettiler.<\/p>\n\n\n\n<p>Modern ve \u00e7a\u011fda\u015f bir i\u015fyeri a\u00e7t\u0131klar\u0131na dikkat \u00e7eken i\u015fletme sahipleri teknolojinin en son \u00f6rneklerinden kaliteli ve sa\u011flam jant ve lastik ihtiyac\u0131n\u0131 giderecek olan i\u015fletmeye Manavgatl\u0131lar\u0131 beklediklerini s\u00f6ylediler.<\/p>\n\n\n\n<p>B\u00fc\u015fra Deveci \/ Haber<\/p>\n","protected":false},"excerpt":{"rendered":"<p>Ge\u00e7ti\u011fimiz hafta sonu Sar\u0131lardaki yeni i\u015fyerinde hizmete giren Ate\u015fo\u011flu Jant ve Lastik a\u00e7\u0131l\u0131\u015f\u0131 kalabal\u0131k davetli kat\u0131l\u0131m\u0131 ile ger\u00e7ekle\u015fti. Siyasi parti il\u00e7e temsilcileri, sivil toplum \u00f6rg\u00fctleri, <a href=\"https:\/\/akdenizhaber.com.tr\/index.php\/2025\/11\/10\/atesoglu-jant-hizmete-girdi\/\" class=\"read-more-link\">[more&#8230;]<\/a><\/p>\n","protected":false},"author":2,"featured_media":30670,"comment_status":"open","ping_status":"open","sticky":false,"template":"","format":"standard","meta":{"footnotes":""},"categories":[2],"tags":[],"class_list":["post-30669","post","type-post","status-publish","format-standard","has-post-thumbnail","hentry","category-gundem"],"_links":{"self":[{"href":"https:\/\/akdenizhaber.com.tr\/index.php\/wp-json\/wp\/v2\/posts\/30669","targetHints":{"allow":["GET"]}}],"collection":[{"href":"https:\/\/akdenizhaber.com.tr\/index.php\/wp-json\/wp\/v2\/posts"}],"about":[{"href":"https:\/\/akdenizhaber.com.tr\/index.php\/wp-json\/wp\/v2\/types\/post"}],"author":[{"embeddable":true,"href":"https:\/\/akdenizhaber.com.tr\/index.php\/wp-json\/wp\/v2\/users\/2"}],"replies":[{"embeddable":true,"href":"https:\/\/akdenizhaber.com.tr\/index.php\/wp-json\/wp\/v2\/comments?post=30669"}],"version-history":[{"count":1,"href":"https:\/\/akdenizhaber.com.tr\/index.php\/wp-json\/wp\/v2\/posts\/30669\/revisions"}],"predecessor-version":[{"id":30671,"href":"https:\/\/akdenizhaber.com.tr\/index.php\/wp-json\/wp\/v2\/posts\/30669\/revisions\/30671"}],"wp:featuredmedia":[{"embeddable":true,"href":"https:\/\/akdenizhaber.com.tr\/index.php\/wp-json\/wp\/v2\/media\/30670"}],"wp:attachment":[{"href":"https:\/\/akdenizhaber.com.tr\/index.php\/wp-json\/wp\/v2\/media?parent=30669"}],"wp:term":[{"taxonomy":"category","embeddable":true,"href":"https:\/\/akdenizhaber.com.tr\/index.php\/wp-json\/wp\/v2\/categories?post=30669"},{"taxonomy":"post_tag","embeddable":true,"href":"https:\/\/akdenizhaber.com.tr\/index.php\/wp-json\/wp\/v2\/tags?post=30669"}],"curies":[{"name":"wp","href":"https:\/\/api.w.org\/{rel}","templated":true}]}}