{"id":30666,"date":"2025-11-10T17:32:12","date_gmt":"2025-11-10T14:32:12","guid":{"rendered":"https:\/\/akdenizhaber.com.tr\/?p=30666"},"modified":"2025-11-10T17:32:13","modified_gmt":"2025-11-10T14:32:13","slug":"manavgat-atiksu-aritma-tesisinin-kapasitesi-artiriliyor","status":"publish","type":"post","link":"https:\/\/akdenizhaber.com.tr\/index.php\/2025\/11\/10\/manavgat-atiksu-aritma-tesisinin-kapasitesi-artiriliyor\/","title":{"rendered":"Manavgat At\u0131ksu Ar\u0131tma Tesisi\u2019nin kapasitesi art\u0131r\u0131l\u0131yor"},"content":{"rendered":"\n<p>Antalya B\u00fcy\u00fck\u015fehir Belediyesi Antalya Su ve At\u0131ksu \u0130daresi (ASAT) Genel M\u00fcd\u00fcrl\u00fc\u011f\u00fc, yakla\u015f\u0131k 300 milyon TL maliyetli \u201cManavgat At\u0131ksu Ar\u0131tma Tesisi 4. Reakt\u00f6r Yap\u0131m\u0131 ve Ba\u011flant\u0131l\u0131 Altyap\u0131 \u0130\u015fleri\u201d projesini hayata ge\u00e7iriyor. \u00c7al\u0131\u015fmalar\u0131n tamamlanmas\u0131yla birlikte tesisin mevcut g\u00fcnl\u00fck 75 bin m\u00b3 olan kapasitesi g\u00fcnl\u00fck 100 bin m\u00b3\u2019e \u00e7\u0131kar\u0131lacak.<\/p>\n\n\n\n<p>B\u00fcy\u00fck\u015fehir Belediyesi ASAT Genel M\u00fcd\u00fcrl\u00fc\u011f\u00fc, ger\u00e7ekle\u015ftirdi\u011fi b\u00fcy\u00fck \u00f6l\u00e7ekli yat\u0131r\u0131mlarla kenti daha temiz, sa\u011fl\u0131kl\u0131 ve \u00e7evre dostu bir yap\u0131ya kavu\u015fturmay\u0131 hedefliyor. Bu do\u011frultuda, Manavgat At\u0131ksu Ar\u0131tma Tesisi\u2019nde kapasite art\u0131r\u0131m\u0131 \u00e7al\u0131\u015fmalar\u0131 ba\u015flat\u0131ld\u0131.<\/p>\n\n\n\n<p>KAPAS\u0130TE G\u00dcNL\u00dcK 100 B\u0130N M\u00b3\u2019E \u00c7IKIYOR<\/p>\n\n\n\n<p>Yat\u0131r\u0131m kapsam\u0131nda, yakla\u015f\u0131k 11 bin m\u00b3 hacminde betonarme biyolojik reakt\u00f6r ile 2 adet 1.400 m\u00b3 hacminde \u00e7amur stabilizasyon havuzu in\u015fa edilecek, ayr\u0131ca ba\u011flant\u0131l\u0131 altyap\u0131 ve mekanik ekipman montaj\u0131 ger\u00e7ekle\u015ftirilecek. \u00c7al\u0131\u015fmalar\u0131n tamamlanmas\u0131yla birlikte tesisin mevcut g\u00fcnl\u00fck 75 bin m\u00b3 olan kapasitesi g\u00fcnl\u00fck 100 bin m\u00b3\u2019e \u00e7\u0131kar\u0131lacak. Toplam s\u00fcresi 360 g\u00fcn olan projenin Haziran 2026\u2019da tamamlanmas\u0131 \u00f6ng\u00f6r\u00fcl\u00fcyor.<\/p>\n\n\n\n<p>\u00c7EVRE VE \u0130NSAN SA\u011eLI\u011eI \u0130\u00c7\u0130N KES\u0130NT\u0130S\u0130Z ARITMA<\/p>\n\n\n\n<p>2009 y\u0131l\u0131nda i\u015fletmeye al\u0131nan ve 250 bin e\u015fde\u011fer n\u00fcfusa hizmet veren Manavgat At\u0131ksu Ar\u0131tma Tesisi\u2019ne, Manavgat Merkez, Sorgun-Titreyeng\u00f6l ve K\u0131z\u0131lot-K\u0131z\u0131la\u011fa\u00e7 b\u00f6lgelerinden evsel nitelikli at\u0131ksular geliyor ve biyolojik olarak ar\u0131t\u0131l\u0131yor. \u00c7evre ve insan sa\u011fl\u0131\u011f\u0131n\u0131 tehlikeye atabilecek olumsuz ko\u015fullar\u0131n \u00f6nlenmesi amac\u0131yla i\u015fletme faaliyetleri sorunsuz bir \u015fekilde s\u00fcrd\u00fcr\u00fcl\u00fcyor. Tesis \u00e7\u0131k\u0131\u015f suyu, yasal mevzuatlarda belirtilen s\u0131n\u0131r de\u011ferlerin alt\u0131nda k\u0131y\u0131 de\u015farj\u0131 ile al\u0131c\u0131 ortama veriliyor.<\/p>\n\n\n\n<p>Antalya B\u00fcy\u00fck\u015fehir Belediyesi \/ B\u00fclten<\/p>\n","protected":false},"excerpt":{"rendered":"<p>Antalya B\u00fcy\u00fck\u015fehir Belediyesi Antalya Su ve At\u0131ksu \u0130daresi (ASAT) Genel M\u00fcd\u00fcrl\u00fc\u011f\u00fc, yakla\u015f\u0131k 300 milyon TL maliyetli \u201cManavgat At\u0131ksu Ar\u0131tma Tesisi 4. Reakt\u00f6r Yap\u0131m\u0131 ve Ba\u011flant\u0131l\u0131 <a href=\"https:\/\/akdenizhaber.com.tr\/index.php\/2025\/11\/10\/manavgat-atiksu-aritma-tesisinin-kapasitesi-artiriliyor\/\" class=\"read-more-link\">[more&#8230;]<\/a><\/p>\n","protected":false},"author":2,"featured_media":30667,"comment_status":"open","ping_status":"open","sticky":false,"template":"","format":"standard","meta":{"footnotes":""},"categories":[2],"tags":[],"class_list":["post-30666","post","type-post","status-publish","format-standard","has-post-thumbnail","hentry","category-gundem"],"_links":{"self":[{"href":"https:\/\/akdenizhaber.com.tr\/index.php\/wp-json\/wp\/v2\/posts\/30666","targetHints":{"allow":["GET"]}}],"collection":[{"href":"https:\/\/akdenizhaber.com.tr\/index.php\/wp-json\/wp\/v2\/posts"}],"about":[{"href":"https:\/\/akdenizhaber.com.tr\/index.php\/wp-json\/wp\/v2\/types\/post"}],"author":[{"embeddable":true,"href":"https:\/\/akdenizhaber.com.tr\/index.php\/wp-json\/wp\/v2\/users\/2"}],"replies":[{"embeddable":true,"href":"https:\/\/akdenizhaber.com.tr\/index.php\/wp-json\/wp\/v2\/comments?post=30666"}],"version-history":[{"count":1,"href":"https:\/\/akdenizhaber.com.tr\/index.php\/wp-json\/wp\/v2\/posts\/30666\/revisions"}],"predecessor-version":[{"id":30668,"href":"https:\/\/akdenizhaber.com.tr\/index.php\/wp-json\/wp\/v2\/posts\/30666\/revisions\/30668"}],"wp:featuredmedia":[{"embeddable":true,"href":"https:\/\/akdenizhaber.com.tr\/index.php\/wp-json\/wp\/v2\/media\/30667"}],"wp:attachment":[{"href":"https:\/\/akdenizhaber.com.tr\/index.php\/wp-json\/wp\/v2\/media?parent=30666"}],"wp:term":[{"taxonomy":"category","embeddable":true,"href":"https:\/\/akdenizhaber.com.tr\/index.php\/wp-json\/wp\/v2\/categories?post=30666"},{"taxonomy":"post_tag","embeddable":true,"href":"https:\/\/akdenizhaber.com.tr\/index.php\/wp-json\/wp\/v2\/tags?post=30666"}],"curies":[{"name":"wp","href":"https:\/\/api.w.org\/{rel}","templated":true}]}}