{"id":30651,"date":"2025-11-10T17:19:35","date_gmt":"2025-11-10T14:19:35","guid":{"rendered":"https:\/\/akdenizhaber.com.tr\/?p=30651"},"modified":"2025-11-10T17:19:36","modified_gmt":"2025-11-10T14:19:36","slug":"hakemin-adaleti","status":"publish","type":"post","link":"https:\/\/akdenizhaber.com.tr\/index.php\/2025\/11\/10\/hakemin-adaleti\/","title":{"rendered":"HAKEM\u0130N ADALET\u0130.."},"content":{"rendered":"\n<p><\/p>\n\n\n\n<p>\u00dclke g\u00fcndeminde hakemlerin oynad\u0131klar\u0131 sanal bahisler havada u\u00e7u\u015furken T\u00fcrk futbolunun i\u00e7ine eden hakemleri ne yaz\u0131k ki \u00fcz\u00fclerek izlemek zorunda b\u0131rak\u0131l\u0131yoruz..<\/p>\n\n\n\n<p>Futbolseverlerin her ma\u00e7a gitti\u011finde futboldan \u00e7ok hakem hareketlerine odaklanmalar\u0131, ma\u00e7\u0131 y\u00f6neteni ister istemez kar\u015f\u0131la\u015fma ba\u015flamadan zan alt\u0131nda b\u0131rakmalar\u0131 iyi hakem, k\u00f6t\u00fc hakem ger\u00e7e\u011fini ortaya koyuyor.<\/p>\n\n\n\n<p>Kaliteli ve g\u00fczel bir futbol izlemek ad\u0131na 90 dakikas\u0131n\u0131 kar\u015f\u0131la\u015fmay\u0131 izlemeye ay\u0131ran vefak\u00e2r ve cefak\u00e2r taraftar ne yaz\u0131k ki k\u00f6t\u00fc y\u00f6netilen ma\u00e7 sonras\u0131 h\u00fcsrana u\u011fruyor.<\/p>\n\n\n\n<p>Ge\u00e7ti\u011fimiz Pazar g\u00fcn\u00fc kendi saha ve seyircimiz \u00f6n\u00fcnde 1923 Afyonkarahisarspor\u2019u konuk ettik ya,bu ma\u00e7\u0131 y\u00f6neten orta hakem Batu Ar\u0131bak\u0131rdan bahsedelim birazc\u0131k..<\/p>\n\n\n\n<p>Adam futbol ma\u00e7\u0131 y\u00f6netmeye de\u011fil,90 dakikay\u0131 bilin\u00e7li olarak katletmeye gelmi\u015f havas\u0131nda idi..<\/p>\n\n\n\n<p>\u0130zmir b\u00f6lgesi hakemlerinden olan Batu Ar\u0131bak\u0131r\u2019\u0131n hakemlik karnesine g\u00f6z att\u0131\u011f\u0131n\u0131zda sar\u0131 kart fabrikas\u0131 var san\u0131rs\u0131n\u0131z,do\u011fru d\u00fcr\u00fcst ma\u00e7 y\u00f6netme yerine sahada olmayan futbolu katletmek \u00fczere g\u00f6revlendirilmi\u015f bir beyin alt yap\u0131s\u0131 ile sahaya \u00e7\u0131kt\u0131..<\/p>\n\n\n\n<p>\u0130yi ho\u015f g\u00fczel her iki tak\u0131m\u0131nda \u00e7ok iyi oldu\u011funu s\u00f6ylemek m\u00fcmk\u00fcn de\u011fil..<\/p>\n\n\n\n<p>Hele hele Manavgat Belediyespor\u2019un kendi saha ve seyircisi \u00f6n\u00fcnde d\u00f6rt d\u00f6rtl\u00fck futbol sergiledi\u011fini de s\u00f6ylemek m\u00fcmk\u00fcn de\u011fil..<\/p>\n\n\n\n<p>Son haftalar\u0131n beraberlik tak\u0131m\u0131 haline gelen futbol tak\u0131m\u0131m\u0131zda g\u00f6zle g\u00f6r\u00fcl\u00fcr eksikliklerin bir an \u00f6nce giderilmesi gerekiyor..<\/p>\n\n\n\n<p>Her ne kadar y\u00f6netim ma\u00e7lar ba\u015flad\u0131\u011f\u0131nda \u201ciki sene iddiam\u0131z yok\u201d dese de taraftar bu d\u00fc\u015f\u00fcncelere asla kat\u0131lm\u0131yor, o sene bu sene sloganlar\u0131 ile \u201c\u015eampiyon Manavgat\u201d sesleri statta y\u00fckselmeye devam ediyor..<\/p>\n\n\n\n<p>Sen istedi\u011fin kadar iddial\u0131 de\u011filiz de,trib\u00fcnlerde y\u0131llard\u0131r \u015fampiyonlu\u011fa susam\u0131\u015f,3. Lig sevdas\u0131 ile yan\u0131p tutu\u015fan bir taraftar toplulu\u011fu var..<\/p>\n\n\n\n<p>\u0130ddial\u0131y\u0131z demeseniz de tak\u0131ma en k\u0131sa zamanda takviye yapmak zorundas\u0131n\u0131z..<\/p>\n\n\n\n<p>Hakem hatalar\u0131 sezon boyunca olacak,bunun \u00f6n\u00fcn\u00fc kesmek \u00e7ok zor gibi g\u00f6r\u00fcyor..<\/p>\n\n\n\n<p>Ge\u00e7ti\u011fimiz y\u0131l 3. Lige ramak kala koptu\u011fumuz \u015fampiyonluk yar\u0131\u015f\u0131nda ger\u00e7ek anlamda \u00fclke genelinde b\u00fcy\u00fck i\u015flere imza atarak herkesin korkulu r\u00fcyas\u0131 haline gelen bir Manavgat Belediyespor vard\u0131..<\/p>\n\n\n\n<p>Hali ile taraftar ayn\u0131 d\u00fc\u015f\u00fcncelerle tak\u0131m\u0131n\u0131n ba\u015far\u0131l\u0131 olmas\u0131n\u0131 y\u00fcrekten istiyor..<\/p>\n\n\n\n<p>Yap\u0131lan alt yap\u0131 ata\u011f\u0131,tak\u0131m\u0131n gen\u00e7le\u015ftirilmi\u015f olmas\u0131..<\/p>\n\n\n\n<p>Afyonkarahisarspor\u2019un harcad\u0131\u011f\u0131 rakamlar\u0131n \u00e7ok alt\u0131nda kadro olu\u015fturulmas\u0131na ra\u011fmen Afyon beraberli\u011fi hakem Batu Ar\u0131bak\u0131r\u2019a ra\u011fmen son yirmi dakika on ki\u015fi kalmam\u0131za ra\u011fmen ba\u015far\u0131d\u0131r..<\/p>\n\n\n\n<p>Adam ma\u00e7\u0131 \u00f6yle bir gerdi ki anlat\u0131lmas\u0131 m\u00fcmk\u00fcn de\u011fil,Afyonkarahispor\u2019un 4 numaral\u0131 futbolcusu Cant\u00fcrk G\u00fcng\u00f6r resmen pislik yapt\u0131,resmen ma\u00e7\u0131 ve trib\u00fcnleri gerdi..<\/p>\n\n\n\n<p>Orta hakem t\u00fcm bunlar\u0131 g\u00f6rmezden gelerek faturay\u0131 tecr\u00fcbeli, deneyimli ve golc\u00fc futbolcumuz \u0130lker Yasin\u2019e k\u0131rm\u0131z\u0131 kart g\u00f6stererek kesti.<\/p>\n\n\n\n<p>\u0130nsan ister istemez d\u00fc\u015f\u00fcnmeden edemiyor,orta hakem \u0130zmir b\u00f6lgesinden ya..<\/p>\n\n\n\n<p>Acaba gelirken d\u00fcd\u00fc\u011f\u00fcn\u00fc Afyondan m\u0131 al\u0131p geldi..<\/p>\n\n\n\n<p>Her neyse daha yol uzun..Tak\u0131ma takviye gerek..<\/p>\n\n\n\n<p>Taraftara da g\u00fczelden yana futbol..<\/p>\n\n\n\n<p>Kal\u0131n sa\u011fl\u0131cakla..<\/p>\n","protected":false},"excerpt":{"rendered":"<p>\u00dclke g\u00fcndeminde hakemlerin oynad\u0131klar\u0131 sanal bahisler havada u\u00e7u\u015furken T\u00fcrk futbolunun i\u00e7ine eden hakemleri ne yaz\u0131k ki \u00fcz\u00fclerek izlemek zorunda b\u0131rak\u0131l\u0131yoruz.. Futbolseverlerin her ma\u00e7a gitti\u011finde futboldan <a href=\"https:\/\/akdenizhaber.com.tr\/index.php\/2025\/11\/10\/hakemin-adaleti\/\" class=\"read-more-link\">[more&#8230;]<\/a><\/p>\n","protected":false},"author":2,"featured_media":30336,"comment_status":"open","ping_status":"open","sticky":false,"template":"","format":"standard","meta":{"footnotes":""},"categories":[1,2],"tags":[],"class_list":["post-30651","post","type-post","status-publish","format-standard","has-post-thumbnail","hentry","category-blog","category-gundem"],"_links":{"self":[{"href":"https:\/\/akdenizhaber.com.tr\/index.php\/wp-json\/wp\/v2\/posts\/30651","targetHints":{"allow":["GET"]}}],"collection":[{"href":"https:\/\/akdenizhaber.com.tr\/index.php\/wp-json\/wp\/v2\/posts"}],"about":[{"href":"https:\/\/akdenizhaber.com.tr\/index.php\/wp-json\/wp\/v2\/types\/post"}],"author":[{"embeddable":true,"href":"https:\/\/akdenizhaber.com.tr\/index.php\/wp-json\/wp\/v2\/users\/2"}],"replies":[{"embeddable":true,"href":"https:\/\/akdenizhaber.com.tr\/index.php\/wp-json\/wp\/v2\/comments?post=30651"}],"version-history":[{"count":1,"href":"https:\/\/akdenizhaber.com.tr\/index.php\/wp-json\/wp\/v2\/posts\/30651\/revisions"}],"predecessor-version":[{"id":30652,"href":"https:\/\/akdenizhaber.com.tr\/index.php\/wp-json\/wp\/v2\/posts\/30651\/revisions\/30652"}],"wp:featuredmedia":[{"embeddable":true,"href":"https:\/\/akdenizhaber.com.tr\/index.php\/wp-json\/wp\/v2\/media\/30336"}],"wp:attachment":[{"href":"https:\/\/akdenizhaber.com.tr\/index.php\/wp-json\/wp\/v2\/media?parent=30651"}],"wp:term":[{"taxonomy":"category","embeddable":true,"href":"https:\/\/akdenizhaber.com.tr\/index.php\/wp-json\/wp\/v2\/categories?post=30651"},{"taxonomy":"post_tag","embeddable":true,"href":"https:\/\/akdenizhaber.com.tr\/index.php\/wp-json\/wp\/v2\/tags?post=30651"}],"curies":[{"name":"wp","href":"https:\/\/api.w.org\/{rel}","templated":true}]}}