{"id":30634,"date":"2025-11-06T17:09:15","date_gmt":"2025-11-06T14:09:15","guid":{"rendered":"https:\/\/akdenizhaber.com.tr\/?p=30634"},"modified":"2025-11-06T17:40:17","modified_gmt":"2025-11-06T14:40:17","slug":"uzman-elektrikten-turk-yunan-dostluguna-katki","status":"publish","type":"post","link":"https:\/\/akdenizhaber.com.tr\/index.php\/2025\/11\/06\/uzman-elektrikten-turk-yunan-dostluguna-katki\/","title":{"rendered":"Uzman Elektrikten T\u00fcrk Romen Dostlu\u011funa Katk\u0131"},"content":{"rendered":"\n<p>Manavgat\u2019ta&nbsp; faaliyet g\u00f6steren Uzman Elektrik, uluslararas\u0131 d\u00fczeyde mesleki ve teknik bilgi payla\u015f\u0131m\u0131n\u0131 te\u015fvik eden Erasmus projesi \u00e7er\u00e7evesinde, Romanya&#8217;n\u0131n Liceul Energetic Constan\u021ba okulundan gelen 16 \u00f6\u011frenciye staj imkan\u0131 sundu.<\/p>\n\n\n\n<p>Proje, \u00f6\u011frencilerin otomasyon teknikerli\u011fi alan\u0131nda kapsaml\u0131 bir staj deneyimi kazanmalar\u0131n\u0131 hedefliyor.<\/p>\n\n\n\n<p>Uzman Elektrik Y\u00f6netim Kurulu Ba\u015fkan\u0131 Mehmet Ali Cengiz, bu y\u0131l da Erasmus program\u0131 kapsam\u0131nda Romen \u00f6\u011frencilerin staj f\u0131rsat\u0131ndan faydaland\u0131\u011f\u0131n\u0131 belirtti. Cengiz, \u201c\u00dclkemizin ve \u015fehrimizin tan\u0131t\u0131m\u0131na b\u00fcy\u00fck katk\u0131 sa\u011flad\u0131\u011f\u0131n\u0131 d\u00fc\u015f\u00fcnd\u00fc\u011f\u00fcm\u00fcz bu projede, sekt\u00f6rdeki \u00f6nc\u00fcl\u00fc\u011f\u00fcm\u00fcz\u00fc s\u00fcrd\u00fcrmeyi \u00f6nemsiyoruz.\u201d dedi.<\/p>\n\n\n\n<p><strong>Deneyim Payla\u015f\u0131m\u0131 ve K\u00fclt\u00fcrel Zenginlikler<\/strong><\/p>\n\n\n\n<p>Proje s\u00fcrecinde Uzman Elektrik, \u00f6\u011frencilere deneyimli personeli arac\u0131l\u0131\u011f\u0131yla teorik ve pratik bilgiler aktard\u0131. \u00d6\u011frenciler ayr\u0131ca T\u00fcrk k\u00fclt\u00fcr\u00fc ve gelenekleri hakk\u0131nda \u00e7e\u015fitli g\u00f6rsel aktiviteler ger\u00e7ekle\u015ftirdi. \u00d6zellikle geli\u015fim alan\u0131nda b\u00fcy\u00fck bir \u00f6nem ta\u015f\u0131yan bu s\u00fcre\u00e7, \u00f6\u011frencilerin teknik yetkinliklerini art\u0131rmalar\u0131n\u0131n yan\u0131 s\u0131ra k\u00fclt\u00fcrel zenginlikleri de g\u00f6rme f\u0131rsat\u0131 bulmalar\u0131n\u0131 sa\u011flad\u0131.<\/p>\n\n\n\n<p>&nbsp;<strong>Manavgat\u2019ta Staj Deneyimi<\/strong><\/p>\n\n\n\n<p>25 Ekim \u2013 7 Kas\u0131m tarihleri aras\u0131nda ger\u00e7ekle\u015fen Erasmus+ VET projesi kapsam\u0131nda, Romanya\u2019dan gelen \u00f6\u011frenciler, Uzman Elektrik\u2019in otomasyon alan\u0131ndaki uzmanlar\u0131yla birlikte \u00e7al\u0131\u015fma f\u0131rsat\u0131 buldular. \u00d6\u011frenciler, firma sahibinin birebir e\u011fitimiyle modern otomasyon uygulamalar\u0131 ve ekipmanlar\u0131n\u0131 detayl\u0131 bir \u015fekilde \u00f6\u011frenme \u015fans\u0131 elde etti.<\/p>\n\n\n\n<p><strong>Misafirperverlik ve K\u00fclt\u00fcrel Zenginlikler<\/strong><\/p>\n\n\n\n<p>Staj s\u00fcresince \u00f6\u011frenciler ve \u00f6\u011fretmenler, T\u00fcrkiye\u2019nin misafirperverli\u011fini ve Manavgat\u2019\u0131n k\u00fclt\u00fcrel zenginliklerini deneyimlediler.<\/p>\n\n\n\n<p>Manavgat \u015eelalesi ba\u015fta olmak \u00fczere, Merkez Camii, geleneksel \u00e7ar\u015f\u0131lar ve Antalya\u2019daki tarihi b\u00f6lgeler ziyaret edildi. Refakat\u00e7i \u00f6\u011fretmenler Claudia Nitu ve Mugurel Caracostea, Erasmus deneyiminin sadece mesleki e\u011fitimle s\u0131n\u0131rl\u0131 kalmay\u0131p, ayn\u0131 zamanda ki\u015fisel geli\u015fim a\u00e7\u0131s\u0131ndan da b\u00fcy\u00fck \u00f6nem ta\u015f\u0131d\u0131\u011f\u0131n\u0131 vurgulad\u0131. \u201c \u00d6\u011frencilerimiz farkl\u0131 k\u00fclt\u00fcrlerle etkile\u015fime girdi; sayg\u0131, misafirperverlik ve sorumluluk gibi de\u011ferler kazand\u0131.\u201d dediler.<\/p>\n\n\n\n<p><strong>Sonu\u00e7 Olarak<\/strong><\/p>\n\n\n\n<p>Uzman Elektrik, g\u00fcvenilir bir ortak olarak Erasmus+ VET projesinde \u00f6nemli bir rol \u00fcstlendi. Bu deneyim, \u00f6\u011frenme, geli\u015fim ve uluslararas\u0131 i\u015fbirli\u011fi a\u00e7\u0131s\u0131ndan kat\u0131l\u0131mc\u0131lara b\u00fcy\u00fck bir katk\u0131 sa\u011flad\u0131. T\u00fcrkiye\u2019nin ola\u011fan\u00fcst\u00fc misafirperverli\u011fi ve Liceul Energetic Constan\u021ba okulunun e\u011fitim yat\u0131r\u0131mlar\u0131, kaliteli e\u011fitimin, Avrupa perspektifinin ve \u00f6\u011frenme iste\u011finin birle\u015fti\u011fi anlarda ger\u00e7ek bir ya\u015fam deneyimine d\u00f6n\u00fc\u015febilece\u011fini g\u00f6sterdi. Bu t\u00fcr stajlar, gen\u00e7lerin mesleki yeterliliklerini art\u0131rmalar\u0131na ve uluslararas\u0131 deneyim kazanmalar\u0131na olanak tan\u0131rken, e\u011fitimdeki kaliteyi de y\u00fckseltiyor. Dedi.<br>Uzman Elektrik Y\u00f6netim Kurulu Ba\u015fkan\u0131 Mehmet Ali Cengiz, Romen \u00d6\u011frenci ve \u00d6\u011fretmenlerine \u2018Hayat Ge\u00e7 Kalmay\u0131 Affetmez\u2019 \u0130simli yazm\u0131\u015f oldu\u011fu kitab\u0131n\u0131 hediye etti.<\/p>\n\n\n\n<p>B\u00fc\u015fra Deveci \/ Haber<\/p>\n","protected":false},"excerpt":{"rendered":"<p>Manavgat\u2019ta&nbsp; faaliyet g\u00f6steren Uzman Elektrik, uluslararas\u0131 d\u00fczeyde mesleki ve teknik bilgi payla\u015f\u0131m\u0131n\u0131 te\u015fvik eden Erasmus projesi \u00e7er\u00e7evesinde, Romanya&#8217;n\u0131n Liceul Energetic Constan\u021ba okulundan gelen 16 \u00f6\u011frenciye <a href=\"https:\/\/akdenizhaber.com.tr\/index.php\/2025\/11\/06\/uzman-elektrikten-turk-yunan-dostluguna-katki\/\" class=\"read-more-link\">[more&#8230;]<\/a><\/p>\n","protected":false},"author":2,"featured_media":30635,"comment_status":"open","ping_status":"open","sticky":false,"template":"","format":"standard","meta":{"footnotes":""},"categories":[2],"tags":[],"class_list":["post-30634","post","type-post","status-publish","format-standard","has-post-thumbnail","hentry","category-gundem"],"_links":{"self":[{"href":"https:\/\/akdenizhaber.com.tr\/index.php\/wp-json\/wp\/v2\/posts\/30634","targetHints":{"allow":["GET"]}}],"collection":[{"href":"https:\/\/akdenizhaber.com.tr\/index.php\/wp-json\/wp\/v2\/posts"}],"about":[{"href":"https:\/\/akdenizhaber.com.tr\/index.php\/wp-json\/wp\/v2\/types\/post"}],"author":[{"embeddable":true,"href":"https:\/\/akdenizhaber.com.tr\/index.php\/wp-json\/wp\/v2\/users\/2"}],"replies":[{"embeddable":true,"href":"https:\/\/akdenizhaber.com.tr\/index.php\/wp-json\/wp\/v2\/comments?post=30634"}],"version-history":[{"count":2,"href":"https:\/\/akdenizhaber.com.tr\/index.php\/wp-json\/wp\/v2\/posts\/30634\/revisions"}],"predecessor-version":[{"id":30641,"href":"https:\/\/akdenizhaber.com.tr\/index.php\/wp-json\/wp\/v2\/posts\/30634\/revisions\/30641"}],"wp:featuredmedia":[{"embeddable":true,"href":"https:\/\/akdenizhaber.com.tr\/index.php\/wp-json\/wp\/v2\/media\/30635"}],"wp:attachment":[{"href":"https:\/\/akdenizhaber.com.tr\/index.php\/wp-json\/wp\/v2\/media?parent=30634"}],"wp:term":[{"taxonomy":"category","embeddable":true,"href":"https:\/\/akdenizhaber.com.tr\/index.php\/wp-json\/wp\/v2\/categories?post=30634"},{"taxonomy":"post_tag","embeddable":true,"href":"https:\/\/akdenizhaber.com.tr\/index.php\/wp-json\/wp\/v2\/tags?post=30634"}],"curies":[{"name":"wp","href":"https:\/\/api.w.org\/{rel}","templated":true}]}}