{"id":30627,"date":"2025-11-06T16:54:13","date_gmt":"2025-11-06T13:54:13","guid":{"rendered":"https:\/\/akdenizhaber.com.tr\/?p=30627"},"modified":"2025-11-06T16:54:13","modified_gmt":"2025-11-06T13:54:13","slug":"manavgat-kaymakami-adil-karatas-milli-agaclandirma-gunune-bekliyoruz","status":"publish","type":"post","link":"https:\/\/akdenizhaber.com.tr\/index.php\/2025\/11\/06\/manavgat-kaymakami-adil-karatas-milli-agaclandirma-gunune-bekliyoruz\/","title":{"rendered":"Manavgat Kaymakam\u0131 Adil Karata\u015f;                           \u201cMilli A\u011fa\u00e7land\u0131rma G\u00fcn\u00fcne Bekliyoruz&#8221;"},"content":{"rendered":"\n<p><\/p>\n\n\n\n<p>6 Kas\u0131m 2019&#8217;da yay\u0131mlanan Cumhurba\u015fkanl\u0131\u011f\u0131 Genelgesi ile her y\u0131l 11 Kas\u0131m &#8220;Milli A\u011fa\u00e7land\u0131rma G\u00fcn\u00fc&#8221; olarak kutlan\u0131yor.<\/p>\n\n\n\n<p>Bu kapsamda Kaymakaml\u0131k ve Orman \u0130\u015fletme m\u00fcd\u00fcrl\u00fc\u011f\u00fcnce haz\u0131rlanan etkinlik 11 Kas\u0131m 2025 g\u00fcn\u00fc saat 11.00\u2019de Dikmen G\u00fcl Salih \u015eenli \u0130lkokulu yan\u0131nda ger\u00e7ekle\u015fecek.<\/p>\n\n\n\n<p>Manavgat Kaymakam\u0131 Adil Karata\u015f bu anlaml\u0131 g\u00fcnde t\u00fcm do\u011faseverleri ve Manavgatl\u0131lar\u0131 etkinli\u011fe bekledi\u011fini ifade ederek \u201c\u00dclkenin orman sahas\u0131n\u0131 ve a\u011fa\u00e7 servetini \u00e7o\u011faltmak, erozyon kontrol\u00fcn\u00fc te\u015fvik ederek toprak, su ve bitki aras\u0131nda bozulan dengeyi yeniden olu\u015fturmak, biyolojik \u00e7e\u015fitlili\u011fi geli\u015ftirmek, \u00e7evre de\u011ferlerini korumak gibi ama\u00e7larla her y\u0131l 11 Kas\u0131m &#8216;da Tar\u0131m ve Orman Bakanl\u0131\u011f\u0131na ba\u011fl\u0131 Orman Genel M\u00fcd\u00fcrl\u00fc\u011f\u00fc taraf\u0131ndan fidan dikim etkinlikleri d\u00fczenleniyor. Bu anlamda bizde Manavgat Orman i\u015fletmesi ile ortakla\u015fa bir etkinlik d\u00fczenledik bu etkinli\u011fe t\u00fcm do\u011fa severleri ve Manavgatl\u0131lar\u0131 bekliyoruz\u201d dedi.<\/p>\n\n\n\n<p>B\u00fc\u015fra Deveci \/ Haber<\/p>\n","protected":false},"excerpt":{"rendered":"<p>6 Kas\u0131m 2019&#8217;da yay\u0131mlanan Cumhurba\u015fkanl\u0131\u011f\u0131 Genelgesi ile her y\u0131l 11 Kas\u0131m &#8220;Milli A\u011fa\u00e7land\u0131rma G\u00fcn\u00fc&#8221; olarak kutlan\u0131yor. Bu kapsamda Kaymakaml\u0131k ve Orman \u0130\u015fletme m\u00fcd\u00fcrl\u00fc\u011f\u00fcnce haz\u0131rlanan etkinlik <a href=\"https:\/\/akdenizhaber.com.tr\/index.php\/2025\/11\/06\/manavgat-kaymakami-adil-karatas-milli-agaclandirma-gunune-bekliyoruz\/\" class=\"read-more-link\">[more&#8230;]<\/a><\/p>\n","protected":false},"author":2,"featured_media":30628,"comment_status":"open","ping_status":"open","sticky":false,"template":"","format":"standard","meta":{"footnotes":""},"categories":[2],"tags":[],"class_list":["post-30627","post","type-post","status-publish","format-standard","has-post-thumbnail","hentry","category-gundem"],"_links":{"self":[{"href":"https:\/\/akdenizhaber.com.tr\/index.php\/wp-json\/wp\/v2\/posts\/30627","targetHints":{"allow":["GET"]}}],"collection":[{"href":"https:\/\/akdenizhaber.com.tr\/index.php\/wp-json\/wp\/v2\/posts"}],"about":[{"href":"https:\/\/akdenizhaber.com.tr\/index.php\/wp-json\/wp\/v2\/types\/post"}],"author":[{"embeddable":true,"href":"https:\/\/akdenizhaber.com.tr\/index.php\/wp-json\/wp\/v2\/users\/2"}],"replies":[{"embeddable":true,"href":"https:\/\/akdenizhaber.com.tr\/index.php\/wp-json\/wp\/v2\/comments?post=30627"}],"version-history":[{"count":1,"href":"https:\/\/akdenizhaber.com.tr\/index.php\/wp-json\/wp\/v2\/posts\/30627\/revisions"}],"predecessor-version":[{"id":30629,"href":"https:\/\/akdenizhaber.com.tr\/index.php\/wp-json\/wp\/v2\/posts\/30627\/revisions\/30629"}],"wp:featuredmedia":[{"embeddable":true,"href":"https:\/\/akdenizhaber.com.tr\/index.php\/wp-json\/wp\/v2\/media\/30628"}],"wp:attachment":[{"href":"https:\/\/akdenizhaber.com.tr\/index.php\/wp-json\/wp\/v2\/media?parent=30627"}],"wp:term":[{"taxonomy":"category","embeddable":true,"href":"https:\/\/akdenizhaber.com.tr\/index.php\/wp-json\/wp\/v2\/categories?post=30627"},{"taxonomy":"post_tag","embeddable":true,"href":"https:\/\/akdenizhaber.com.tr\/index.php\/wp-json\/wp\/v2\/tags?post=30627"}],"curies":[{"name":"wp","href":"https:\/\/api.w.org\/{rel}","templated":true}]}}