{"id":30621,"date":"2025-11-06T16:52:50","date_gmt":"2025-11-06T13:52:50","guid":{"rendered":"https:\/\/akdenizhaber.com.tr\/?p=30621"},"modified":"2025-11-06T16:52:51","modified_gmt":"2025-11-06T13:52:51","slug":"manavgat-irmagi-ve-iklim-degisikligi-suya-sahip-cikma-zamani","status":"publish","type":"post","link":"https:\/\/akdenizhaber.com.tr\/index.php\/2025\/11\/06\/manavgat-irmagi-ve-iklim-degisikligi-suya-sahip-cikma-zamani\/","title":{"rendered":"Manavgat Irma\u011f\u0131 ve \u0130klim De\u011fi\u015fikli\u011fi: Suya Sahip \u00c7\u0131kma Zaman\u0131"},"content":{"rendered":"\n<p>\u0130klim de\u011fi\u015fikli\u011finin etkileri art\u0131k g\u00fcnl\u00fck hayat\u0131m\u0131z\u0131n bir par\u00e7as\u0131 haline geldi. Kurakl\u0131k, d\u00fczensiz ya\u011f\u0131\u015flar, yaz aylar\u0131nda artan s\u0131cakl\u0131klar ve orman yang\u0131nlar\u0131&#8230; T\u00fcm bu s\u00fcre\u00e7ler Manavgat&#8217;\u0131 do\u011frudan etkiliyor. Ancak elimizde \u00e7ok k\u0131ymetli bir do\u011fal varl\u0131k var: Manavgat Irma\u011f\u0131.<\/p>\n\n\n\n<p>Irmak, y\u00fczy\u0131llard\u0131r b\u00f6lgenin tar\u0131m\u0131n\u0131, i\u00e7me suyunu ve do\u011fal ya\u015fam\u0131n\u0131 besleyen bir kaynak oldu. Bug\u00fcn ise iklim de\u011fi\u015fikli\u011finin etkisiyle \u0131rma\u011f\u0131n su seviyesi zaman zaman azal\u0131yor, bazen de ani ya\u011f\u0131\u015flarla ta\u015fk\u0131n riski olu\u015fuyor. B\u00f6yle bir d\u00f6nemde suyun her damlas\u0131 b\u00fcy\u00fck de\u011fer ta\u015f\u0131rken, \u015fehirde s\u0131k\u00e7a ya\u015fanan su patlaklar\u0131yla tonlarca suyun bo\u015fa akt\u0131\u011f\u0131n\u0131 g\u00f6r\u00fcyoruz. Bu kay\u0131plar, gelecekte daha ciddi sorunlara yol a\u00e7abilir.<\/p>\n\n\n\n<p>Irma\u011f\u0131n suyunu tamamen denize b\u0131rakmak yerine, ekolojik dengeyi bozmadan de\u011ferlendirmek m\u00fcmk\u00fcnd\u00fcr. \u00c7\u00fcnk\u00fc \u0131rma\u011f\u0131n denizle bulu\u015fmas\u0131 da do\u011fal ya\u015fam i\u00e7in hayati \u00f6neme sahiptir. Bal\u0131klar\u0131n g\u00f6\u00e7 yollar\u0131, k\u0131y\u0131 ekosistemi ve biyolojik \u00e7e\u015fitlilik bu d\u00f6ng\u00fcye ba\u011fl\u0131d\u0131r. Bu nedenle do\u011fru \u00e7\u00f6z\u00fcm, suyun bir k\u0131sm\u0131n\u0131 tar\u0131mda, yang\u0131nla m\u00fccadelede ve \u015fehir altyap\u0131s\u0131nda de\u011ferlendirmek; di\u011fer k\u0131sm\u0131n\u0131 ise do\u011fan\u0131n kendi dengesi i\u00e7in serbest b\u0131rakmakt\u0131r.<\/p>\n\n\n\n<p>Ge\u00e7mi\u015fte ya\u015fad\u0131\u011f\u0131m\u0131z b\u00fcy\u00fck yang\u0131nlar bize \u015funu g\u00f6sterdi: Su, sadece ya\u015fam kayna\u011f\u0131 de\u011fil, ayn\u0131 zamanda do\u011fay\u0131 koruman\u0131n en etkili arac\u0131d\u0131r. Yang\u0131nlarla m\u00fccadelede kullan\u0131labilecek her su kayna\u011f\u0131, ormanlar\u0131m\u0131z\u0131n gelece\u011fini kurtarabilir.<\/p>\n\n\n\n<p>Bug\u00fcn yapmam\u0131z gereken, su kay\u0131plar\u0131n\u0131 \u00f6nlemek, altyap\u0131y\u0131 g\u00fc\u00e7lendirmek, \u0131rmak suyunu planl\u0131 ve verimli bir \u015fekilde de\u011ferlendirmek ve bunu yaparken do\u011fan\u0131n dengesine zarar vermemektir. Manavgat&#8217;\u0131n gelece\u011fi, suya ve \u00e7evresine g\u00f6sterece\u011fimiz bu \u00f6zenle \u015fekillenecektir.<\/p>\n\n\n\n<p>Suya g\u00f6sterilecek \u00f6zen, asl\u0131nda hem Manavgat&#8217;\u0131n hem de gelecek nesillerin gelece\u011fine g\u00f6sterilecek \u00f6zendir.<\/p>\n\n\n\n<p>Fatma SERT<\/p>\n\n\n\n<p>\u00c7evre M\u00fchendisi<\/p>\n\n\n\n<p><\/p>\n","protected":false},"excerpt":{"rendered":"<p>\u0130klim de\u011fi\u015fikli\u011finin etkileri art\u0131k g\u00fcnl\u00fck hayat\u0131m\u0131z\u0131n bir par\u00e7as\u0131 haline geldi. Kurakl\u0131k, d\u00fczensiz ya\u011f\u0131\u015flar, yaz aylar\u0131nda artan s\u0131cakl\u0131klar ve orman yang\u0131nlar\u0131&#8230; T\u00fcm bu s\u00fcre\u00e7ler Manavgat&#8217;\u0131 do\u011frudan <a href=\"https:\/\/akdenizhaber.com.tr\/index.php\/2025\/11\/06\/manavgat-irmagi-ve-iklim-degisikligi-suya-sahip-cikma-zamani\/\" class=\"read-more-link\">[more&#8230;]<\/a><\/p>\n","protected":false},"author":2,"featured_media":30622,"comment_status":"open","ping_status":"open","sticky":false,"template":"","format":"standard","meta":{"footnotes":""},"categories":[1,2],"tags":[],"class_list":["post-30621","post","type-post","status-publish","format-standard","has-post-thumbnail","hentry","category-blog","category-gundem"],"_links":{"self":[{"href":"https:\/\/akdenizhaber.com.tr\/index.php\/wp-json\/wp\/v2\/posts\/30621","targetHints":{"allow":["GET"]}}],"collection":[{"href":"https:\/\/akdenizhaber.com.tr\/index.php\/wp-json\/wp\/v2\/posts"}],"about":[{"href":"https:\/\/akdenizhaber.com.tr\/index.php\/wp-json\/wp\/v2\/types\/post"}],"author":[{"embeddable":true,"href":"https:\/\/akdenizhaber.com.tr\/index.php\/wp-json\/wp\/v2\/users\/2"}],"replies":[{"embeddable":true,"href":"https:\/\/akdenizhaber.com.tr\/index.php\/wp-json\/wp\/v2\/comments?post=30621"}],"version-history":[{"count":1,"href":"https:\/\/akdenizhaber.com.tr\/index.php\/wp-json\/wp\/v2\/posts\/30621\/revisions"}],"predecessor-version":[{"id":30623,"href":"https:\/\/akdenizhaber.com.tr\/index.php\/wp-json\/wp\/v2\/posts\/30621\/revisions\/30623"}],"wp:featuredmedia":[{"embeddable":true,"href":"https:\/\/akdenizhaber.com.tr\/index.php\/wp-json\/wp\/v2\/media\/30622"}],"wp:attachment":[{"href":"https:\/\/akdenizhaber.com.tr\/index.php\/wp-json\/wp\/v2\/media?parent=30621"}],"wp:term":[{"taxonomy":"category","embeddable":true,"href":"https:\/\/akdenizhaber.com.tr\/index.php\/wp-json\/wp\/v2\/categories?post=30621"},{"taxonomy":"post_tag","embeddable":true,"href":"https:\/\/akdenizhaber.com.tr\/index.php\/wp-json\/wp\/v2\/tags?post=30621"}],"curies":[{"name":"wp","href":"https:\/\/api.w.org\/{rel}","templated":true}]}}