{"id":30618,"date":"2025-11-06T16:52:11","date_gmt":"2025-11-06T13:52:11","guid":{"rendered":"https:\/\/akdenizhaber.com.tr\/?p=30618"},"modified":"2025-11-06T16:52:11","modified_gmt":"2025-11-06T13:52:11","slug":"grip-asisi-olmak-icin-gec-mi-kaldik","status":"publish","type":"post","link":"https:\/\/akdenizhaber.com.tr\/index.php\/2025\/11\/06\/grip-asisi-olmak-icin-gec-mi-kaldik\/","title":{"rendered":"\u201cGR\u0130P A\u015eISI OLMAK \u0130\u00c7\u0130N GE\u00c7 M\u0130 KALDIK?\u201d"},"content":{"rendered":"\n<p>Merhaba sevgili Akdeniz Haber okurlar\u0131.<\/p>\n\n\n\n<p>Bu g\u00fcnk\u00fc yaz\u0131m grip a\u015f\u0131lar\u0131 ile ilgili.<\/p>\n\n\n\n<p>\u00c7\u00fcnk\u00fc bu aralar eczanemde en \u00e7ok ald\u0131\u011f\u0131m sorulardan birisi; <strong>\u201cA\u015f\u0131 olmak i\u00e7in ge\u00e7 mi kald\u0131k?\u201d<\/strong><\/p>\n\n\n\n<p><strong>Cevap: Hay\u0131r, ge\u00e7 kalmad\u0131n\u0131z.&nbsp;<\/strong><\/p>\n\n\n\n<p><strong>Hadi \u015fimdi grip a\u015f\u0131lar\u0131 ile ilgili h\u0131zl\u0131 bir soru cevap yapal\u0131m ve bilgilerimizi tazeleyelim.<\/strong><\/p>\n\n\n\n<p><strong>1. Grip a\u015f\u0131s\u0131 nedir?<\/strong> Grip a\u015f\u0131s\u0131, influenza vir\u00fcs\u00fcne kar\u015f\u0131 ba\u011f\u0131\u015f\u0131kl\u0131k kazand\u0131rmak amac\u0131yla yap\u0131lan koruyucu bir a\u015f\u0131d\u0131r. vir\u00fcs\u00fcn etkisiz formunu i\u00e7erir. Bu sayede ba\u011f\u0131\u015f\u0131kl\u0131k sistemi, hastal\u0131\u011fa neden olmadan vir\u00fcs\u00fc \u201ctan\u0131may\u0131\u201d \u00f6\u011frenir. Yakla\u015f\u0131k iki hafta i\u00e7inde antikorlar olu\u015fur ve v\u00fccut gribe kar\u015f\u0131 \u00f6nceden gard\u0131n\u0131 alm\u0131\u015f olur.<\/p>\n\n\n\n<p><strong>2. Kas\u0131m ay\u0131 a\u015f\u0131 yapt\u0131rmak i\u00e7in ge\u00e7 mi?<\/strong> Hay\u0131r de\u011fil. Sa\u011fl\u0131k Bakanl\u0131\u011f\u0131 verilerine g\u00f6re Ekim-Kas\u0131m d\u00f6neminde a\u015f\u0131lanmayanlar mart ay\u0131 sonuna kadar a\u015f\u0131lanabilir . Yani Kas\u0131m ay\u0131nda a\u015f\u0131 yapt\u0131rmak ge\u00e7 say\u0131lmaz. Elbette erken olmak avantajl\u0131; ne kadar erken a\u015f\u0131 olursan\u0131z koruman\u0131z o kadar erken ba\u015flar. Ama k\u0131\u015f boyu, mart a kadar grip vir\u00fcs\u00fc hep etraf\u0131m\u0131zdad\u0131r.<\/p>\n\n\n\n<p><strong>3. A\u015f\u0131 olurken nelere dikkat edilmeli?<\/strong> A\u015f\u0131lar her zaman tam te\u015fekk\u00fcll\u00fc bir sa\u011fl\u0131k kurulu\u015funda, hekim kontrol\u00fcnde yap\u0131lmal\u0131d\u0131r . 6 ayl\u0131k ve alt\u0131ndaki bebekler, hamileli\u011fin ilk \u00fc\u00e7 ay\u0131nda olanlar ve ciddi yumurta alerjisi olanlar a\u015f\u0131 yapt\u0131rmamal\u0131d\u0131r. A\u015f\u0131; gripken veya ate\u015fli bir enfeksiyon varken yap\u0131lmamal\u0131d\u0131r. Ayr\u0131ca ba\u011f\u0131\u015f\u0131kl\u0131k sistemini bask\u0131layan ila\u00e7lar kullananlar, kronik hastal\u0131\u011f\u0131 olanlar a\u015f\u0131 \u00f6ncesinde mutlaka doktoruna dan\u0131\u015fmal\u0131d\u0131r.<\/p>\n\n\n\n<p><strong>4. Yan etkiler nelerdir?<\/strong> \u0130\u011fne yerinde a\u011fr\u0131, k\u0131zar\u0131kl\u0131k veya hafif ate\u015f g\u00f6r\u00fcl\u00fcr , v\u00fccudu etkileyen reaksiyonlar ise %1\u2019in alt\u0131nda ve k\u0131sa s\u00fcrelidir.<\/p>\n\n\n\n<p>Grip a\u015f\u0131s\u0131 k\u0131\u015f hastal\u0131klar\u0131n\u0131 \u00e7ok daha rahat ge\u00e7irmemizi sa\u011flar. Grip vir\u00fcs\u00fc her y\u0131l de\u011fi\u015fti\u011fi i\u00e7in, grip a\u015f\u0131s\u0131 her k\u0131\u015f \u00f6ncesi yeniden yap\u0131lmal\u0131d\u0131r. Bir eczac\u0131 olarak \u00f6zellikle s\u0131k hasta olanlara grip a\u015f\u0131s\u0131n\u0131 \u00f6neriyorum, ayr\u0131ca kendim de her sonbahar a\u015f\u0131m\u0131 oluyorum.<\/p>\n\n\n\n<p><strong>Herkese mutlu, sa\u011fl\u0131kl\u0131 g\u00fcnler dilerim.<\/strong><\/p>\n","protected":false},"excerpt":{"rendered":"<p>Merhaba sevgili Akdeniz Haber okurlar\u0131. Bu g\u00fcnk\u00fc yaz\u0131m grip a\u015f\u0131lar\u0131 ile ilgili. \u00c7\u00fcnk\u00fc bu aralar eczanemde en \u00e7ok ald\u0131\u011f\u0131m sorulardan birisi; \u201cA\u015f\u0131 olmak i\u00e7in ge\u00e7 <a href=\"https:\/\/akdenizhaber.com.tr\/index.php\/2025\/11\/06\/grip-asisi-olmak-icin-gec-mi-kaldik\/\" class=\"read-more-link\">[more&#8230;]<\/a><\/p>\n","protected":false},"author":2,"featured_media":30619,"comment_status":"open","ping_status":"open","sticky":false,"template":"","format":"standard","meta":{"footnotes":""},"categories":[1,2],"tags":[],"class_list":["post-30618","post","type-post","status-publish","format-standard","has-post-thumbnail","hentry","category-blog","category-gundem"],"_links":{"self":[{"href":"https:\/\/akdenizhaber.com.tr\/index.php\/wp-json\/wp\/v2\/posts\/30618","targetHints":{"allow":["GET"]}}],"collection":[{"href":"https:\/\/akdenizhaber.com.tr\/index.php\/wp-json\/wp\/v2\/posts"}],"about":[{"href":"https:\/\/akdenizhaber.com.tr\/index.php\/wp-json\/wp\/v2\/types\/post"}],"author":[{"embeddable":true,"href":"https:\/\/akdenizhaber.com.tr\/index.php\/wp-json\/wp\/v2\/users\/2"}],"replies":[{"embeddable":true,"href":"https:\/\/akdenizhaber.com.tr\/index.php\/wp-json\/wp\/v2\/comments?post=30618"}],"version-history":[{"count":1,"href":"https:\/\/akdenizhaber.com.tr\/index.php\/wp-json\/wp\/v2\/posts\/30618\/revisions"}],"predecessor-version":[{"id":30620,"href":"https:\/\/akdenizhaber.com.tr\/index.php\/wp-json\/wp\/v2\/posts\/30618\/revisions\/30620"}],"wp:featuredmedia":[{"embeddable":true,"href":"https:\/\/akdenizhaber.com.tr\/index.php\/wp-json\/wp\/v2\/media\/30619"}],"wp:attachment":[{"href":"https:\/\/akdenizhaber.com.tr\/index.php\/wp-json\/wp\/v2\/media?parent=30618"}],"wp:term":[{"taxonomy":"category","embeddable":true,"href":"https:\/\/akdenizhaber.com.tr\/index.php\/wp-json\/wp\/v2\/categories?post=30618"},{"taxonomy":"post_tag","embeddable":true,"href":"https:\/\/akdenizhaber.com.tr\/index.php\/wp-json\/wp\/v2\/tags?post=30618"}],"curies":[{"name":"wp","href":"https:\/\/api.w.org\/{rel}","templated":true}]}}