{"id":30520,"date":"2025-10-30T16:48:01","date_gmt":"2025-10-30T13:48:01","guid":{"rendered":"https:\/\/akdenizhaber.com.tr\/?p=30520"},"modified":"2025-10-30T16:55:17","modified_gmt":"2025-10-30T13:55:17","slug":"murat-gungor","status":"publish","type":"post","link":"https:\/\/akdenizhaber.com.tr\/index.php\/2025\/10\/30\/murat-gungor\/","title":{"rendered":"MURAT G\u00dcNG\u00d6R.."},"content":{"rendered":"\n<p>Manavgat\u2019\u0131n yeti\u015ftirdi\u011fi, yeti\u015ftirip de T\u00fcrk milletine arma\u011fan etti\u011fi \u00f6rnek bir vatan evlad\u0131, \u00f6rnek bir i\u015f adam\u0131, \u00f6rnek bir e\u015f, \u00f6rnek bir baba.<\/p>\n\n\n\n<figure class=\"wp-block-image size-large is-resized\"><img loading=\"lazy\" decoding=\"async\" width=\"1024\" height=\"1024\" src=\"https:\/\/akdenizhaber.com.tr\/wp-content\/uploads\/2025\/10\/beda7b0e-488f-4b96-8edd-10033e850080-1024x1024.jpg\" alt=\"\" class=\"wp-image-30523\" style=\"width:419px;height:auto\" srcset=\"https:\/\/akdenizhaber.com.tr\/wp-content\/uploads\/2025\/10\/beda7b0e-488f-4b96-8edd-10033e850080-1024x1024.jpg 1024w, https:\/\/akdenizhaber.com.tr\/wp-content\/uploads\/2025\/10\/beda7b0e-488f-4b96-8edd-10033e850080-300x300.jpg 300w, https:\/\/akdenizhaber.com.tr\/wp-content\/uploads\/2025\/10\/beda7b0e-488f-4b96-8edd-10033e850080-150x150.jpg 150w, https:\/\/akdenizhaber.com.tr\/wp-content\/uploads\/2025\/10\/beda7b0e-488f-4b96-8edd-10033e850080-768x768.jpg 768w, https:\/\/akdenizhaber.com.tr\/wp-content\/uploads\/2025\/10\/beda7b0e-488f-4b96-8edd-10033e850080.jpg 1440w\" sizes=\"auto, (max-width: 1024px) 100vw, 1024px\" \/><\/figure>\n\n\n\n<p>Hemen her konuda kendini \u00e7ok iyi yeti\u015ftirmi\u015f, Amerika\u2019n\u0131n ad\u0131 radyolardan duyulup , gazetelerden okundu\u011fu zamanlar da Amerika\u2019da e\u011fitim alm\u0131\u015f say\u0131l\u0131 insanlardan birisi..<\/p>\n\n\n\n<p>Sayg\u0131s\u0131, samimiyeti,i\u00e7ten davran\u0131\u015f\u0131 , ak\u0131c\u0131 T\u00fcrk\u00e7esi, hatas\u0131z \u0130ngilizcesi ile Manavgat\u2019\u0131n parmakla g\u00f6sterilen bir g\u00fczel evlad\u0131; Murat G\u00fcng\u00f6r..<\/p>\n\n\n\n<p>D\u0131\u015far\u0131dan gelen,gelip de Manavgat\u2019a hi\u00e7 bir katk\u0131s\u0131 olmayan ,daldan dala konan ku\u015flar\u0131n, r\u00fczgara g\u00f6re y\u00f6n de\u011fi\u015ftiren f\u0131r\u0131ldaklar\u0131n, g\u00fcne\u015fe g\u00f6re y\u00f6n\u00fcn\u00fc de\u011fi\u015ftiren g\u00fcne bakanlar\u0131n ,alt\u0131n suyuna bat\u0131r\u0131l\u0131p \u00e7\u0131kart\u0131lan tenekelerin, de\u011fer g\u00f6rd\u00fc\u011f\u00fc, adam yerine konuldu\u011fu Manavgat\u2019ta ne yaz\u0131k ki , siyasette , hak etti\u011fi yere getirilmeyen Murat G\u00fcng\u00f6r..<\/p>\n\n\n\n<p>Onda ki bilginin, vatan ,T\u00fcrk milleti, T\u00fcrk bayra\u011f\u0131 sevgisinin, hizmet a\u015fk\u0131n\u0131n binde biri olmayanlar\u0131n adam yerine, siyaset,hatta devlet adam\u0131 yerine konuldu\u011fu g\u00fcn\u00fcm\u00fczde, b\u00f6yle de\u011ferlerin bir kenarda oturmas\u0131 ne Manavgat i\u00e7in,nede T\u00fcrkiye i\u00e7in kabul edilir bir \u015fey de\u011fildir.<\/p>\n\n\n\n<p>Bakmay\u0131n bir kenarda oturdu\u011funa dedi\u011fime, o hi\u00e7 bir zaman bir kenarda oturanlardan de\u011fildir..<\/p>\n\n\n\n<p>O ,atalar\u0131ndan ald\u0131\u011f\u0131 terbiye, i\u015f disiplini, \u00e7al\u0131\u015fma sevgisi ile her zaman i\u015finin ba\u015f\u0131ndad\u0131r..<\/p>\n\n\n\n<p>Onun her hali, ama \u00f6zellikle de i\u015f disiplini , i\u015fine ba\u011fl\u0131l\u0131\u011f\u0131 t\u00fcm okullar da ders olarak okutulacak bir farkl\u0131l\u0131kt\u0131r..<\/p>\n\n\n\n<p>Babalar\u0131n evlatlar\u0131na \u00f6rnek olarak g\u00f6sterebilece\u011fi, o\u011flum i\u015fte \u00f6rnek alaca\u011f\u0131n i\u015f adam\u0131, aile reisi ,T\u00fcrk insan\u0131.. diyebilece\u011fi g\u00fczel bir insan, de\u011ferli bir Manavgat evl\u00e2d\u0131..<\/p>\n\n\n\n<p>\u00c7ocuklu\u011funu , gen\u00e7li\u011fini \u00e7ok iyi bildi\u011fim ..<\/p>\n\n\n\n<p>Yedisinde ne ise yetmi\u015finde o olurun,iyi y\u00f6nde en iyi \u00f6rneklerinden birisi .<\/p>\n\n\n\n<p>\u00c7ocuklu\u011funda ki , gen\u00e7li\u011finde ki \u00fczerinde ta\u015f\u0131d\u0131\u011f\u0131 sevgi sayg\u0131, \u0130stanbul beyefendilik halinde en ufak bir eksilme, de\u011fi\u015fme olmadan, \u00fczerine katarak bu g\u00fcnlere kadar ta\u015f\u0131yan ender insanlardan birisi ..<\/p>\n\n\n\n<p>Arkada\u015fl\u0131\u011f\u0131, dostlu\u011fu \u00e7\u0131kar i\u00e7in de\u011fil,g\u00f6n\u00fclden d\u00fc\u015f\u00fcnen bir g\u00f6n\u00fcl adam\u0131 Murat G\u00fcng\u00f6r..<\/p>\n\n\n\n<p>Onu d\u00fcn akaryak\u0131t almak i\u00e7in durdu\u011fum BP istasyonunda, her zaman ki gibi i\u015finin ba\u015f\u0131nda buldum, oturup kahve i\u00e7ip sohbet ettik. \u0130\u00e7inde bitmek bilmeyen T\u00fcrkiye, Manavgat sevgisi..<\/p>\n\n\n\n<p>Manavgat\u2019a hizmet etme a\u015fk\u0131 hi\u00e7 azalmam\u0131\u015f aksine artm\u0131\u015f \u00e7o\u011falm\u0131\u015f..<\/p>\n\n\n\n<p>Siyaset adamlar\u0131n\u0131n ger\u00e7ek siyaset adam\u0131,liderin ger\u00e7ek lider oldu\u011fu zamanlarda siyasetin i\u00e7inde olan,ula\u015f\u0131lmas\u0131 zor olan y\u00fcksek makamlara kolayca ula\u015fan, efsane lider S\u00fcleyman Demirel\u2019in yan\u0131nda siyaset yapan, Manavgat i\u00e7in bir \u00e7ok hizmetlerin gelmesine \u00f6n ayak olan Murat G\u00fcng\u00f6r\u2019e Manavgat\u2019\u0131n, T\u00fcrkiye\u2019nin ihtiyac\u0131 vard\u0131r..<\/p>\n\n\n\n<p>\u00dczerinde ta\u015f\u0131d\u0131\u011f\u0131 bunca de\u011ferli vas\u0131flarla, bilgi ve birikimlerle Murat G\u00fcng\u00f6r\u2019\u00fcn bir kenar da oturmaya hakk\u0131 yoktur, yeti\u015fmi\u015f , \u00e7ok iyi yeti\u015fmi\u015f b\u00f6yle bir de\u011ferin hem Manavgat\u2019a hem de T\u00fcrkiye\u2019 ye verece\u011fi \u00e7ok \u015feyler vard\u0131r diyorum..<\/p>\n\n\n\n<p>Allah sa\u011fl\u0131k ve s\u0131hhat dolu g\u00fcnler nasip etsin sevgili karde\u015fim..,<\/p>\n\n\n\n<p>Kal\u0131n sa\u011fl\u0131cakla..<\/p>\n","protected":false},"excerpt":{"rendered":"<p>Manavgat\u2019\u0131n yeti\u015ftirdi\u011fi, yeti\u015ftirip de T\u00fcrk milletine arma\u011fan etti\u011fi \u00f6rnek bir vatan evlad\u0131, \u00f6rnek bir i\u015f adam\u0131, \u00f6rnek bir e\u015f, \u00f6rnek bir baba. Hemen her konuda <a href=\"https:\/\/akdenizhaber.com.tr\/index.php\/2025\/10\/30\/murat-gungor\/\" class=\"read-more-link\">[more&#8230;]<\/a><\/p>\n","protected":false},"author":2,"featured_media":30521,"comment_status":"open","ping_status":"open","sticky":false,"template":"","format":"standard","meta":{"footnotes":""},"categories":[1,2],"tags":[],"class_list":["post-30520","post","type-post","status-publish","format-standard","has-post-thumbnail","hentry","category-blog","category-gundem"],"_links":{"self":[{"href":"https:\/\/akdenizhaber.com.tr\/index.php\/wp-json\/wp\/v2\/posts\/30520","targetHints":{"allow":["GET"]}}],"collection":[{"href":"https:\/\/akdenizhaber.com.tr\/index.php\/wp-json\/wp\/v2\/posts"}],"about":[{"href":"https:\/\/akdenizhaber.com.tr\/index.php\/wp-json\/wp\/v2\/types\/post"}],"author":[{"embeddable":true,"href":"https:\/\/akdenizhaber.com.tr\/index.php\/wp-json\/wp\/v2\/users\/2"}],"replies":[{"embeddable":true,"href":"https:\/\/akdenizhaber.com.tr\/index.php\/wp-json\/wp\/v2\/comments?post=30520"}],"version-history":[{"count":2,"href":"https:\/\/akdenizhaber.com.tr\/index.php\/wp-json\/wp\/v2\/posts\/30520\/revisions"}],"predecessor-version":[{"id":30525,"href":"https:\/\/akdenizhaber.com.tr\/index.php\/wp-json\/wp\/v2\/posts\/30520\/revisions\/30525"}],"wp:featuredmedia":[{"embeddable":true,"href":"https:\/\/akdenizhaber.com.tr\/index.php\/wp-json\/wp\/v2\/media\/30521"}],"wp:attachment":[{"href":"https:\/\/akdenizhaber.com.tr\/index.php\/wp-json\/wp\/v2\/media?parent=30520"}],"wp:term":[{"taxonomy":"category","embeddable":true,"href":"https:\/\/akdenizhaber.com.tr\/index.php\/wp-json\/wp\/v2\/categories?post=30520"},{"taxonomy":"post_tag","embeddable":true,"href":"https:\/\/akdenizhaber.com.tr\/index.php\/wp-json\/wp\/v2\/tags?post=30520"}],"curies":[{"name":"wp","href":"https:\/\/api.w.org\/{rel}","templated":true}]}}