{"id":30503,"date":"2025-10-30T16:32:53","date_gmt":"2025-10-30T13:32:53","guid":{"rendered":"https:\/\/akdenizhaber.com.tr\/?p=30503"},"modified":"2025-10-30T16:32:54","modified_gmt":"2025-10-30T13:32:54","slug":"buyuksehir-yagis-ve-firtinadan-zarar-goren-ureticinin-yaninda","status":"publish","type":"post","link":"https:\/\/akdenizhaber.com.tr\/index.php\/2025\/10\/30\/buyuksehir-yagis-ve-firtinadan-zarar-goren-ureticinin-yaninda\/","title":{"rendered":"B\u00fcy\u00fck\u015fehir ya\u011f\u0131\u015f ve f\u0131rt\u0131nadan zarar g\u00f6ren \u00fcreticinin yan\u0131nda"},"content":{"rendered":"\n<p>Antalya B\u00fcy\u00fck\u015fehir Belediyesi Tar\u0131msal Hizmetler Dairesi Ba\u015fkanl\u0131\u011f\u0131 ekipleri, 23 Ekim Per\u015fembe g\u00fcn\u00fc Serik\u2019in Yukar\u0131kocayatak Mahallesi\u2019nde etkili olan \u015fiddetli ya\u011f\u0131\u015f ve f\u0131rt\u0131nan\u0131n ard\u0131ndan sahada hasar tespit \u00e7al\u0131\u015fmalar\u0131na ba\u015flad\u0131. Ekipler, \u00fcreticilerin ma\u011fduriyetini belirlemek ve s\u00fcrece h\u0131zl\u0131 destek sa\u011flamak amac\u0131yla b\u00f6lgede incelemelerini s\u00fcrd\u00fcr\u00fcyor.<\/p>\n\n\n\n<p>Tar\u0131msal Hizmetler Dairesi Ba\u015fkanl\u0131\u011f\u0131 ekipleri, afetin hemen sonras\u0131nda seralarda ve tar\u0131msal alanlarda ilk de\u011ferlendirmeleri yaparak zarar g\u00f6ren b\u00f6lgeleri kay\u0131t alt\u0131na ald\u0131. \u00c7al\u0131\u015fmalar kapsam\u0131nda hasarlar tek tek raporlan\u0131yor.<\/p>\n\n\n\n<p>\u00dcRET\u0130C\u0130LER\u0130M\u0130Z\u0130N YANINDAYIZ<\/p>\n\n\n\n<p>\u00c7al\u0131\u015fmalar hakk\u0131nda bilgi veren Ziraat M\u00fchendisi Nida Kalkan, \u201cSerik il\u00e7emize ba\u011fl\u0131 Yukar\u0131kocayatak Mahallesi\u2019nde hasar tespit \u00e7al\u0131\u015fmalar\u0131m\u0131z\u0131 s\u00fcrd\u00fcr\u00fcyoruz. 23 Ekim g\u00fcn\u00fc meydana gelen ya\u011f\u0131\u015f ve f\u0131rt\u0131nadan kaynakl\u0131 zararlardan dolay\u0131 vatanda\u015flar\u0131m\u0131za destek olabilmek i\u00e7in yanlar\u0131nday\u0131z. Seralarda ciddi hasarlar tespit ettik. Hasar tespit \u00e7al\u0131\u015fmalar\u0131m\u0131z ilerleyen g\u00fcnlerde devam edecektir.\u201d dedi.<\/p>\n\n\n\n<p>\u00dcRET\u0130C\u0130LERDEN TE\u015eEKK\u00dcR<\/p>\n\n\n\n<p>\u00c7ocukluk ya\u015flar\u0131ndan beri tar\u0131mla u\u011fra\u015fan ve mevki i\u00e7inde seras\u0131 zarar g\u00f6ren Bekir Sogay, hasar tespit s\u00fcrecindeki h\u0131zl\u0131 \u00e7al\u0131\u015fma i\u00e7in sahadaki ekiplere ve Antalya B\u00fcy\u00fck\u015fehir Belediyesi\u2019ne te\u015fekk\u00fcr etti.<\/p>\n\n\n\n<p>Antalya B\u00fcy\u00fck\u015fehir Belediyesi \/ B\u00fclten<\/p>\n","protected":false},"excerpt":{"rendered":"<p>Antalya B\u00fcy\u00fck\u015fehir Belediyesi Tar\u0131msal Hizmetler Dairesi Ba\u015fkanl\u0131\u011f\u0131 ekipleri, 23 Ekim Per\u015fembe g\u00fcn\u00fc Serik\u2019in Yukar\u0131kocayatak Mahallesi\u2019nde etkili olan \u015fiddetli ya\u011f\u0131\u015f ve f\u0131rt\u0131nan\u0131n ard\u0131ndan sahada hasar tespit <a href=\"https:\/\/akdenizhaber.com.tr\/index.php\/2025\/10\/30\/buyuksehir-yagis-ve-firtinadan-zarar-goren-ureticinin-yaninda\/\" class=\"read-more-link\">[more&#8230;]<\/a><\/p>\n","protected":false},"author":2,"featured_media":30504,"comment_status":"open","ping_status":"open","sticky":false,"template":"","format":"standard","meta":{"footnotes":""},"categories":[2],"tags":[],"class_list":["post-30503","post","type-post","status-publish","format-standard","has-post-thumbnail","hentry","category-gundem"],"_links":{"self":[{"href":"https:\/\/akdenizhaber.com.tr\/index.php\/wp-json\/wp\/v2\/posts\/30503","targetHints":{"allow":["GET"]}}],"collection":[{"href":"https:\/\/akdenizhaber.com.tr\/index.php\/wp-json\/wp\/v2\/posts"}],"about":[{"href":"https:\/\/akdenizhaber.com.tr\/index.php\/wp-json\/wp\/v2\/types\/post"}],"author":[{"embeddable":true,"href":"https:\/\/akdenizhaber.com.tr\/index.php\/wp-json\/wp\/v2\/users\/2"}],"replies":[{"embeddable":true,"href":"https:\/\/akdenizhaber.com.tr\/index.php\/wp-json\/wp\/v2\/comments?post=30503"}],"version-history":[{"count":1,"href":"https:\/\/akdenizhaber.com.tr\/index.php\/wp-json\/wp\/v2\/posts\/30503\/revisions"}],"predecessor-version":[{"id":30505,"href":"https:\/\/akdenizhaber.com.tr\/index.php\/wp-json\/wp\/v2\/posts\/30503\/revisions\/30505"}],"wp:featuredmedia":[{"embeddable":true,"href":"https:\/\/akdenizhaber.com.tr\/index.php\/wp-json\/wp\/v2\/media\/30504"}],"wp:attachment":[{"href":"https:\/\/akdenizhaber.com.tr\/index.php\/wp-json\/wp\/v2\/media?parent=30503"}],"wp:term":[{"taxonomy":"category","embeddable":true,"href":"https:\/\/akdenizhaber.com.tr\/index.php\/wp-json\/wp\/v2\/categories?post=30503"},{"taxonomy":"post_tag","embeddable":true,"href":"https:\/\/akdenizhaber.com.tr\/index.php\/wp-json\/wp\/v2\/tags?post=30503"}],"curies":[{"name":"wp","href":"https:\/\/api.w.org\/{rel}","templated":true}]}}