{"id":30481,"date":"2025-10-27T15:57:33","date_gmt":"2025-10-27T12:57:33","guid":{"rendered":"https:\/\/akdenizhaber.com.tr\/?p=30481"},"modified":"2025-10-27T15:57:50","modified_gmt":"2025-10-27T12:57:50","slug":"ozel-egitim-merkezinde-cumhuriyet-coskusu","status":"publish","type":"post","link":"https:\/\/akdenizhaber.com.tr\/index.php\/2025\/10\/27\/ozel-egitim-merkezinde-cumhuriyet-coskusu\/","title":{"rendered":"\u00d6zel E\u011fitim Merkezinde Cumhuriyet Co\u015fkusu"},"content":{"rendered":"\n<p>Manavgat \u00d6zel E\u011fitim Rehabilitasyon Merkezi 29 Ekim Cumhuriyet Bayram\u0131n\u0131n 102. Y\u0131l\u0131n\u0131 okulda d\u00fczenlenen etkinlikle co\u015fkuyla kutlad\u0131.<\/p>\n\n\n\n<p>\u00d6\u011frencilerin, \u00f6\u011fretmenlerin, okul y\u00f6netimi ve velilerin kat\u0131l\u0131m\u0131 ile ger\u00e7ekle\u015fen etkinlikte \u00f6\u011frenciler heyecanl\u0131 saatler ya\u015fad\u0131lar.<\/p>\n\n\n\n<p>Okul kurucusu \u00d6zhan Deniz ve kurum m\u00fcd\u00fcr\u00fc Bahar \u015eahin\u2019in e\u015flik etti\u011fi etkinlikte \u00f6\u011fretmenlerin haz\u0131rlad\u0131\u011f\u0131 kutlama program\u0131 ile Cumhuriyet Bayram\u0131n\u0131n kutlanmas\u0131 g\u00fczel sahnelere tan\u0131k oldu.<\/p>\n\n\n\n<p>Manavgat \u00d6zel E\u011fitim Rehabilitasyon Merkezi kurum m\u00fcd\u00fcr\u00fc Bahar \u015eahin, Mustafa Kemal Atat\u00fcrk\u2019\u00fcn T\u00fcrk ulunsa en b\u00fcy\u00fck arma\u011fan\u0131 olan Cumhuriyetimize sahip \u00e7\u0131kman\u0131n mutlulu\u011funu \u00f6\u011frencileri ile ya\u015famaktan b\u00fcy\u00fck mutluluk ve onur duyduklar\u0131n\u0131 s\u00f6yleyerek \u201cKurum \u00f6\u011fretmenlerimize, velilerimize, okul kurucumuz \u00d6zhan Deniz ve \u00f6\u011frencilerimize y\u00fcrekten te\u015fekk\u00fcr ediyorum.. Ne mutlu Cumhuriyetin evlatlar\u0131na\u201d dedi.<\/p>\n\n\n\n<p>B\u00fc\u015fra Deveci \/ Haber<\/p>\n\n\n\n<p><\/p>\n","protected":false},"excerpt":{"rendered":"<p>Manavgat \u00d6zel E\u011fitim Rehabilitasyon Merkezi 29 Ekim Cumhuriyet Bayram\u0131n\u0131n 102. Y\u0131l\u0131n\u0131 okulda d\u00fczenlenen etkinlikle co\u015fkuyla kutlad\u0131. \u00d6\u011frencilerin, \u00f6\u011fretmenlerin, okul y\u00f6netimi ve velilerin kat\u0131l\u0131m\u0131 ile ger\u00e7ekle\u015fen <a href=\"https:\/\/akdenizhaber.com.tr\/index.php\/2025\/10\/27\/ozel-egitim-merkezinde-cumhuriyet-coskusu\/\" class=\"read-more-link\">[more&#8230;]<\/a><\/p>\n","protected":false},"author":2,"featured_media":30482,"comment_status":"open","ping_status":"open","sticky":false,"template":"","format":"standard","meta":{"footnotes":""},"categories":[2],"tags":[],"class_list":["post-30481","post","type-post","status-publish","format-standard","has-post-thumbnail","hentry","category-gundem"],"_links":{"self":[{"href":"https:\/\/akdenizhaber.com.tr\/index.php\/wp-json\/wp\/v2\/posts\/30481","targetHints":{"allow":["GET"]}}],"collection":[{"href":"https:\/\/akdenizhaber.com.tr\/index.php\/wp-json\/wp\/v2\/posts"}],"about":[{"href":"https:\/\/akdenizhaber.com.tr\/index.php\/wp-json\/wp\/v2\/types\/post"}],"author":[{"embeddable":true,"href":"https:\/\/akdenizhaber.com.tr\/index.php\/wp-json\/wp\/v2\/users\/2"}],"replies":[{"embeddable":true,"href":"https:\/\/akdenizhaber.com.tr\/index.php\/wp-json\/wp\/v2\/comments?post=30481"}],"version-history":[{"count":2,"href":"https:\/\/akdenizhaber.com.tr\/index.php\/wp-json\/wp\/v2\/posts\/30481\/revisions"}],"predecessor-version":[{"id":30484,"href":"https:\/\/akdenizhaber.com.tr\/index.php\/wp-json\/wp\/v2\/posts\/30481\/revisions\/30484"}],"wp:featuredmedia":[{"embeddable":true,"href":"https:\/\/akdenizhaber.com.tr\/index.php\/wp-json\/wp\/v2\/media\/30482"}],"wp:attachment":[{"href":"https:\/\/akdenizhaber.com.tr\/index.php\/wp-json\/wp\/v2\/media?parent=30481"}],"wp:term":[{"taxonomy":"category","embeddable":true,"href":"https:\/\/akdenizhaber.com.tr\/index.php\/wp-json\/wp\/v2\/categories?post=30481"},{"taxonomy":"post_tag","embeddable":true,"href":"https:\/\/akdenizhaber.com.tr\/index.php\/wp-json\/wp\/v2\/tags?post=30481"}],"curies":[{"name":"wp","href":"https:\/\/api.w.org\/{rel}","templated":true}]}}