{"id":30421,"date":"2025-10-23T16:36:45","date_gmt":"2025-10-23T13:36:45","guid":{"rendered":"https:\/\/akdenizhaber.com.tr\/?p=30421"},"modified":"2025-10-23T16:36:45","modified_gmt":"2025-10-23T13:36:45","slug":"belediye-personeli-ve-turizm-calisanlarina-afaddan-uygulamali-egitim","status":"publish","type":"post","link":"https:\/\/akdenizhaber.com.tr\/index.php\/2025\/10\/23\/belediye-personeli-ve-turizm-calisanlarina-afaddan-uygulamali-egitim\/","title":{"rendered":"Belediye Personeli ve Turizm \u00c7al\u0131\u015fanlar\u0131na AFAD\u2019dan Uygulamal\u0131 E\u011fitim"},"content":{"rendered":"\n<p>Afet ve Acil Durum Y\u00f6netimi Ba\u015fkanl\u0131\u011f\u0131 (AFAD) taraf\u0131ndan, 6331 say\u0131l\u0131 \u0130\u015f Sa\u011fl\u0131\u011f\u0131 ve G\u00fcvenli\u011fi Kanunu kapsam\u0131nda Manavgat Belediyesi personeli ile turizm sekt\u00f6r\u00fc \u00e7al\u0131\u015fanlar\u0131na y\u00f6nelik \u201cAcil Durum Ekipleri E\u011fitimi\u201d d\u00fczenlendi.<\/p>\n\n\n\n<p>Atat\u00fcrk K\u00fclt\u00fcr Merkezi\u2019nde ger\u00e7ekle\u015ftirilen e\u011fitim program\u0131nda, kat\u0131l\u0131mc\u0131lara afet ve acil durumlarda yap\u0131lmas\u0131 gereken temel uygulamalar, yang\u0131n s\u00f6nd\u00fcrme cihazlar\u0131n\u0131n do\u011fru kullan\u0131m\u0131, tahliye y\u00f6ntemleri ve ilk m\u00fcdahale prensipleri hem teorik hem de uygulamal\u0131 olarak aktar\u0131ld\u0131.<\/p>\n\n\n\n<p>Manavgat Belediyesi Afet \u0130\u015fleri M\u00fcd\u00fcr\u00fc T\u00fcrker Manav, afet bilincinin toplumun her kesiminde yayg\u0131nla\u015ft\u0131r\u0131lmas\u0131 ve \u00e7al\u0131\u015fanlar\u0131n acil durumlara haz\u0131rl\u0131kl\u0131 hale getirilmesi amac\u0131yla d\u00fczenlenen e\u011fitimlerin s\u00fcrece\u011fini belirtti.<\/p>\n\n\n\n<p>Manavgat Belediyesi \/ B\u00fclten<\/p>\n","protected":false},"excerpt":{"rendered":"<p>Afet ve Acil Durum Y\u00f6netimi Ba\u015fkanl\u0131\u011f\u0131 (AFAD) taraf\u0131ndan, 6331 say\u0131l\u0131 \u0130\u015f Sa\u011fl\u0131\u011f\u0131 ve G\u00fcvenli\u011fi Kanunu kapsam\u0131nda Manavgat Belediyesi personeli ile turizm sekt\u00f6r\u00fc \u00e7al\u0131\u015fanlar\u0131na y\u00f6nelik \u201cAcil <a href=\"https:\/\/akdenizhaber.com.tr\/index.php\/2025\/10\/23\/belediye-personeli-ve-turizm-calisanlarina-afaddan-uygulamali-egitim\/\" class=\"read-more-link\">[more&#8230;]<\/a><\/p>\n","protected":false},"author":2,"featured_media":30422,"comment_status":"open","ping_status":"open","sticky":false,"template":"","format":"standard","meta":{"footnotes":""},"categories":[2],"tags":[],"class_list":["post-30421","post","type-post","status-publish","format-standard","has-post-thumbnail","hentry","category-gundem"],"_links":{"self":[{"href":"https:\/\/akdenizhaber.com.tr\/index.php\/wp-json\/wp\/v2\/posts\/30421","targetHints":{"allow":["GET"]}}],"collection":[{"href":"https:\/\/akdenizhaber.com.tr\/index.php\/wp-json\/wp\/v2\/posts"}],"about":[{"href":"https:\/\/akdenizhaber.com.tr\/index.php\/wp-json\/wp\/v2\/types\/post"}],"author":[{"embeddable":true,"href":"https:\/\/akdenizhaber.com.tr\/index.php\/wp-json\/wp\/v2\/users\/2"}],"replies":[{"embeddable":true,"href":"https:\/\/akdenizhaber.com.tr\/index.php\/wp-json\/wp\/v2\/comments?post=30421"}],"version-history":[{"count":1,"href":"https:\/\/akdenizhaber.com.tr\/index.php\/wp-json\/wp\/v2\/posts\/30421\/revisions"}],"predecessor-version":[{"id":30423,"href":"https:\/\/akdenizhaber.com.tr\/index.php\/wp-json\/wp\/v2\/posts\/30421\/revisions\/30423"}],"wp:featuredmedia":[{"embeddable":true,"href":"https:\/\/akdenizhaber.com.tr\/index.php\/wp-json\/wp\/v2\/media\/30422"}],"wp:attachment":[{"href":"https:\/\/akdenizhaber.com.tr\/index.php\/wp-json\/wp\/v2\/media?parent=30421"}],"wp:term":[{"taxonomy":"category","embeddable":true,"href":"https:\/\/akdenizhaber.com.tr\/index.php\/wp-json\/wp\/v2\/categories?post=30421"},{"taxonomy":"post_tag","embeddable":true,"href":"https:\/\/akdenizhaber.com.tr\/index.php\/wp-json\/wp\/v2\/tags?post=30421"}],"curies":[{"name":"wp","href":"https:\/\/api.w.org\/{rel}","templated":true}]}}